{"id":3615,"date":"2026-02-11T20:56:58","date_gmt":"2026-02-11T23:56:58","guid":{"rendered":"https:\/\/oexpressobr.com.br\/?p=3615"},"modified":"2026-02-11T20:56:59","modified_gmt":"2026-02-11T23:56:59","slug":"justica-rejeita-acoes-de-damares-e-kataguiri-contra-enredo-sobre-lula-na-sapucai","status":"publish","type":"post","link":"https:\/\/oexpressobr.com.br\/?p=3615","title":{"rendered":"Justi\u00e7a rejeita a\u00e7\u00f5es de Damares e Kataguiri contra enredo sobre Lula na Sapuca\u00ed"},"content":{"rendered":"\n<p class=\"wp-block-paragraph\">\u200bA Justi\u00e7a Federal decidiu, nesta quarta-feira (11), extinguir duas a\u00e7\u00f5es populares movidas pela senadora <strong>Damares Alves (Republicanos-DF)<\/strong> e pelo deputado federal <strong>Kim Kataguiri (Uni\u00e3o-SP)<\/strong>. Os parlamentares buscavam barrar o desfile da escola de samba <strong>Acad\u00eamicos de Niter\u00f3i<\/strong>, que homenagear\u00e1 o presidente <strong>Luiz In\u00e1cio Lula da Silva<\/strong> no Carnaval de 2026.<\/p>\n\n\n\n<p class=\"wp-block-paragraph\">\u200bO juiz federal Francisco Valle Brum, da 21\u00aa Vara Federal C\u00edvel do Distrito Federal, indeferiu os pedidos por considerar a via judicial inadequada. Segundo o magistrado, a a\u00e7\u00e3o popular exige a comprova\u00e7\u00e3o de dano efetivo ao patrim\u00f4nio p\u00fablico, o que n\u00e3o foi demonstrado nos processos. Brum classificou as alega\u00e7\u00f5es dos parlamentares como baseadas no &#8220;campo da especula\u00e7\u00e3o&#8221;.<\/p>\n\n\n\n<h3 class=\"wp-block-heading\">\u200bOs argumentos da oposi\u00e7\u00e3o<\/h3>\n\n\n\n<p class=\"wp-block-paragraph\">\u200bA ofensiva jur\u00eddica da oposi\u00e7\u00e3o focava em dois pilares principais: o uso de verbas p\u00fablicas e a suposta propaganda eleitoral antecipada.<\/p>\n\n\n\n<ul class=\"wp-block-list\">\n<li>\u200b<strong>Damares Alves:<\/strong> A senadora solicitava que a Justi\u00e7a proibisse &#8220;ataques pessoais&#8221; ao ex-presidente Jair Bolsonaro durante o desfile e chegou a pedir o veto \u00e0 transmiss\u00e3o televisiva caso a escola fizesse manifesta\u00e7\u00f5es pol\u00edtico-eleitorais, sob pena de multa.<\/li>\n\n\n\n<li>\u200b<strong>Kim Kataguiri:<\/strong> O deputado questionava um Termo de Coopera\u00e7\u00e3o da <strong>Embratur<\/strong> com a <strong>Liesa<\/strong> (Liga Independente das Escolas de Samba), no valor total de R$ 12 milh\u00f5es, destinado \u00e0s agremia\u00e7\u00f5es do Grupo Especial. Kataguiri pedia a suspens\u00e3o dos repasses para a Acad\u00eamicos de Niter\u00f3i, alegando desvio de finalidade.<\/li>\n<\/ul>\n\n\n\n<h3 class=\"wp-block-heading\">\u200bO enredo da pol\u00eamica<\/h3>\n\n\n\n<p class=\"wp-block-paragraph\">\u200bEstreante no Grupo Especial do Rio de Janeiro, a Acad\u00eamicos de Niter\u00f3i abrir\u00e1 os desfiles no domingo, dia 15 de fevereiro. O enredo <strong>&#8220;Do alto do mulungu surge a esperan\u00e7a: Lula, o oper\u00e1rio do Brasil&#8221;<\/strong> reconta a trajet\u00f3ria do petista desde a inf\u00e2ncia no sert\u00e3o pernambucano at\u00e9 a ascens\u00e3o pol\u00edtica, utilizando o olhar de sua m\u00e3e, Dona Lindu, como fio condutor.<\/p>\n\n\n\n<blockquote class=\"wp-block-quote is-layout-flow wp-block-quote-is-layout-flow\">\n<p class=\"wp-block-paragraph\">\u200b&#8221;A a\u00e7\u00e3o popular n\u00e3o \u00e9 instrumento para impor obriga\u00e7\u00f5es de &#8216;fazer ou n\u00e3o fazer&#8217;, fun\u00e7\u00e3o t\u00edpica da a\u00e7\u00e3o civil p\u00fablica&#8221;, destacou o juiz na senten\u00e7a.<\/p>\n<\/blockquote>\n\n\n\n<h3 class=\"wp-block-heading\">\u200bEmbate no TSE<\/h3>\n\n\n\n<p class=\"wp-block-paragraph\">\u200bApesar da vit\u00f3ria governista na esfera federal, o caso ainda repercute no <strong>Tribunal Superior Eleitoral (TSE)<\/strong>. O <strong>Partido Novo<\/strong> protocolou uma representa\u00e7\u00e3o acusando a agremia\u00e7\u00e3o e o presidente de propaganda antecipada, solicitando uma multa de <strong>R$ 9,65 milh\u00f5es<\/strong>. O partido alega que o samba-enredo utiliza express\u00f5es que equivalem a pedidos de voto e faz alus\u00f5es diretas ao n\u00famero da legenda e a jingles de campanha.<\/p>\n\n\n\n<p class=\"wp-block-paragraph\"><\/p>\n","protected":false},"excerpt":{"rendered":"<p>\u200bA Justi\u00e7a Federal decidiu, nesta quarta-feira (11), extinguir duas a\u00e7\u00f5es populares movidas pela senadora Damares Alves (Republicanos-DF) e pelo deputado federal Kim Kataguiri (Uni\u00e3o-SP). Os [&#8230;]<\/p>\n","protected":false},"author":1,"featured_media":3616,"comment_status":"open","ping_status":"open","sticky":false,"template":"","format":"standard","meta":{"_crdt_document":"","_jetpack_memberships_contains_paid_content":false,"footnotes":"","jetpack_publicize_message":"","jetpack_publicize_feature_enabled":true,"jetpack_social_post_already_shared":true,"jetpack_social_options":{"image_generator_settings":{"template":"highway","default_image_id":0,"font":"","enabled":false},"version":2}},"categories":[8],"tags":[],"class_list":["post-3615","post","type-post","status-publish","format-standard","has-post-thumbnail","hentry","category-judiciario"],"jetpack_publicize_connections":[],"jetpack_featured_media_url":"https:\/\/i0.wp.com\/oexpressobr.com.br\/wp-content\/uploads\/2026\/02\/IMG-20260211-WA0199.jpg?fit=1080%2C1350&ssl=1","jetpack_likes_enabled":true,"jetpack_sharing_enabled":true,"_links":{"self":[{"href":"https:\/\/oexpressobr.com.br\/index.php?rest_route=\/wp\/v2\/posts\/3615","targetHints":{"allow":["GET"]}}],"collection":[{"href":"https:\/\/oexpressobr.com.br\/index.php?rest_route=\/wp\/v2\/posts"}],"about":[{"href":"https:\/\/oexpressobr.com.br\/index.php?rest_route=\/wp\/v2\/types\/post"}],"author":[{"embeddable":true,"href":"https:\/\/oexpressobr.com.br\/index.php?rest_route=\/wp\/v2\/users\/1"}],"replies":[{"embeddable":true,"href":"https:\/\/oexpressobr.com.br\/index.php?rest_route=%2Fwp%2Fv2%2Fcomments&post=3615"}],"version-history":[{"count":1,"href":"https:\/\/oexpressobr.com.br\/index.php?rest_route=\/wp\/v2\/posts\/3615\/revisions"}],"predecessor-version":[{"id":3617,"href":"https:\/\/oexpressobr.com.br\/index.php?rest_route=\/wp\/v2\/posts\/3615\/revisions\/3617"}],"wp:featuredmedia":[{"embeddable":true,"href":"https:\/\/oexpressobr.com.br\/index.php?rest_route=\/wp\/v2\/media\/3616"}],"wp:attachment":[{"href":"https:\/\/oexpressobr.com.br\/index.php?rest_route=%2Fwp%2Fv2%2Fmedia&parent=3615"}],"wp:term":[{"taxonomy":"category","embeddable":true,"href":"https:\/\/oexpressobr.com.br\/index.php?rest_route=%2Fwp%2Fv2%2Fcategories&post=3615"},{"taxonomy":"post_tag","embeddable":true,"href":"https:\/\/oexpressobr.com.br\/index.php?rest_route=%2Fwp%2Fv2%2Ftags&post=3615"}],"curies":[{"name":"wp","href":"https:\/\/api.w.org\/{rel}","templated":true}]}}