{"id":362,"date":"2025-12-04T22:04:22","date_gmt":"2025-12-05T01:04:22","guid":{"rendered":"https:\/\/oexpressobr.com.br\/?p=362"},"modified":"2025-12-04T22:04:24","modified_gmt":"2025-12-05T01:04:24","slug":"congresso-e-governo-fecham-acordo-na-ldo-2026-e-executivo-podera-perseguir-piso-da-meta-fiscal","status":"publish","type":"post","link":"https:\/\/oexpressobr.com.br\/?p=362","title":{"rendered":"Congresso e Governo Fecham Acordo na LDO 2026 e Executivo Poder\u00e1 Perseguir Piso da Meta Fiscal"},"content":{"rendered":"\n<p class=\"wp-block-paragraph\">O Congresso Nacional aprovou nesta quinta-feira (4) a Lei de Diretrizes Or\u00e7ament\u00e1rias (LDO) de 2026, com uma s\u00e9rie de novidades que balizam a elabora\u00e7\u00e3o do Or\u00e7amento do pr\u00f3ximo ano. O texto, que agora segue para a san\u00e7\u00e3o presidencial, estabelece diretrizes fiscais e imp\u00f5e regras para a execu\u00e7\u00e3o de emendas parlamentares, marcando um entendimento entre o Legislativo e o Executivo em um ano que antecede as elei\u00e7\u00f5es.<\/p>\n\n\n\n<h3 class=\"wp-block-heading\">\u200bFlexibilidade na Meta Fiscal<\/h3>\n\n\n\n<p class=\"wp-block-paragraph\">\u200bUm dos pontos centrais da LDO 2026 \u00e9 a flexibiliza\u00e7\u00e3o da meta fiscal do Governo Central, que prev\u00ea um super\u00e1vit de <strong>R$ 34,3 bilh\u00f5es<\/strong>, o equivalente a <strong>0,25% do Produto Interno Bruto (PIB)<\/strong>. Com a aprova\u00e7\u00e3o, o governo fica autorizado a perseguir o piso da margem de toler\u00e2ncia do alvo fiscal.<\/p>\n\n\n\n<p class=\"wp-block-paragraph\">\u200bIsso significa que, na pr\u00e1tica, o Executivo poder\u00e1 fechar 2026 com um resultado prim\u00e1rio de at\u00e9 <strong>zero<\/strong> (d\u00e9ficit zero ou equil\u00edbrio nas contas) sem descumprir o arcabou\u00e7o fiscal, j\u00e1 que o limite de toler\u00e2ncia \u00e9 de 0,25% do PIB para baixo. A decis\u00e3o \u00e9 vista por analistas como um al\u00edvio nas press\u00f5es por contingenciamento de gastos em um ano eleitoral.<\/p>\n\n\n\n<ul class=\"wp-block-list\">\n<li>\u200b<strong>Meta Central:<\/strong> Super\u00e1vit de 0,25% do PIB.<\/li>\n\n\n\n<li>\u200b<strong>Margem de Flexibilidade:<\/strong> Permite que o governo persiga o piso da meta, ou seja, pode ter resultado prim\u00e1rio zero.<\/li>\n\n\n\n<li>\u200b<strong>Exce\u00e7\u00e3o para Estatais:<\/strong> O texto cria ainda uma exce\u00e7\u00e3o de at\u00e9 <strong>R$ 10 bilh\u00f5es<\/strong> \u00e0 meta fiscal das empresas estatais, o que, segundo o ministro da Fazenda, Fernando Haddad, \u00e9 uma &#8220;medida preventiva&#8221; para acomodar eventuais despesas extras, como a crise financeira dos Correios.<\/li>\n<\/ul>\n\n\n\n<h3 class=\"wp-block-heading\">\u200bObrigatoriedade no Calend\u00e1rio de Emendas<\/h3>\n\n\n\n<p class=\"wp-block-paragraph\">\u200bO Congresso tamb\u00e9m inseriu no texto regras estritas sobre o calend\u00e1rio de execu\u00e7\u00e3o das emendas parlamentares. Para garantir a libera\u00e7\u00e3o dos recursos antes do per\u00edodo eleitoral de 2026, o Legislativo imp\u00f4s a obrigatoriedade de o governo executar <strong>65%<\/strong> do valor das emendas individuais e de bancadas estaduais at\u00e9 o <strong>fim do primeiro semestre<\/strong> do pr\u00f3ximo ano.<\/p>\n\n\n\n<p class=\"wp-block-paragraph\">\u200bA regra, que visa acelerar o repasse de verbas federais para obras e projetos nos estados e munic\u00edpios, vale para as emendas de execu\u00e7\u00e3o obrigat\u00f3ria, como as destinadas a fundos de sa\u00fade, assist\u00eancia social e as chamadas &#8220;emendas PIX&#8221;. A medida foi negociada em meio a cr\u00edticas sobre a baixa execu\u00e7\u00e3o das emendas neste ano.<\/p>\n\n\n\n<h3 class=\"wp-block-heading\">\u200bOutros Pontos Relevantes<\/h3>\n\n\n\n<ul class=\"wp-block-list\">\n<li>\u200b<strong>Sal\u00e1rio M\u00ednimo:<\/strong> A LDO trabalha com o par\u00e2metro de <strong>R$ 1.627,00<\/strong> para o sal\u00e1rio m\u00ednimo em janeiro, mas o valor final ser\u00e1 ajustado ap\u00f3s a divulga\u00e7\u00e3o do IPCA de novembro.<\/li>\n\n\n\n<li>\u200b<strong>Fundo Partid\u00e1rio e Eleitoral:<\/strong> O texto vedou o contingenciamento dos fundos partid\u00e1rio e eleitoral e aprovou o reajuste do Fundo Partid\u00e1rio baseado na infla\u00e7\u00e3o desde 2016, uma medida que aumenta o montante destinado \u00e0s legendas.<\/li>\n\n\n\n<li>\u200b<strong>Outras Despesas:<\/strong> Foram inclu\u00eddas veda\u00e7\u00f5es ao contingenciamento de despesas importantes, como as da Empresa Brasileira de Pesquisa Agropecu\u00e1ria (Embrapa), seguro rural e defesa agropecu\u00e1ria.<\/li>\n<\/ul>\n\n\n\n<p class=\"wp-block-paragraph\">\u200bA aprova\u00e7\u00e3o da LDO 2026, mesmo com cinco meses de atraso em rela\u00e7\u00e3o ao prazo constitucional, \u00e9 uma condi\u00e7\u00e3o essencial para que o Congresso possa votar o Or\u00e7amento Anual (LOA) do pr\u00f3ximo ano. A expectativa \u00e9 que a vota\u00e7\u00e3o do Or\u00e7amento ocorra na pr\u00f3xima semana, possivelmente at\u00e9 18 de dezembro.<\/p>\n","protected":false},"excerpt":{"rendered":"<p>O Congresso Nacional aprovou nesta quinta-feira (4) a Lei de Diretrizes Or\u00e7ament\u00e1rias (LDO) de 2026, com uma s\u00e9rie de novidades que balizam a elabora\u00e7\u00e3o do [&#8230;]<\/p>\n","protected":false},"author":1,"featured_media":363,"comment_status":"open","ping_status":"open","sticky":false,"template":"","format":"standard","meta":{"_crdt_document":"","_jetpack_memberships_contains_paid_content":false,"footnotes":"","jetpack_publicize_message":"","jetpack_publicize_feature_enabled":true,"jetpack_social_post_already_shared":false,"jetpack_social_options":{"image_generator_settings":{"template":"highway","default_image_id":0,"font":"","enabled":false},"version":2}},"categories":[10],"tags":[],"class_list":["post-362","post","type-post","status-publish","format-standard","has-post-thumbnail","hentry","category-economia"],"jetpack_publicize_connections":[],"jetpack_featured_media_url":"https:\/\/i0.wp.com\/oexpressobr.com.br\/wp-content\/uploads\/2025\/12\/IMG-20251204-WA0273.jpg?fit=1119%2C733&ssl=1","jetpack_likes_enabled":true,"jetpack_sharing_enabled":true,"_links":{"self":[{"href":"https:\/\/oexpressobr.com.br\/index.php?rest_route=\/wp\/v2\/posts\/362","targetHints":{"allow":["GET"]}}],"collection":[{"href":"https:\/\/oexpressobr.com.br\/index.php?rest_route=\/wp\/v2\/posts"}],"about":[{"href":"https:\/\/oexpressobr.com.br\/index.php?rest_route=\/wp\/v2\/types\/post"}],"author":[{"embeddable":true,"href":"https:\/\/oexpressobr.com.br\/index.php?rest_route=\/wp\/v2\/users\/1"}],"replies":[{"embeddable":true,"href":"https:\/\/oexpressobr.com.br\/index.php?rest_route=%2Fwp%2Fv2%2Fcomments&post=362"}],"version-history":[{"count":0,"href":"https:\/\/oexpressobr.com.br\/index.php?rest_route=\/wp\/v2\/posts\/362\/revisions"}],"wp:featuredmedia":[{"embeddable":true,"href":"https:\/\/oexpressobr.com.br\/index.php?rest_route=\/wp\/v2\/media\/363"}],"wp:attachment":[{"href":"https:\/\/oexpressobr.com.br\/index.php?rest_route=%2Fwp%2Fv2%2Fmedia&parent=362"}],"wp:term":[{"taxonomy":"category","embeddable":true,"href":"https:\/\/oexpressobr.com.br\/index.php?rest_route=%2Fwp%2Fv2%2Fcategories&post=362"},{"taxonomy":"post_tag","embeddable":true,"href":"https:\/\/oexpressobr.com.br\/index.php?rest_route=%2Fwp%2Fv2%2Ftags&post=362"}],"curies":[{"name":"wp","href":"https:\/\/api.w.org\/{rel}","templated":true}]}}