{"id":3625,"date":"2026-02-11T21:12:13","date_gmt":"2026-02-12T00:12:13","guid":{"rendered":"https:\/\/oexpressobr.com.br\/?p=3625"},"modified":"2026-02-11T21:12:15","modified_gmt":"2026-02-12T00:12:15","slug":"governo-lula-e-concessionaria-aena-anunciam-r-46-bilhoes-para-modernizar-11-aeroportos-no-pais","status":"publish","type":"post","link":"https:\/\/oexpressobr.com.br\/?p=3625","title":{"rendered":"GOVERNO Lula e concession\u00e1ria Aena anunciam R$ 4,6 bilh\u00f5es para modernizar 11 aeroportos no pa\u00eds"},"content":{"rendered":"\n<p class=\"wp-block-paragraph\"><strong>BRAS\u00cdLIA<\/strong> \u2013 Em uma iniciativa estrat\u00e9gica para destravar gargalos log\u00edsticos e impulsionar o turismo, o presidente Luiz In\u00e1cio Lula da Silva e o ministro de Portos e Aeroportos, Silvio Costa Filho, oficializaram nesta quarta-feira (11 de fevereiro de 2026) um pacote de investimentos de <strong>R$ 4,64 bilh\u00f5es<\/strong> destinados \u00e0 amplia\u00e7\u00e3o e moderniza\u00e7\u00e3o de 11 terminais aeroportu\u00e1rios em quatro estados brasileiros.<\/p>\n\n\n\n<p class=\"wp-block-paragraph\">\u200bOs recursos, viabilizados por meio de financiamento do Banco Nacional de Desenvolvimento Econ\u00f4mico e Social (BNDES) \u00e0 concession\u00e1ria espanhola Aena, fazem parte de um plano mais amplo que pode chegar a R$ 9,2 bilh\u00f5es se somados os aportes adicionais previstos para o Nordeste. A meta central \u00e9 elevar a qualidade da infraestrutura nacional e preparar o pa\u00eds para o crescimento cont\u00ednuo do setor a\u00e9reo, que registrou uma alta de 9,4% no volume de passageiros em 2025.<\/p>\n\n\n\n<h3 class=\"wp-block-heading\">\u200bFoco em Congonhas e expans\u00e3o regional<\/h3>\n\n\n\n<p class=\"wp-block-paragraph\">\u200bO grande destaque do an\u00fancio \u00e9 o <strong>Aeroporto de Congonhas<\/strong>, em S\u00e3o Paulo. O terminal, um dos mais movimentados do pa\u00eds, receber\u00e1 cerca de <strong>R$ 2 bilh\u00f5es<\/strong> do montante total. O projeto prev\u00ea a constru\u00e7\u00e3o de um novo terminal de passageiros, que saltar\u00e1 dos atuais 40 mil m\u00b2 para 105 mil m\u00b2, al\u00e9m de aumentar as pontes de embarque de 12 para 19. A previs\u00e3o \u00e9 que as obras em Congonhas sejam conclu\u00eddas at\u00e9 julho de 2028.<\/p>\n\n\n\n<p class=\"wp-block-paragraph\">\u200bAl\u00e9m da capital paulista, o investimento contempla terminais essenciais para a integra\u00e7\u00e3o regional e o escoamento de produ\u00e7\u00e3o:<\/p>\n\n\n\n<ul class=\"wp-block-list\">\n<li>\u200b<strong>Minas Gerais:<\/strong> Uberl\u00e2ndia, Uberaba e Montes Claros.<\/li>\n\n\n\n<li>\u200b<strong>Mato Grosso do Sul:<\/strong> Campo Grande, Ponta Por\u00e3 e Corumb\u00e1.<\/li>\n\n\n\n<li>\u200b<strong>Par\u00e1:<\/strong> Santar\u00e9m, Marab\u00e1, Caraj\u00e1s e Altamira.<\/li>\n<\/ul>\n\n\n\n<h3 class=\"wp-block-heading\">\u200bImpacto econ\u00f4mico e social<\/h3>\n\n\n\n<p class=\"wp-block-paragraph\">\u200bO governo federal estima que a execu\u00e7\u00e3o dessas obras gerar\u00e1 mais de <strong>2 mil empregos diretos e indiretos<\/strong> de imediato. Durante a cerim\u00f4nia no Pal\u00e1cio do Planalto, o presidente do BNDES, Aloizio Mercadante, ressaltou que a opera\u00e7\u00e3o utiliza mecanismos financeiros inovadores que reduzem o custo da d\u00edvida e garantem a sustentabilidade do projeto a longo prazo.<\/p>\n\n\n\n<p class=\"wp-block-paragraph\">\u200b&#8221;Estamos batendo recordes. Em tr\u00eas anos de governo, inclu\u00edmos mais de 30 milh\u00f5es de passageiros na avia\u00e7\u00e3o do pa\u00eds&#8221;, afirmou o ministro Silvio Costa Filho, destacando que o Brasil foi um dos mercados que mais cresceram no mundo no \u00faltimo ano, alcan\u00e7ando a marca de 130 milh\u00f5es de viajantes anuais.<\/p>\n\n\n\n<h3 class=\"wp-block-heading\">\u200bO futuro da avia\u00e7\u00e3o brasileira<\/h3>\n\n\n\n<p class=\"wp-block-paragraph\">\u200bA not\u00edcia chega em um momento de otimismo para o setor. Al\u00e9m do pacote da Aena, o Minist\u00e9rio de Portos e Aeroportos j\u00e1 planeja <strong>40 novos leil\u00f5es para 2026<\/strong>, incluindo a retomada de concess\u00f5es importantes como a do Aeroporto do Gale\u00e3o, no Rio de Janeiro. O objetivo \u00e9 reduzir a depend\u00eancia de recursos p\u00fablicos para manuten\u00e7\u00e3o de terminais deficit\u00e1rios atrav\u00e9s do programa &#8220;AmpliAR&#8221;, que incentiva a iniciativa privada a assumir a gest\u00e3o de aeroportos regionais menores em blocos com terminais lucrativos.<\/p>\n\n\n\n<p class=\"wp-block-paragraph\">\u200bCom o novo aporte, a capacidade operacional dos 11 aeroportos beneficiados deve saltar dos atuais 29 milh\u00f5es para cerca de 40 milh\u00f5es de passageiros por ano at\u00e9 o final desta d\u00e9cada.<\/p>\n","protected":false},"excerpt":{"rendered":"<p>BRAS\u00cdLIA \u2013 Em uma iniciativa estrat\u00e9gica para destravar gargalos log\u00edsticos e impulsionar o turismo, o presidente Luiz In\u00e1cio Lula da Silva e o ministro de [&#8230;]<\/p>\n","protected":false},"author":1,"featured_media":3626,"comment_status":"open","ping_status":"open","sticky":false,"template":"","format":"standard","meta":{"_crdt_document":"","_jetpack_memberships_contains_paid_content":false,"footnotes":"","jetpack_publicize_message":"","jetpack_publicize_feature_enabled":true,"jetpack_social_post_already_shared":true,"jetpack_social_options":{"image_generator_settings":{"template":"highway","default_image_id":0,"font":"","enabled":false},"version":2}},"categories":[3],"tags":[],"class_list":["post-3625","post","type-post","status-publish","format-standard","has-post-thumbnail","hentry","category-brasil"],"jetpack_publicize_connections":[],"jetpack_featured_media_url":"https:\/\/i0.wp.com\/oexpressobr.com.br\/wp-content\/uploads\/2026\/02\/0g0a9367.webp?fit=1170%2C700&ssl=1","jetpack_likes_enabled":true,"jetpack_sharing_enabled":true,"_links":{"self":[{"href":"https:\/\/oexpressobr.com.br\/index.php?rest_route=\/wp\/v2\/posts\/3625","targetHints":{"allow":["GET"]}}],"collection":[{"href":"https:\/\/oexpressobr.com.br\/index.php?rest_route=\/wp\/v2\/posts"}],"about":[{"href":"https:\/\/oexpressobr.com.br\/index.php?rest_route=\/wp\/v2\/types\/post"}],"author":[{"embeddable":true,"href":"https:\/\/oexpressobr.com.br\/index.php?rest_route=\/wp\/v2\/users\/1"}],"replies":[{"embeddable":true,"href":"https:\/\/oexpressobr.com.br\/index.php?rest_route=%2Fwp%2Fv2%2Fcomments&post=3625"}],"version-history":[{"count":1,"href":"https:\/\/oexpressobr.com.br\/index.php?rest_route=\/wp\/v2\/posts\/3625\/revisions"}],"predecessor-version":[{"id":3627,"href":"https:\/\/oexpressobr.com.br\/index.php?rest_route=\/wp\/v2\/posts\/3625\/revisions\/3627"}],"wp:featuredmedia":[{"embeddable":true,"href":"https:\/\/oexpressobr.com.br\/index.php?rest_route=\/wp\/v2\/media\/3626"}],"wp:attachment":[{"href":"https:\/\/oexpressobr.com.br\/index.php?rest_route=%2Fwp%2Fv2%2Fmedia&parent=3625"}],"wp:term":[{"taxonomy":"category","embeddable":true,"href":"https:\/\/oexpressobr.com.br\/index.php?rest_route=%2Fwp%2Fv2%2Fcategories&post=3625"},{"taxonomy":"post_tag","embeddable":true,"href":"https:\/\/oexpressobr.com.br\/index.php?rest_route=%2Fwp%2Fv2%2Ftags&post=3625"}],"curies":[{"name":"wp","href":"https:\/\/api.w.org\/{rel}","templated":true}]}}