{"id":3634,"date":"2026-02-11T21:26:51","date_gmt":"2026-02-12T00:26:51","guid":{"rendered":"https:\/\/oexpressobr.com.br\/?p=3634"},"modified":"2026-02-11T21:26:52","modified_gmt":"2026-02-12T00:26:52","slug":"policia-federal-deflagra-operacoes-contra-exploracao-sexual-infantil-em-sp-rn-e-outros-estados","status":"publish","type":"post","link":"https:\/\/oexpressobr.com.br\/?p=3634","title":{"rendered":"Pol\u00edcia Federal deflagra opera\u00e7\u00f5es contra explora\u00e7\u00e3o sexual infantil em SP, RN e outros estados"},"content":{"rendered":"\n<p class=\"wp-block-paragraph\">A Pol\u00edcia Federal (PF) intensificou, nesta quarta-feira (11\/02), as a\u00e7\u00f5es de combate \u00e0 explora\u00e7\u00e3o sexual infantojuvenil no Brasil. Por meio de diferentes frentes de investiga\u00e7\u00e3o, as autoridades federais cumpriram mandados de pris\u00e3o e de busca e apreens\u00e3o em cidades como S\u00e3o Jos\u00e9 dos Campos (SP) e Natal (RN), mirando indiv\u00edduos envolvidos no armazenamento, produ\u00e7\u00e3o e compartilhamento de material il\u00edcito na internet.<\/p>\n\n\n\n<p class=\"wp-block-paragraph\">\u200bEm S\u00e3o Jos\u00e9 dos Campos, no interior de S\u00e3o Paulo, a PF deflagrou a <strong>Opera\u00e7\u00e3o Guardi\u00f5es da Esperan\u00e7a<\/strong>. Durante a a\u00e7\u00e3o, um homem foi preso em flagrante ap\u00f3s os agentes encontrarem em sua resid\u00eancia um vasto material de abuso sexual infantil. Segundo as investiga\u00e7\u00f5es, o suspeito utilizava redes e equipamentos espec\u00edficos para baixar e distribuir centenas de arquivos que retratam viol\u00eancia sexual contra crian\u00e7as e adolescentes. O material apreendido passar\u00e1 por per\u00edcia t\u00e9cnica para identificar a origem das imagens e poss\u00edveis novas conex\u00f5es criminosas.<\/p>\n\n\n\n<p class=\"wp-block-paragraph\">\u200bSimultaneamente, no Rio Grande do Norte, a Pol\u00edcia Federal deu continuidade \u00e0 <strong>Opera\u00e7\u00e3o Uira\u00e7u<\/strong>, que chegou \u00e0 sua 26\u00aa fase. O foco desta etapa \u00e9 desarticular o com\u00e9rcio e a dissemina\u00e7\u00e3o de m\u00eddias de abuso sexual na rede mundial de computadores. A opera\u00e7\u00e3o integra um esfor\u00e7o cont\u00ednuo da corpora\u00e7\u00e3o para monitorar o ambiente virtual, onde o anonimato muitas vezes \u00e9 utilizado como escudo por criminosos.<\/p>\n\n\n\n<p class=\"wp-block-paragraph\">\u200b<strong>Cen\u00e1rio nacional e hist\u00f3rico recente<\/strong><\/p>\n\n\n\n<p class=\"wp-block-paragraph\">As a\u00e7\u00f5es de hoje somam-se a um hist\u00f3rico recente de grandes ofensivas. Em outubro de 2025, a <strong>Opera\u00e7\u00e3o Nacional Prote\u00e7\u00e3o Integral III<\/strong> j\u00e1 havia registrado n\u00fameros expressivos: 55 pessoas foram presas em flagrante em 16 estados brasileiros, resultando no resgate de v\u00edtimas e na apreens\u00e3o de dispositivos que serviam como base para o crime. Outras opera\u00e7\u00f5es, como a &#8220;Prioridade Absoluta&#8221; no Rio de Janeiro e a &#8220;Kore&#8221; em S\u00e3o Paulo, refor\u00e7am a tese de que o combate \u00e0 pedofilia online \u00e9 uma das prioridades estrat\u00e9gicas do Minist\u00e9rio da Justi\u00e7a e Seguran\u00e7a P\u00fablica para 2026.<\/p>\n\n\n\n<p class=\"wp-block-paragraph\">\u200b<strong>O papel da tecnologia e da preven\u00e7\u00e3o<\/strong><\/p>\n\n\n\n<p class=\"wp-block-paragraph\">A Pol\u00edcia Federal destaca que a preven\u00e7\u00e3o e o uso de ferramentas de intelig\u00eancia cibern\u00e9tica s\u00e3o fundamentais. Muitas dessas investiga\u00e7\u00f5es partem de den\u00fancias e do monitoramento da <em>Dark Web<\/em>, onde grupos tentam ocultar suas atividades. A PF refor\u00e7a que a colabora\u00e7\u00e3o da sociedade \u00e9 essencial: den\u00fancias podem ser feitas de forma an\u00f4nima e s\u00e3o um passo crucial para salvar vidas e interromper o ciclo de viol\u00eancia que atinge os mais vulner\u00e1veis.<\/p>\n\n\n\n<p class=\"wp-block-paragraph\">\u200bOs suspeitos detidos nestas opera\u00e7\u00f5es podem responder por crimes que, somados, ultrapassam os 10 anos de reclus\u00e3o, conforme previsto no Estatuto da Crian\u00e7a e do Adolescente (ECA) e no C\u00f3digo Penal Brasileiro.<\/p>\n","protected":false},"excerpt":{"rendered":"<p>A Pol\u00edcia Federal (PF) intensificou, nesta quarta-feira (11\/02), as a\u00e7\u00f5es de combate \u00e0 explora\u00e7\u00e3o sexual infantojuvenil no Brasil. Por meio de diferentes frentes de investiga\u00e7\u00e3o, [&#8230;]<\/p>\n","protected":false},"author":1,"featured_media":3635,"comment_status":"open","ping_status":"open","sticky":false,"template":"","format":"standard","meta":{"_crdt_document":"","_jetpack_memberships_contains_paid_content":false,"footnotes":"","jetpack_publicize_message":"","jetpack_publicize_feature_enabled":true,"jetpack_social_post_already_shared":true,"jetpack_social_options":{"image_generator_settings":{"template":"highway","default_image_id":0,"font":"","enabled":false},"version":2}},"categories":[9],"tags":[],"class_list":["post-3634","post","type-post","status-publish","format-standard","has-post-thumbnail","hentry","category-policia"],"jetpack_publicize_connections":[],"jetpack_featured_media_url":"https:\/\/i0.wp.com\/oexpressobr.com.br\/wp-content\/uploads\/2026\/02\/pf3.webp?fit=1170%2C700&ssl=1","jetpack_likes_enabled":true,"jetpack_sharing_enabled":true,"_links":{"self":[{"href":"https:\/\/oexpressobr.com.br\/index.php?rest_route=\/wp\/v2\/posts\/3634","targetHints":{"allow":["GET"]}}],"collection":[{"href":"https:\/\/oexpressobr.com.br\/index.php?rest_route=\/wp\/v2\/posts"}],"about":[{"href":"https:\/\/oexpressobr.com.br\/index.php?rest_route=\/wp\/v2\/types\/post"}],"author":[{"embeddable":true,"href":"https:\/\/oexpressobr.com.br\/index.php?rest_route=\/wp\/v2\/users\/1"}],"replies":[{"embeddable":true,"href":"https:\/\/oexpressobr.com.br\/index.php?rest_route=%2Fwp%2Fv2%2Fcomments&post=3634"}],"version-history":[{"count":1,"href":"https:\/\/oexpressobr.com.br\/index.php?rest_route=\/wp\/v2\/posts\/3634\/revisions"}],"predecessor-version":[{"id":3636,"href":"https:\/\/oexpressobr.com.br\/index.php?rest_route=\/wp\/v2\/posts\/3634\/revisions\/3636"}],"wp:featuredmedia":[{"embeddable":true,"href":"https:\/\/oexpressobr.com.br\/index.php?rest_route=\/wp\/v2\/media\/3635"}],"wp:attachment":[{"href":"https:\/\/oexpressobr.com.br\/index.php?rest_route=%2Fwp%2Fv2%2Fmedia&parent=3634"}],"wp:term":[{"taxonomy":"category","embeddable":true,"href":"https:\/\/oexpressobr.com.br\/index.php?rest_route=%2Fwp%2Fv2%2Fcategories&post=3634"},{"taxonomy":"post_tag","embeddable":true,"href":"https:\/\/oexpressobr.com.br\/index.php?rest_route=%2Fwp%2Fv2%2Ftags&post=3634"}],"curies":[{"name":"wp","href":"https:\/\/api.w.org\/{rel}","templated":true}]}}