{"id":3643,"date":"2026-02-11T21:44:02","date_gmt":"2026-02-12T00:44:02","guid":{"rendered":"https:\/\/oexpressobr.com.br\/?p=3643"},"modified":"2026-02-11T21:44:03","modified_gmt":"2026-02-12T00:44:03","slug":"policia-federal-encontra-mensagens-de-toffoli-em-celular-de-vorcaro-e-pede-suspeicao-do-ministro","status":"publish","type":"post","link":"https:\/\/oexpressobr.com.br\/?p=3643","title":{"rendered":"POL\u00cdCIA Federal encontra mensagens de Toffoli em celular de Vorcaro e pede suspei\u00e7\u00e3o do ministro"},"content":{"rendered":"\n<p class=\"wp-block-paragraph\"><strong>BRAS\u00cdLIA<\/strong> \u2013 A Pol\u00edcia Federal (PF) entregou nesta quarta-feira (11) ao Supremo Tribunal Federal (STF) um relat\u00f3rio bomb\u00e1stico contendo informa\u00e7\u00f5es extra\u00eddas do celular de Daniel Vorcaro, dono do Banco Master. O material, que inclui trocas de mensagens e men\u00e7\u00f5es diretas ao ministro Dias Toffoli, relator do inqu\u00e9rito que investiga fraudes bilion\u00e1rias na institui\u00e7\u00e3o financeira, provocou um pedido imediato de suspei\u00e7\u00e3o do magistrado pela c\u00fapula da corpora\u00e7\u00e3o.<\/p>\n\n\n\n<p class=\"wp-block-paragraph\">\u200bOs dados foram coletados ap\u00f3s a per\u00edcia t\u00e9cnica conseguir quebrar a criptografia do aparelho de Vorcaro, um iPhone 17 Pro Max, e acessar inclusive hist\u00f3ricos arquivados na nuvem que remontam a 2021. Diante do conflito \u00e9tico e jur\u00eddico \u2014 j\u00e1 que o material envolve o pr\u00f3prio juiz da causa \u2014, o diretor-geral da PF, Andrei Rodrigues, optou por entregar o relat\u00f3rio pessoalmente ao presidente do STF, Edson Fachin, em vez de envi\u00e1-lo ao gabinete do relator.<\/p>\n\n\n\n<h3 class=\"wp-block-heading\">\u200bEntenda o Caso<\/h3>\n\n\n\n<p class=\"wp-block-paragraph\">\u200bA investiga\u00e7\u00e3o, batizada de Opera\u00e7\u00e3o Compliance Zero, apura um suposto esquema de fraudes financeiras que pode chegar a R$ 17 bilh\u00f5es. O foco est\u00e1 na gest\u00e3o temer\u00e1ria de fundos de investimento e na tentativa de venda de ativos fraudulentos para o Banco de Bras\u00edlia (BRB).<\/p>\n\n\n\n<p class=\"wp-block-paragraph\">\u200bA press\u00e3o sobre Toffoli aumentou consideravelmente nos \u00faltimos dias devido a dois fatores principais:<\/p>\n\n\n\n<ol class=\"wp-block-list\">\n<li>\u200b<strong>Conex\u00f5es Pessoais:<\/strong> Veio \u00e0 tona que parentes do ministro possuem participa\u00e7\u00f5es societ\u00e1rias em empresas ligadas ao resort Tayay\u00e1, que por sua vez tem conex\u00f5es financeiras com o grupo de Vorcaro.<\/li>\n\n\n\n<li>\u200b<strong>Mensagens Diretas:<\/strong> A per\u00edcia da PF identificou uma continuidade de comunica\u00e7\u00f5es entre o banqueiro e o magistrado ao longo dos \u00faltimos cinco anos, o que, para os investigadores, compromete a imparcialidade necess\u00e1ria para julgar o caso.<\/li>\n<\/ol>\n\n\n\n<h3 class=\"wp-block-heading\">\u200bRea\u00e7\u00f5es e Defesa<\/h3>\n\n\n\n<p class=\"wp-block-paragraph\">\u200bEm nota oficial, o gabinete do ministro Dias Toffoli reagiu duramente ao pedido de suspei\u00e7\u00e3o. O texto classifica as men\u00e7\u00f5es como &#8220;ila\u00e7\u00f5es&#8221; e argumenta que a Pol\u00edcia Federal n\u00e3o possui legitimidade jur\u00eddica para pedir o afastamento de um magistrado, uma vez que n\u00e3o \u00e9 parte formal no processo conforme o C\u00f3digo de Processo Civil. Toffoli deve encaminhar sua resposta formal ao ministro Fachin nos pr\u00f3ximos dias.<\/p>\n\n\n\n<p class=\"wp-block-paragraph\">\u200bPor outro lado, a defesa de Daniel Vorcaro afirma que o empres\u00e1rio tem colaborado com as autoridades e critica o acesso aos dados do celular, alegando risco de exposi\u00e7\u00e3o de rela\u00e7\u00f5es privadas sem conex\u00e3o com o inqu\u00e9rito.<\/p>\n\n\n\n<h3 class=\"wp-block-heading\">\u200bO que acontece agora?<\/h3>\n\n\n\n<p class=\"wp-block-paragraph\">\u200bO destino da relatoria do &#8220;Caso Master&#8221; est\u00e1 nas m\u00e3os do ministro Edson Fachin. Ele precisar\u00e1 decidir se as provas apresentadas pela PF justificam o afastamento de Toffoli por suspei\u00e7\u00e3o ou se o inqu\u00e9rito deve ser desmembrado, enviando partes da investiga\u00e7\u00e3o para a primeira inst\u00e2ncia da Justi\u00e7a Federal, o que poderia reduzir o foro privilegiado de alguns envolvidos.<\/p>\n\n\n\n<p class=\"wp-block-paragraph\">\u200bO avan\u00e7o das per\u00edcias tamb\u00e9m gerou apreens\u00e3o no Congresso Nacional, pois os investigadores indicam que o celular de Vorcaro cont\u00e9m refer\u00eancias a diversas lideran\u00e7as partid\u00e1rias e autoridades de Bras\u00edlia, sugerindo que o alcance da opera\u00e7\u00e3o pode ser ainda maior que o inicialmente previsto.<\/p>\n","protected":false},"excerpt":{"rendered":"<p>BRAS\u00cdLIA \u2013 A Pol\u00edcia Federal (PF) entregou nesta quarta-feira (11) ao Supremo Tribunal Federal (STF) um relat\u00f3rio bomb\u00e1stico contendo informa\u00e7\u00f5es extra\u00eddas do celular de Daniel [&#8230;]<\/p>\n","protected":false},"author":1,"featured_media":3644,"comment_status":"open","ping_status":"open","sticky":false,"template":"","format":"standard","meta":{"_crdt_document":"","_jetpack_memberships_contains_paid_content":false,"footnotes":"","jetpack_publicize_message":"","jetpack_publicize_feature_enabled":true,"jetpack_social_post_already_shared":true,"jetpack_social_options":{"image_generator_settings":{"template":"highway","default_image_id":0,"font":"","enabled":false},"version":2}},"categories":[8],"tags":[],"class_list":["post-3643","post","type-post","status-publish","format-standard","has-post-thumbnail","hentry","category-judiciario"],"jetpack_publicize_connections":[],"jetpack_featured_media_url":"https:\/\/i0.wp.com\/oexpressobr.com.br\/wp-content\/uploads\/2026\/02\/IMG-20260211-WA0259.png?fit=2250%2C1500&ssl=1","jetpack_likes_enabled":true,"jetpack_sharing_enabled":true,"_links":{"self":[{"href":"https:\/\/oexpressobr.com.br\/index.php?rest_route=\/wp\/v2\/posts\/3643","targetHints":{"allow":["GET"]}}],"collection":[{"href":"https:\/\/oexpressobr.com.br\/index.php?rest_route=\/wp\/v2\/posts"}],"about":[{"href":"https:\/\/oexpressobr.com.br\/index.php?rest_route=\/wp\/v2\/types\/post"}],"author":[{"embeddable":true,"href":"https:\/\/oexpressobr.com.br\/index.php?rest_route=\/wp\/v2\/users\/1"}],"replies":[{"embeddable":true,"href":"https:\/\/oexpressobr.com.br\/index.php?rest_route=%2Fwp%2Fv2%2Fcomments&post=3643"}],"version-history":[{"count":1,"href":"https:\/\/oexpressobr.com.br\/index.php?rest_route=\/wp\/v2\/posts\/3643\/revisions"}],"predecessor-version":[{"id":3645,"href":"https:\/\/oexpressobr.com.br\/index.php?rest_route=\/wp\/v2\/posts\/3643\/revisions\/3645"}],"wp:featuredmedia":[{"embeddable":true,"href":"https:\/\/oexpressobr.com.br\/index.php?rest_route=\/wp\/v2\/media\/3644"}],"wp:attachment":[{"href":"https:\/\/oexpressobr.com.br\/index.php?rest_route=%2Fwp%2Fv2%2Fmedia&parent=3643"}],"wp:term":[{"taxonomy":"category","embeddable":true,"href":"https:\/\/oexpressobr.com.br\/index.php?rest_route=%2Fwp%2Fv2%2Fcategories&post=3643"},{"taxonomy":"post_tag","embeddable":true,"href":"https:\/\/oexpressobr.com.br\/index.php?rest_route=%2Fwp%2Fv2%2Ftags&post=3643"}],"curies":[{"name":"wp","href":"https:\/\/api.w.org\/{rel}","templated":true}]}}