{"id":3646,"date":"2026-02-11T21:48:52","date_gmt":"2026-02-12T00:48:52","guid":{"rendered":"https:\/\/oexpressobr.com.br\/?p=3646"},"modified":"2026-02-11T21:48:53","modified_gmt":"2026-02-12T00:48:53","slug":"policia-civil-do-rs-abre-inquerito-para-investigar-eduardo-bueno-o-peninha-por-falas-sobre-voto-de-evangelicos","status":"publish","type":"post","link":"https:\/\/oexpressobr.com.br\/?p=3646","title":{"rendered":"Pol\u00edcia Civil do RS abre inqu\u00e9rito para investigar Eduardo Bueno, o Peninha, por falas sobre voto de evang\u00e9licos"},"content":{"rendered":"\n<p class=\"wp-block-paragraph\">\u200bA <strong>Pol\u00edcia Civil do Rio Grande do Sul<\/strong> instaurou um inqu\u00e9rito oficial para investigar o historiador e jornalista <strong>Eduardo Bueno<\/strong>, conhecido popularmente como <strong>Peninha<\/strong>. A medida ocorre ap\u00f3s a repercuss\u00e3o de declara\u00e7\u00f5es dadas pelo comunicador em seu canal no YouTube, nas quais ele defendeu que evang\u00e9licos deveriam ser proibidos de votar.<\/p>\n\n\n\n<h3 class=\"wp-block-heading\">\u200bO foco da investiga\u00e7\u00e3o<\/h3>\n\n\n\n<p class=\"wp-block-paragraph\">\u200bO inqu\u00e9rito busca apurar se houve a pr\u00e1tica de <strong>intoler\u00e2ncia religiosa<\/strong> e <strong>incita\u00e7\u00e3o ao preconceito<\/strong>. Em v\u00eddeo veiculado recentemente, Peninha criticou duramente a participa\u00e7\u00e3o pol\u00edtica do segmento religioso, afirmando que &#8220;evang\u00e9licos elegem uma escumalha perigosa e violenta&#8221; e sugerindo a suspens\u00e3o do direito ao voto para esse grupo.<\/p>\n\n\n\n<h3 class=\"wp-block-heading\">\u200bRepercuss\u00e3o e desdobramentos jur\u00eddicos<\/h3>\n\n\n\n<p class=\"wp-block-paragraph\">\u200bA investiga\u00e7\u00e3o n\u00e3o \u00e9 a \u00fanica frente de press\u00e3o contra o historiador. Parlamentares e lideran\u00e7as religiosas j\u00e1 se manifestaram:<\/p>\n\n\n\n<ul class=\"wp-block-list\">\n<li>\u200b<strong>A\u00e7\u00e3o na Justi\u00e7a:<\/strong> O deputado federal Marcel van Hattem (Novo-RS) e outros pol\u00edticos acionaram \u00f3rg\u00e3os de controle sob a acusa\u00e7\u00e3o de <strong>discurso de \u00f3dio<\/strong>.<\/li>\n\n\n\n<li>\u200b<strong>Danos Morais:<\/strong> Al\u00e9m do inqu\u00e9rito policial, h\u00e1 pedidos para que o Minist\u00e9rio P\u00fablico avalie uma <strong>A\u00e7\u00e3o Civil P\u00fablica<\/strong> por danos morais coletivos contra a comunidade evang\u00e9lica.<\/li>\n<\/ul>\n\n\n\n<h3 class=\"wp-block-heading\">\u200bHist\u00f3rico recente de pol\u00eamicas<\/h3>\n\n\n\n<p class=\"wp-block-paragraph\">\u200bA nova investiga\u00e7\u00e3o surge em um momento delicado para a imagem de Eduardo Bueno. Em setembro de 2025, o historiador j\u00e1 havia enfrentado um forte movimento de &#8220;cancelamento&#8221; e perdas de contratos ap\u00f3s zombar da morte do ativista conservador americano <strong>Charlie Kirk<\/strong>. Na ocasi\u00e3o, o epis\u00f3dio resultou em:<\/p>\n\n\n\n<ol class=\"wp-block-list\">\n<li>\u200b<strong>Cancelamento de eventos:<\/strong> A PUC-RS suspendeu a participa\u00e7\u00e3o do autor em palestras.<\/li>\n\n\n\n<li>\u200b<strong>Afastamento institucional:<\/strong> O Senado Federal o retirou de seu Conselho Editorial.<\/li>\n\n\n\n<li>\u200b<strong>Fim de projetos:<\/strong> O podcast &#8220;N\u00f3s na Hist\u00f3ria&#8221; foi encerrado pelos organizadores devido \u00e0 repercuss\u00e3o negativa.<\/li>\n<\/ol>\n","protected":false},"excerpt":{"rendered":"<p>\u200bA Pol\u00edcia Civil do Rio Grande do Sul instaurou um inqu\u00e9rito oficial para investigar o historiador e jornalista Eduardo Bueno, conhecido popularmente como Peninha. A [&#8230;]<\/p>\n","protected":false},"author":1,"featured_media":3647,"comment_status":"open","ping_status":"open","sticky":false,"template":"","format":"standard","meta":{"_crdt_document":"","_jetpack_memberships_contains_paid_content":false,"footnotes":"","jetpack_publicize_message":"","jetpack_publicize_feature_enabled":true,"jetpack_social_post_already_shared":true,"jetpack_social_options":{"image_generator_settings":{"template":"highway","default_image_id":0,"font":"","enabled":false},"version":2}},"categories":[9],"tags":[],"class_list":["post-3646","post","type-post","status-publish","format-standard","has-post-thumbnail","hentry","category-policia"],"jetpack_publicize_connections":[],"jetpack_featured_media_url":"https:\/\/i0.wp.com\/oexpressobr.com.br\/wp-content\/uploads\/2026\/02\/IMG-20260211-WA0260.jpg?fit=660%2C372&ssl=1","jetpack_likes_enabled":true,"jetpack_sharing_enabled":true,"_links":{"self":[{"href":"https:\/\/oexpressobr.com.br\/index.php?rest_route=\/wp\/v2\/posts\/3646","targetHints":{"allow":["GET"]}}],"collection":[{"href":"https:\/\/oexpressobr.com.br\/index.php?rest_route=\/wp\/v2\/posts"}],"about":[{"href":"https:\/\/oexpressobr.com.br\/index.php?rest_route=\/wp\/v2\/types\/post"}],"author":[{"embeddable":true,"href":"https:\/\/oexpressobr.com.br\/index.php?rest_route=\/wp\/v2\/users\/1"}],"replies":[{"embeddable":true,"href":"https:\/\/oexpressobr.com.br\/index.php?rest_route=%2Fwp%2Fv2%2Fcomments&post=3646"}],"version-history":[{"count":1,"href":"https:\/\/oexpressobr.com.br\/index.php?rest_route=\/wp\/v2\/posts\/3646\/revisions"}],"predecessor-version":[{"id":3648,"href":"https:\/\/oexpressobr.com.br\/index.php?rest_route=\/wp\/v2\/posts\/3646\/revisions\/3648"}],"wp:featuredmedia":[{"embeddable":true,"href":"https:\/\/oexpressobr.com.br\/index.php?rest_route=\/wp\/v2\/media\/3647"}],"wp:attachment":[{"href":"https:\/\/oexpressobr.com.br\/index.php?rest_route=%2Fwp%2Fv2%2Fmedia&parent=3646"}],"wp:term":[{"taxonomy":"category","embeddable":true,"href":"https:\/\/oexpressobr.com.br\/index.php?rest_route=%2Fwp%2Fv2%2Fcategories&post=3646"},{"taxonomy":"post_tag","embeddable":true,"href":"https:\/\/oexpressobr.com.br\/index.php?rest_route=%2Fwp%2Fv2%2Ftags&post=3646"}],"curies":[{"name":"wp","href":"https:\/\/api.w.org\/{rel}","templated":true}]}}