{"id":368,"date":"2025-12-04T22:20:08","date_gmt":"2025-12-05T01:20:08","guid":{"rendered":"https:\/\/oexpressobr.com.br\/?p=368"},"modified":"2025-12-04T22:20:08","modified_gmt":"2025-12-05T01:20:08","slug":"gigante-japonesa-de-us-32-bilhoes-compra-negocio-vital-para-o-agro-brasileiro-com-debate-envolvendo-ministerios-e-lula","status":"publish","type":"post","link":"https:\/\/oexpressobr.com.br\/?p=368","title":{"rendered":"Gigante Japonesa De Us$ 32 Bilh\u00f5es Compra Neg\u00f3cio Vital Para O Agro Brasileiro, Com Debate Envolvendo Minist\u00e9rios E Lula"},"content":{"rendered":"\n<p class=\"wp-block-paragraph\">A entrada de uma gigante japonesa com valor de mercado de US$ 32 bilh\u00f5es no setor de agroneg\u00f3cio brasileiro tem se tornado um ponto focal de discuss\u00f5es em Bras\u00edlia, envolvendo diretamente o Minist\u00e9rio do Trabalho e o Minist\u00e9rio da Fazenda. A aquisi\u00e7\u00e3o de uma empresa vital para o agro brasileiro por parte da corpora\u00e7\u00e3o nip\u00f4nica, cujo nome \u00e9 mantido sob sigilo nas discuss\u00f5es iniciais, impulsiona o debate sobre regulamenta\u00e7\u00e3o e incentivos fiscais para investimentos estrangeiros, com o olhar atento do Presidente Luiz In\u00e1cio Lula da Silva.Contexto E Negocia\u00e7\u00e3o MinisterialO tema central do debate, conforme apurado, gira em torno da defini\u00e7\u00e3o do percentual de benef\u00edcios ou contrapartidas que a multinacional receber\u00e1 ou dever\u00e1 oferecer em troca do investimento e da manuten\u00e7\u00e3o da opera\u00e7\u00e3o no pa\u00eds.O Minist\u00e9rio da Fazenda tem focado em aspectos econ\u00f4mico-fiscais, como a concess\u00e3o de cr\u00e9dito ou o aumento da devolu\u00e7\u00e3o de cr\u00e9dito tribut\u00e1rio (Reintegra), visando garantir a competitividade das empresas brasileiras no mercado internacional e proteger os setores afetados por tarifas externas, como visto em an\u00fancios recentes de pacotes de socorro a empresas (alguns no valor de R$ 30 bilh\u00f5es) em resposta a eventuais tarifas internacionais.O Minist\u00e9rio do Trabalho, por sua vez, atua na pauta de empregabilidade e direitos trabalhistas. A preocupa\u00e7\u00e3o \u00e9 garantir que a transa\u00e7\u00e3o bilion\u00e1ria n\u00e3o resulte em demiss\u00f5es ou precariza\u00e7\u00e3o de m\u00e3o de obra. As discuss\u00f5es preveem o engajamento em negocia\u00e7\u00f5es com trabalhadores e empregadores para atender \u00e0s necessidades das empresas afetadas.Impacto No Agroneg\u00f3cio E No Com\u00e9rcio Jap\u00e3o-BrasilA transa\u00e7\u00e3o \u00e9 estrat\u00e9gica, pois a empresa adquirida desempenha um papel fundamental no agroneg\u00f3cio nacional. Este movimento de aquisi\u00e7\u00e3o se alinha com o desejo do governo brasileiro de aprofundar o relacionamento econ\u00f4mico com o Jap\u00e3o.Recentemente, o Presidente Lula e autoridades japonesas t\u00eam discutido a intensifica\u00e7\u00e3o de acordos de coopera\u00e7\u00e3o em diversas \u00e1reas \u2014 incluindo com\u00e9rcio, ind\u00fastria e meio ambiente \u2014 com foco na descarboniza\u00e7\u00e3o e no fomento do biocombust\u00edvel brasileiro. H\u00e1 um esfor\u00e7o cont\u00ednuo para recuperar o com\u00e9rcio bilateral, que j\u00e1 atingiu US$ 17 bilh\u00f5es, mas que caiu nos \u00faltimos anos.O investimento da gigante de US$ 32 bilh\u00f5es \u00e9 um sinal de que o Brasil continua sendo visto como um &#8220;porto seguro&#8221; e um polo de crescimento, com estabilidade jur\u00eddica e a promessa de crescimento econ\u00f4mico acima das expectativas de mercado. <\/p>\n\n\n\n<figure class=\"wp-block-image size-large\"><img data-recalc-dims=\"1\" loading=\"lazy\" width=\"900\" height=\"599\" src=\"https:\/\/i0.wp.com\/oexpressobr.com.br\/wp-content\/uploads\/2025\/12\/image_fe66ed59-cc99-4f13-9479-d4300ba02254-1024x682.jpg?resize=900%2C599&#038;ssl=1\" alt=\"\" class=\"wp-image-369\" srcset=\"https:\/\/i0.wp.com\/oexpressobr.com.br\/wp-content\/uploads\/2025\/12\/image_fe66ed59-cc99-4f13-9479-d4300ba02254.jpg?resize=1024%2C682&amp;ssl=1 1024w, https:\/\/i0.wp.com\/oexpressobr.com.br\/wp-content\/uploads\/2025\/12\/image_fe66ed59-cc99-4f13-9479-d4300ba02254.jpg?resize=300%2C200&amp;ssl=1 300w, https:\/\/i0.wp.com\/oexpressobr.com.br\/wp-content\/uploads\/2025\/12\/image_fe66ed59-cc99-4f13-9479-d4300ba02254.jpg?resize=768%2C511&amp;ssl=1 768w, https:\/\/i0.wp.com\/oexpressobr.com.br\/wp-content\/uploads\/2025\/12\/image_fe66ed59-cc99-4f13-9479-d4300ba02254.jpg?resize=1536%2C1022&amp;ssl=1 1536w, https:\/\/i0.wp.com\/oexpressobr.com.br\/wp-content\/uploads\/2025\/12\/image_fe66ed59-cc99-4f13-9479-d4300ba02254.jpg?w=2048&amp;ssl=1 2048w, https:\/\/i0.wp.com\/oexpressobr.com.br\/wp-content\/uploads\/2025\/12\/image_fe66ed59-cc99-4f13-9479-d4300ba02254.jpg?w=1800 1800w\" sizes=\"auto, (max-width: 900px) 100vw, 900px\" \/><figcaption class=\"wp-element-caption\">Senior businessmen shaking hands<\/figcaption><\/figure>\n\n\n\n<h3 class=\"wp-block-heading\">Decis\u00e3o Final Com O Presidente<\/h3>\n\n\n\n<p class=\"wp-block-paragraph\">\u200bO <strong>percentual final<\/strong> e as condi\u00e7\u00f5es exatas para a atua\u00e7\u00e3o da gigante japonesa no Brasil, englobando as demandas trabalhistas e fiscais debatidas pelos minist\u00e9rios, ser\u00e3o selados em uma <strong>reuni\u00e3o final com o Presidente Luiz In\u00e1cio Lula da Silva<\/strong>. Essa decis\u00e3o ser\u00e1 crucial para estabelecer o precedente para futuros investimentos de peso e para balancear a atra\u00e7\u00e3o de capital estrangeiro com a prote\u00e7\u00e3o da economia e dos empregos nacionais.<\/p>\n","protected":false},"excerpt":{"rendered":"<p>A entrada de uma gigante japonesa com valor de mercado de US$ 32 bilh\u00f5es no setor de agroneg\u00f3cio brasileiro tem se tornado um ponto focal [&#8230;]<\/p>\n","protected":false},"author":1,"featured_media":370,"comment_status":"open","ping_status":"open","sticky":false,"template":"","format":"standard","meta":{"_crdt_document":"","_jetpack_memberships_contains_paid_content":false,"footnotes":"","jetpack_publicize_message":"","jetpack_publicize_feature_enabled":true,"jetpack_social_post_already_shared":false,"jetpack_social_options":{"image_generator_settings":{"template":"highway","default_image_id":0,"font":"","enabled":false},"version":2}},"categories":[3],"tags":[],"class_list":["post-368","post","type-post","status-publish","format-standard","has-post-thumbnail","hentry","category-brasil"],"jetpack_publicize_connections":[],"jetpack_featured_media_url":"https:\/\/i0.wp.com\/oexpressobr.com.br\/wp-content\/uploads\/2025\/12\/IMG-20251204-WA0282.jpg?fit=750%2C500&ssl=1","jetpack_likes_enabled":true,"jetpack_sharing_enabled":true,"_links":{"self":[{"href":"https:\/\/oexpressobr.com.br\/index.php?rest_route=\/wp\/v2\/posts\/368","targetHints":{"allow":["GET"]}}],"collection":[{"href":"https:\/\/oexpressobr.com.br\/index.php?rest_route=\/wp\/v2\/posts"}],"about":[{"href":"https:\/\/oexpressobr.com.br\/index.php?rest_route=\/wp\/v2\/types\/post"}],"author":[{"embeddable":true,"href":"https:\/\/oexpressobr.com.br\/index.php?rest_route=\/wp\/v2\/users\/1"}],"replies":[{"embeddable":true,"href":"https:\/\/oexpressobr.com.br\/index.php?rest_route=%2Fwp%2Fv2%2Fcomments&post=368"}],"version-history":[{"count":0,"href":"https:\/\/oexpressobr.com.br\/index.php?rest_route=\/wp\/v2\/posts\/368\/revisions"}],"wp:featuredmedia":[{"embeddable":true,"href":"https:\/\/oexpressobr.com.br\/index.php?rest_route=\/wp\/v2\/media\/370"}],"wp:attachment":[{"href":"https:\/\/oexpressobr.com.br\/index.php?rest_route=%2Fwp%2Fv2%2Fmedia&parent=368"}],"wp:term":[{"taxonomy":"category","embeddable":true,"href":"https:\/\/oexpressobr.com.br\/index.php?rest_route=%2Fwp%2Fv2%2Fcategories&post=368"},{"taxonomy":"post_tag","embeddable":true,"href":"https:\/\/oexpressobr.com.br\/index.php?rest_route=%2Fwp%2Fv2%2Ftags&post=368"}],"curies":[{"name":"wp","href":"https:\/\/api.w.org\/{rel}","templated":true}]}}