{"id":3695,"date":"2026-02-12T12:16:13","date_gmt":"2026-02-12T15:16:13","guid":{"rendered":"https:\/\/oexpressobr.com.br\/?p=3695"},"modified":"2026-02-12T12:16:19","modified_gmt":"2026-02-12T15:16:19","slug":"stj-afasta-por-unanimidade-o-ministro-marco-buzzi-apos-denuncias-de-assedio-sexual","status":"publish","type":"post","link":"https:\/\/oexpressobr.com.br\/?p=3695","title":{"rendered":"STJ afasta por unanimidade o ministro Marco Buzzi ap\u00f3s den\u00fancias de ass\u00e9dio sexual"},"content":{"rendered":"\n<p class=\"wp-block-paragraph\">O Pleno do Superior Tribunal de Justi\u00e7a (STJ) decidiu, em sess\u00e3o extraordin\u00e1ria realizada nesta ter\u00e7a-feira (10), pelo afastamento cautelar imediato do ministro <strong>Marco Aur\u00e9lio Gastaldi Buzzi<\/strong>, de 68 anos. A medida, tomada de forma un\u00e2nime, ocorre em meio a uma crise sem precedentes na Corte, agravada pelo surgimento de uma segunda acusa\u00e7\u00e3o de importuna\u00e7\u00e3o sexual que teria ocorrido dentro das depend\u00eancias do pr\u00f3prio tribunal.<\/p>\n\n\n\n<p class=\"wp-block-paragraph\">\u200bO caso, que inicialmente envolvia o relato de uma jovem de 18 anos \u2014 filha de amigos da fam\u00edlia do magistrado \u2014, ganhou novos contornos com o depoimento contundente de uma ex-servidora. Segundo as investiga\u00e7\u00f5es conduzidas pela Corregedoria Nacional de Justi\u00e7a (CNJ) e pela sindic\u00e2ncia interna do STJ, a segunda v\u00edtima relatou epis\u00f3dios em que se sentiu &#8220;suja&#8221; e acuada ap\u00f3s ser alvo de investidas f\u00edsicas indevidas dentro do gabinete de Buzzi.<\/p>\n\n\n\n<h3 class=\"wp-block-heading\">\u200bOs relatos que motivaram a decis\u00e3o<\/h3>\n\n\n\n<p class=\"wp-block-paragraph\">\u200bO primeiro epis\u00f3dio veio a p\u00fablico na semana passada. Uma jovem de 18 anos registrou um boletim de ocorr\u00eancia detalhando que, durante o recesso em Balne\u00e1rio Cambori\u00fa (SC), o ministro teria tentado agarr\u00e1-la \u00e0 for\u00e7a no mar. A v\u00edtima, que chamava o magistrado de &#8220;tio&#8221;, relatou sofrer com pesadelos e estar sob acompanhamento psiqui\u00e1trico desde o ocorrido.<\/p>\n\n\n\n<p class=\"wp-block-paragraph\">\u200bA situa\u00e7\u00e3o do ministro tornou-se insustent\u00e1vel na \u00faltima segunda-feira (9), quando a Corregedoria recebeu a den\u00fancia da servidora. De acordo com informa\u00e7\u00f5es de bastidores e relatos lidos na sess\u00e3o de afastamento, a funcion\u00e1ria afirmou ter sido molestada no ambiente de trabalho. A gravidade dos novos detalhes apresentados teria feito com que colegas que ainda mantinham cautela em rela\u00e7\u00e3o ao caso mudassem de postura, optando pelo isolamento do magistrado.<\/p>\n\n\n\n<h3 class=\"wp-block-heading\">\u200bPr\u00f3ximos passos e defesa<\/h3>\n\n\n\n<p class=\"wp-block-paragraph\">\u200bCom o afastamento, Marco Buzzi fica impedido de:<\/p>\n\n\n\n<ul class=\"wp-block-list\">\n<li>\u200bAcessar seu gabinete no STJ;<\/li>\n\n\n\n<li>\u200bUtilizar carro oficial e outras prerrogativas do cargo;<\/li>\n\n\n\n<li>\u200bExercer qualquer fun\u00e7\u00e3o jurisdicional at\u00e9, pelo menos, o dia 10 de mar\u00e7o, quando uma nova sess\u00e3o avaliar\u00e1 os resultados da sindic\u00e2ncia.<\/li>\n<\/ul>\n\n\n\n<p class=\"wp-block-paragraph\">\u200bNa esfera criminal, o caso tramita sob sigilo no Supremo Tribunal Federal (STF), sob a relatoria do ministro Kassio Nunes Marques, devido ao foro por prerrogativa de fun\u00e7\u00e3o.<\/p>\n\n\n\n<p class=\"wp-block-paragraph\">\u200b<strong>A defesa do ministro<\/strong>, em notas sucessivas, nega veementemente as acusa\u00e7\u00f5es. Segundo seus advogados, Buzzi &#8220;n\u00e3o cometeu qualquer ato impr\u00f3prio&#8221; e provar\u00e1 sua inoc\u00eancia ao longo do processo. Atualmente, o magistrado encontra-se internado em uma unidade de sa\u00fade em Bras\u00edlia, tendo apresentado atestados m\u00e9dicos alegando necessidade de tratamento psiqui\u00e1trico por 90 dias, solicita\u00e7\u00e3o que foi sobreposta pela decis\u00e3o de afastamento compuls\u00f3rio do tribunal.<\/p>\n","protected":false},"excerpt":{"rendered":"<p>O Pleno do Superior Tribunal de Justi\u00e7a (STJ) decidiu, em sess\u00e3o extraordin\u00e1ria realizada nesta ter\u00e7a-feira (10), pelo afastamento cautelar imediato do ministro Marco Aur\u00e9lio Gastaldi [&#8230;]<\/p>\n","protected":false},"author":1,"featured_media":3696,"comment_status":"open","ping_status":"open","sticky":false,"template":"","format":"standard","meta":{"_crdt_document":"","_jetpack_memberships_contains_paid_content":false,"footnotes":"","jetpack_publicize_message":"","jetpack_publicize_feature_enabled":true,"jetpack_social_post_already_shared":true,"jetpack_social_options":{"image_generator_settings":{"template":"highway","default_image_id":0,"font":"","enabled":false},"version":2}},"categories":[8],"tags":[],"class_list":["post-3695","post","type-post","status-publish","format-standard","has-post-thumbnail","hentry","category-judiciario"],"jetpack_publicize_connections":[],"jetpack_featured_media_url":"https:\/\/i0.wp.com\/oexpressobr.com.br\/wp-content\/uploads\/2026\/02\/IMG-20260212-WA0084.jpg?fit=800%2C1000&ssl=1","jetpack_likes_enabled":true,"jetpack_sharing_enabled":true,"_links":{"self":[{"href":"https:\/\/oexpressobr.com.br\/index.php?rest_route=\/wp\/v2\/posts\/3695","targetHints":{"allow":["GET"]}}],"collection":[{"href":"https:\/\/oexpressobr.com.br\/index.php?rest_route=\/wp\/v2\/posts"}],"about":[{"href":"https:\/\/oexpressobr.com.br\/index.php?rest_route=\/wp\/v2\/types\/post"}],"author":[{"embeddable":true,"href":"https:\/\/oexpressobr.com.br\/index.php?rest_route=\/wp\/v2\/users\/1"}],"replies":[{"embeddable":true,"href":"https:\/\/oexpressobr.com.br\/index.php?rest_route=%2Fwp%2Fv2%2Fcomments&post=3695"}],"version-history":[{"count":1,"href":"https:\/\/oexpressobr.com.br\/index.php?rest_route=\/wp\/v2\/posts\/3695\/revisions"}],"predecessor-version":[{"id":3697,"href":"https:\/\/oexpressobr.com.br\/index.php?rest_route=\/wp\/v2\/posts\/3695\/revisions\/3697"}],"wp:featuredmedia":[{"embeddable":true,"href":"https:\/\/oexpressobr.com.br\/index.php?rest_route=\/wp\/v2\/media\/3696"}],"wp:attachment":[{"href":"https:\/\/oexpressobr.com.br\/index.php?rest_route=%2Fwp%2Fv2%2Fmedia&parent=3695"}],"wp:term":[{"taxonomy":"category","embeddable":true,"href":"https:\/\/oexpressobr.com.br\/index.php?rest_route=%2Fwp%2Fv2%2Fcategories&post=3695"},{"taxonomy":"post_tag","embeddable":true,"href":"https:\/\/oexpressobr.com.br\/index.php?rest_route=%2Fwp%2Fv2%2Ftags&post=3695"}],"curies":[{"name":"wp","href":"https:\/\/api.w.org\/{rel}","templated":true}]}}