{"id":3698,"date":"2026-02-12T12:21:33","date_gmt":"2026-02-12T15:21:33","guid":{"rendered":"https:\/\/oexpressobr.com.br\/?p=3698"},"modified":"2026-02-12T12:21:35","modified_gmt":"2026-02-12T15:21:35","slug":"carnaval-pais-nao-devem-postar-imagens-de-criancas-alertam-especialistas-e-organizacoes-de-protecao","status":"publish","type":"post","link":"https:\/\/oexpressobr.com.br\/?p=3698","title":{"rendered":"CARNAVAL: PAIS n\u00e3o devem postar imagens de crian\u00e7as, alertam especialistas e organiza\u00e7\u00f5es de prote\u00e7\u00e3o"},"content":{"rendered":"\n<p class=\"wp-block-paragraph\"><strong>BRAS\u00cdLIA<\/strong> \u2013 Com a chegada do Carnaval 2026, especialistas em direitos digitais e prote\u00e7\u00e3o \u00e0 inf\u00e2ncia refor\u00e7am um alerta crucial para as fam\u00edlias: a exposi\u00e7\u00e3o excessiva de crian\u00e7as e adolescentes nas redes sociais, pr\u00e1tica conhecida como <em>sharenting<\/em>, pode atrair riscos graves que v\u00e3o desde a viola\u00e7\u00e3o da privacidade at\u00e9 a explora\u00e7\u00e3o sexual digital.<\/p>\n\n\n\n<p class=\"wp-block-paragraph\">\u200bMaur\u00edcio Cunha, presidente da ChildFund Brasil, destaca que o per\u00edodo carnavalesco registra historicamente um aumento nas viola\u00e7\u00f5es de direitos humanos. Segundo o pesquisador, o que parece ser um registro inocente da folia pode ser capturado por redes criminosas. &#8220;A gente orienta as fam\u00edlias a desligar a localiza\u00e7\u00e3o e evitar fotos, v\u00eddeos e lives. Uma foto simples pode ser manipulada ou parar em redes de conte\u00fado inadequado&#8221;, afirmou em entrevista \u00e0 Ag\u00eancia Brasil nesta quinta-feira (12).<\/p>\n\n\n\n<h3 class=\"wp-block-heading\">\u200bOs riscos do &#8220;Sharenting&#8221; na folia<\/h3>\n\n\n\n<p class=\"wp-block-paragraph\">\u200bO termo <em>sharenting<\/em> (jun\u00e7\u00e3o das palavras inglesas <em>share<\/em>, compartilhar, e <em>parenting<\/em>, paternidade) descreve o h\u00e1bito dos respons\u00e1veis de publicar detalhes da rotina dos filhos. No Carnaval, o perigo \u00e9 potencializado pelo uso de fantasias que, em m\u00e3os erradas, podem ser utilizadas para a sexualiza\u00e7\u00e3o precoce ou para alimentar f\u00f3runs de pedofilia.<\/p>\n\n\n\n<p class=\"wp-block-paragraph\">\u200bAl\u00e9m dos riscos externos, psic\u00f3logos alertam para o impacto na sa\u00fade mental e no desenvolvimento da identidade. Ao serem expostas para obter &#8220;curtidas&#8221;, as crian\u00e7as podem crescer dependentes da valida\u00e7\u00e3o digital, perdendo a espontaneidade de apenas brincar.<\/p>\n\n\n\n<h3 class=\"wp-block-heading\">\u200bCampanhas de prote\u00e7\u00e3o em 2026<\/h3>\n\n\n\n<p class=\"wp-block-paragraph\">\u200bO Governo Federal e \u00f3rg\u00e3os do Judici\u00e1rio lan\u00e7aram mobiliza\u00e7\u00f5es nacionais para garantir uma folia segura. A campanha <strong>&#8220;Pule, Brinque e Cuide&#8221;<\/strong>, do Minist\u00e9rio dos Direitos Humanos e da Cidadania, conclama a sociedade a ser vigilante. J\u00e1 o Conselho Nacional de Justi\u00e7a (CNJ) promove o <strong>&#8220;Bloquinho do Respeito&#8221;<\/strong>, com foco no combate \u00e0 explora\u00e7\u00e3o do trabalho infantil e ao consumo de \u00e1lcool por menores.<\/p>\n\n\n\n<h3 class=\"wp-block-heading\">\u200bRecomenda\u00e7\u00f5es para os respons\u00e1veis:<\/h3>\n\n\n\n<p class=\"wp-block-paragraph\">\u200bPara quem vai levar os pequenos para os blocos e matin\u00eas, as orienta\u00e7\u00f5es de seguran\u00e7a atualizadas incluem:<\/p>\n\n\n\n<ul class=\"wp-block-list\">\n<li>\u200b<strong>Evite fotos p\u00fablicas:<\/strong> Se quiser registrar o momento, guarde as imagens para o \u00e1lbum da fam\u00edlia ou compartilhe apenas em grupos privados e fechados.<\/li>\n\n\n\n<li>\u200b<strong>Identifica\u00e7\u00e3o f\u00edsica:<\/strong> Use pulseiras ou crach\u00e1s com o nome da crian\u00e7a e o telefone do respons\u00e1vel.<\/li>\n\n\n\n<li>\u200b<strong>Desative a geolocaliza\u00e7\u00e3o:<\/strong> N\u00e3o publique fotos que mostrem o local exato onde a crian\u00e7a se encontra em tempo real.<\/li>\n\n\n\n<li>\u200b<strong>Consentimento:<\/strong> Para crian\u00e7as maiores, pergunte se elas se sentem confort\u00e1veis com a publica\u00e7\u00e3o.<\/li>\n\n\n\n<li>\u200b<strong>Denuncie:<\/strong> Caso presencie qualquer viola\u00e7\u00e3o, utilize o <strong>Disque 100<\/strong>, canal gratuito que funciona 24 horas.<\/li>\n<\/ul>\n\n\n\n<p class=\"wp-block-paragraph\">\u200bEspecialistas lembram que a internet \u00e9 a &#8220;maior pra\u00e7a p\u00fablica do mundo&#8221;. Assim como n\u00e3o se deixaria uma crian\u00e7a sozinha em um bloco lotado, n\u00e3o se deve deix\u00e1-la desprotegida na vitrine digital das redes sociais.<\/p>\n","protected":false},"excerpt":{"rendered":"<p>BRAS\u00cdLIA \u2013 Com a chegada do Carnaval 2026, especialistas em direitos digitais e prote\u00e7\u00e3o \u00e0 inf\u00e2ncia refor\u00e7am um alerta crucial para as fam\u00edlias: a exposi\u00e7\u00e3o [&#8230;]<\/p>\n","protected":false},"author":1,"featured_media":3699,"comment_status":"open","ping_status":"open","sticky":false,"template":"","format":"standard","meta":{"_crdt_document":"","_jetpack_memberships_contains_paid_content":false,"footnotes":"","jetpack_publicize_message":"","jetpack_publicize_feature_enabled":true,"jetpack_social_post_already_shared":true,"jetpack_social_options":{"image_generator_settings":{"template":"highway","default_image_id":0,"font":"","enabled":false},"version":2}},"categories":[3],"tags":[],"class_list":["post-3698","post","type-post","status-publish","format-standard","has-post-thumbnail","hentry","category-brasil"],"jetpack_publicize_connections":[],"jetpack_featured_media_url":"https:\/\/i0.wp.com\/oexpressobr.com.br\/wp-content\/uploads\/2026\/02\/1107963-fcpzzb_abr_11022018_1317_1.webp?fit=1170%2C700&ssl=1","jetpack_likes_enabled":true,"jetpack_sharing_enabled":true,"_links":{"self":[{"href":"https:\/\/oexpressobr.com.br\/index.php?rest_route=\/wp\/v2\/posts\/3698","targetHints":{"allow":["GET"]}}],"collection":[{"href":"https:\/\/oexpressobr.com.br\/index.php?rest_route=\/wp\/v2\/posts"}],"about":[{"href":"https:\/\/oexpressobr.com.br\/index.php?rest_route=\/wp\/v2\/types\/post"}],"author":[{"embeddable":true,"href":"https:\/\/oexpressobr.com.br\/index.php?rest_route=\/wp\/v2\/users\/1"}],"replies":[{"embeddable":true,"href":"https:\/\/oexpressobr.com.br\/index.php?rest_route=%2Fwp%2Fv2%2Fcomments&post=3698"}],"version-history":[{"count":1,"href":"https:\/\/oexpressobr.com.br\/index.php?rest_route=\/wp\/v2\/posts\/3698\/revisions"}],"predecessor-version":[{"id":3700,"href":"https:\/\/oexpressobr.com.br\/index.php?rest_route=\/wp\/v2\/posts\/3698\/revisions\/3700"}],"wp:featuredmedia":[{"embeddable":true,"href":"https:\/\/oexpressobr.com.br\/index.php?rest_route=\/wp\/v2\/media\/3699"}],"wp:attachment":[{"href":"https:\/\/oexpressobr.com.br\/index.php?rest_route=%2Fwp%2Fv2%2Fmedia&parent=3698"}],"wp:term":[{"taxonomy":"category","embeddable":true,"href":"https:\/\/oexpressobr.com.br\/index.php?rest_route=%2Fwp%2Fv2%2Fcategories&post=3698"},{"taxonomy":"post_tag","embeddable":true,"href":"https:\/\/oexpressobr.com.br\/index.php?rest_route=%2Fwp%2Fv2%2Ftags&post=3698"}],"curies":[{"name":"wp","href":"https:\/\/api.w.org\/{rel}","templated":true}]}}