{"id":3704,"date":"2026-02-12T12:32:33","date_gmt":"2026-02-12T15:32:33","guid":{"rendered":"https:\/\/oexpressobr.com.br\/?p=3704"},"modified":"2026-02-12T12:32:35","modified_gmt":"2026-02-12T15:32:35","slug":"pernambuco-e-grande-rio-celebram-o-manguebeat-na-marques-de-sapucai","status":"publish","type":"post","link":"https:\/\/oexpressobr.com.br\/?p=3704","title":{"rendered":"Pernambuco e Grande Rio celebram o Manguebeat na Marqu\u00eas de Sapuca\u00ed"},"content":{"rendered":"\n<p class=\"wp-block-paragraph\">A Acad\u00eamicos do Grande Rio promete transformar o Samb\u00f3dromo do Rio de Janeiro em um imenso manguezal tecnol\u00f3gico no Carnaval de 2026. Com o enredo <strong>&#8220;A Na\u00e7\u00e3o do Mangue&#8221;<\/strong>, a escola de Duque de Caxias homenageia o movimento Manguebeat, surgido no Recife nos anos 90, e estabelece uma conex\u00e3o profunda entre as periferias fluminense e pernambucana.<\/p>\n\n\n\n<h3 class=\"wp-block-heading\">\u200bConex\u00e3o entre solos e sons<\/h3>\n\n\n\n<p class=\"wp-block-paragraph\">\u200bO carnavalesco <strong>Ant\u00f4nio Gonzaga<\/strong> destaca que a escolha do tema n\u00e3o \u00e9 apenas est\u00e9tica, mas social. Segundo ele, &#8220;o samba e o Manguebeat nascem da mesma lama&#8221;, referindo-se \u00e0 fertilidade cultural das zonas de mangue que cercam tanto a capital pernambucana quanto a regi\u00e3o da Baixada Fluminense.<\/p>\n\n\n\n<p class=\"wp-block-paragraph\">\u200bO desfile ser\u00e1 dividido em seis setores, contando com cinco carros aleg\u00f3ricos e tr\u00eas trip\u00e9s. A narrativa percorre desde a ancestralidade \u2014 com refer\u00eancias a Nan\u00e3, a orix\u00e1 da lama \u2014 at\u00e9 a explos\u00e3o urbana de Chico Science.<\/p>\n\n\n\n<h3 class=\"wp-block-heading\">\u200bEstrelas e s\u00edmbolos na avenida<\/h3>\n\n\n\n<p class=\"wp-block-paragraph\">\u200bA escola contar\u00e1 com presen\u00e7as de peso que refor\u00e7am o v\u00ednculo com o movimento. Entre os confirmados est\u00e3o:<\/p>\n\n\n\n<ul class=\"wp-block-list\">\n<li>\u200b<strong>Louise Fran\u00e7a:<\/strong> A filha de Chico Science ter\u00e1 um papel de destaque no desfile, validando a homenagem ao legado de seu pai.<\/li>\n\n\n\n<li>\u200b<strong>Duda Beat:<\/strong> A cantora recifense, expoente do &#8220;pop mangue&#8221; atual, far\u00e1 sua estreia na Sapuca\u00ed pela agremia\u00e7\u00e3o.<\/li>\n\n\n\n<li>\u200b<strong>Virginia Fonseca:<\/strong> A influenciadora segue como rainha de bateria, \u00e0 frente da &#8220;Invocada&#8221; de Mestre Faf\u00e1.<\/li>\n<\/ul>\n\n\n\n<h3 class=\"wp-block-heading\">\u200bO ritmo da &#8220;Na\u00e7\u00e3o do Mangue&#8221;<\/h3>\n\n\n\n<p class=\"wp-block-paragraph\">\u200bA bateria de <strong>Mestre Faf\u00e1<\/strong> preparou arranjos especiais que misturam o samba-enredo cl\u00e1ssico com a pulsa\u00e7\u00e3o do maracatu e do frevo. Os 270 ritmistas vestir\u00e3o fantasias inspiradas no bloco afro <strong>Lamento Negro<\/strong>, de Olinda, grupo que teve participa\u00e7\u00e3o direta de Chico Science em sua funda\u00e7\u00e3o. No som, o p\u00fablico pode esperar a presen\u00e7a marcante de alfaias e a cad\u00eancia caracter\u00edstica das m\u00fasicas de <em>Da Lama ao Caos<\/em>.<\/p>\n\n\n\n<h3 class=\"wp-block-heading\">\u200bAgenda do desfile<\/h3>\n\n\n\n<p class=\"wp-block-paragraph\">\u200bA Grande Rio ser\u00e1 a <strong>pen\u00faltima escola<\/strong> a entrar na avenida na <strong>ter\u00e7a-feira de Carnaval, dia 17 de fevereiro<\/strong>. A expectativa \u00e9 que a escola dispute o t\u00edtulo, buscando o bicampeonato com uma proposta que une tradi\u00e7\u00e3o nordestina e a modernidade das antenas parab\u00f3licas fincadas na lama.<\/p>\n\n\n\n<p class=\"wp-block-paragraph\">\u200b<strong>Ficha T\u00e9cnica Principal:<\/strong><\/p>\n\n\n\n<ul class=\"wp-block-list\">\n<li>\u200b<strong>Enredo:<\/strong> A Na\u00e7\u00e3o do Mangue<\/li>\n\n\n\n<li>\u200b<strong>Carnavalesco:<\/strong> Ant\u00f4nio Gonzaga<\/li>\n\n\n\n<li>\u200b<strong>Int\u00e9rprete:<\/strong> Evandro Malandro<\/li>\n\n\n\n<li>\u200b<strong>Mestre de Bateria:<\/strong> Faf\u00e1<\/li>\n\n\n\n<li>\u200b<strong>Rainha de Bateria:<\/strong> Virginia Fonseca<\/li>\n<\/ul>\n","protected":false},"excerpt":{"rendered":"<p>A Acad\u00eamicos do Grande Rio promete transformar o Samb\u00f3dromo do Rio de Janeiro em um imenso manguezal tecnol\u00f3gico no Carnaval de 2026. Com o enredo [&#8230;]<\/p>\n","protected":false},"author":1,"featured_media":3705,"comment_status":"open","ping_status":"open","sticky":false,"template":"","format":"standard","meta":{"_crdt_document":"","_jetpack_memberships_contains_paid_content":false,"footnotes":"","jetpack_publicize_message":"","jetpack_publicize_feature_enabled":true,"jetpack_social_post_already_shared":true,"jetpack_social_options":{"image_generator_settings":{"template":"highway","default_image_id":0,"font":"","enabled":false},"version":2}},"categories":[3],"tags":[],"class_list":["post-3704","post","type-post","status-publish","format-standard","has-post-thumbnail","hentry","category-brasil"],"jetpack_publicize_connections":[],"jetpack_featured_media_url":"https:\/\/i0.wp.com\/oexpressobr.com.br\/wp-content\/uploads\/2026\/02\/d6a5243_2.webp?fit=1170%2C700&ssl=1","jetpack_likes_enabled":true,"jetpack_sharing_enabled":true,"_links":{"self":[{"href":"https:\/\/oexpressobr.com.br\/index.php?rest_route=\/wp\/v2\/posts\/3704","targetHints":{"allow":["GET"]}}],"collection":[{"href":"https:\/\/oexpressobr.com.br\/index.php?rest_route=\/wp\/v2\/posts"}],"about":[{"href":"https:\/\/oexpressobr.com.br\/index.php?rest_route=\/wp\/v2\/types\/post"}],"author":[{"embeddable":true,"href":"https:\/\/oexpressobr.com.br\/index.php?rest_route=\/wp\/v2\/users\/1"}],"replies":[{"embeddable":true,"href":"https:\/\/oexpressobr.com.br\/index.php?rest_route=%2Fwp%2Fv2%2Fcomments&post=3704"}],"version-history":[{"count":1,"href":"https:\/\/oexpressobr.com.br\/index.php?rest_route=\/wp\/v2\/posts\/3704\/revisions"}],"predecessor-version":[{"id":3706,"href":"https:\/\/oexpressobr.com.br\/index.php?rest_route=\/wp\/v2\/posts\/3704\/revisions\/3706"}],"wp:featuredmedia":[{"embeddable":true,"href":"https:\/\/oexpressobr.com.br\/index.php?rest_route=\/wp\/v2\/media\/3705"}],"wp:attachment":[{"href":"https:\/\/oexpressobr.com.br\/index.php?rest_route=%2Fwp%2Fv2%2Fmedia&parent=3704"}],"wp:term":[{"taxonomy":"category","embeddable":true,"href":"https:\/\/oexpressobr.com.br\/index.php?rest_route=%2Fwp%2Fv2%2Fcategories&post=3704"},{"taxonomy":"post_tag","embeddable":true,"href":"https:\/\/oexpressobr.com.br\/index.php?rest_route=%2Fwp%2Fv2%2Ftags&post=3704"}],"curies":[{"name":"wp","href":"https:\/\/api.w.org\/{rel}","templated":true}]}}