{"id":3708,"date":"2026-02-12T12:37:24","date_gmt":"2026-02-12T15:37:24","guid":{"rendered":"https:\/\/oexpressobr.com.br\/?p=3708"},"modified":"2026-02-12T12:37:26","modified_gmt":"2026-02-12T15:37:26","slug":"conab-projeta-safra-recorde-de-3534-milhoes-de-toneladas-com-lideranca-da-soja","status":"publish","type":"post","link":"https:\/\/oexpressobr.com.br\/?p=3708","title":{"rendered":"Conab projeta safra recorde de 353,4 milh\u00f5es de toneladas com lideran\u00e7a da soja"},"content":{"rendered":"\n<p class=\"wp-block-paragraph\"><strong>BRAS\u00cdLIA<\/strong> \u2013 O agroneg\u00f3cio brasileiro caminha para consolidar mais um marco hist\u00f3rico. Segundo o 5\u00ba Levantamento da Safra de Gr\u00e3os 2025\/26, divulgado nesta quinta-feira (12) pela Companhia Nacional de Abastecimento (Conab), a produ\u00e7\u00e3o nacional deve atingir o recorde de 353,4 milh\u00f5es de toneladas. O n\u00famero representa um crescimento de 0,3% em rela\u00e7\u00e3o ao ciclo anterior, impulsionado por um aumento de 1,9% na \u00e1rea plantada, que agora chega a 83,3 milh\u00f5es de hectares.<\/p>\n\n\n\n<p class=\"wp-block-paragraph\">\u200bO protagonismo da safra recai sobre a soja. A oleaginosa deve alcan\u00e7ar a marca in\u00e9dita de 178 milh\u00f5es de toneladas, um incremento de 6,5 milh\u00f5es de toneladas comparado \u00e0 safra 2024\/25. De acordo com os t\u00e9cnicos da Conab, o desempenho \u00e9 fruto de condi\u00e7\u00f5es clim\u00e1ticas favor\u00e1veis nas principais regi\u00f5es produtoras. No Mato Grosso, maior estado produtor, a colheita j\u00e1 avan\u00e7ou sobre quase metade da \u00e1rea cultivada (46,8%), apresentando produtividades que confirmam as expectativas otimistas do in\u00edcio do ciclo.<\/p>\n\n\n\n<p class=\"wp-block-paragraph\">\u200b<strong>Cen\u00e1rio misto para o milho e outras culturas<\/strong><\/p>\n\n\n\n<p class=\"wp-block-paragraph\">Embora o volume total de gr\u00e3os seja recorde, o milho apresenta um comportamento heterog\u00eaneo. A produ\u00e7\u00e3o total do cereal est\u00e1 estimada em 138,4 milh\u00f5es de toneladas, o que representa uma leve queda de 1,9% frente ao per\u00edodo anterior. No entanto, a primeira safra de milho registrou expans\u00e3o de 7,1%, somando 26,7 milh\u00f5es de toneladas. A aten\u00e7\u00e3o dos produtores volta-se agora para a segunda safra (safrinha), que j\u00e1 tem cerca de 21,6% de sua \u00e1rea semeada, apesar de alertas sobre o atraso da janela de plantio em estados como Goi\u00e1s e Maranh\u00e3o.<\/p>\n\n\n\n<p class=\"wp-block-paragraph\">\u200bOutros produtos essenciais para a mesa do brasileiro tamb\u00e9m apresentam varia\u00e7\u00f5es:<\/p>\n\n\n\n<ul class=\"wp-block-list\">\n<li>\u200b<strong>Arroz:<\/strong> A produ\u00e7\u00e3o \u00e9 estimada em 10,9 milh\u00f5es de toneladas. Mesmo com uma redu\u00e7\u00e3o na \u00e1rea cultivada no Rio Grande do Sul, a Conab garante que o volume ser\u00e1 suficiente para o abastecimento interno.<\/li>\n\n\n\n<li>\u200b<strong>Feij\u00e3o:<\/strong> A estimativa \u00e9 de 3 milh\u00f5es de toneladas, com Minas Gerais assumindo a lideran\u00e7a na produ\u00e7\u00e3o da primeira safra, registrando um aumento de 9,5%.<\/li>\n\n\n\n<li>\u200b<strong>Algod\u00e3o:<\/strong> Apresenta uma retra\u00e7\u00e3o projetada, com produ\u00e7\u00e3o estimada em 3,8 milh\u00f5es de toneladas de pluma.<\/li>\n<\/ul>\n\n\n\n<p class=\"wp-block-paragraph\">\u200b<strong>Desafios na produtividade<\/strong><\/p>\n\n\n\n<p class=\"wp-block-paragraph\">Apesar do aumento da \u00e1rea plantada, a produtividade m\u00e9dia nacional deve registrar um recuo de 1,5%, caindo de 4.310 kg\/ha para 4.244 kg\/ha. Esse fen\u00f4meno \u00e9 monitorado de perto pelo Minist\u00e9rio do Desenvolvimento Agr\u00e1rio e pela Conab, que atribuem a varia\u00e7\u00e3o a ajustes pontuais no manejo e \u00e0s especificidades clim\u00e1ticas regionais durante o desenvolvimento das culturas de primeira safra.<\/p>\n\n\n\n<p class=\"wp-block-paragraph\">\u200bCom a colheita da soja avan\u00e7ando em ritmo superior ao do ano passado (17,4% da \u00e1rea total j\u00e1 colhida), o Brasil refor\u00e7a sua posi\u00e7\u00e3o como principal fornecedor global de alimentos, mantendo a estabilidade dos estoques internos e a competitividade nas exporta\u00e7\u00f5es, especialmente ap\u00f3s os recordes de embarques de milho registrados no \u00faltimo ciclo.<\/p>\n","protected":false},"excerpt":{"rendered":"<p>BRAS\u00cdLIA \u2013 O agroneg\u00f3cio brasileiro caminha para consolidar mais um marco hist\u00f3rico. Segundo o 5\u00ba Levantamento da Safra de Gr\u00e3os 2025\/26, divulgado nesta quinta-feira (12) [&#8230;]<\/p>\n","protected":false},"author":1,"featured_media":3709,"comment_status":"open","ping_status":"open","sticky":false,"template":"","format":"standard","meta":{"_crdt_document":"","_jetpack_memberships_contains_paid_content":false,"footnotes":"","jetpack_publicize_message":"","jetpack_publicize_feature_enabled":true,"jetpack_social_post_already_shared":true,"jetpack_social_options":{"image_generator_settings":{"template":"highway","default_image_id":0,"font":"","enabled":false},"version":2}},"categories":[34],"tags":[],"class_list":["post-3708","post","type-post","status-publish","format-standard","has-post-thumbnail","hentry","category-agro"],"jetpack_publicize_connections":[],"jetpack_featured_media_url":"https:\/\/i0.wp.com\/oexpressobr.com.br\/wp-content\/uploads\/2026\/02\/colheita-de-soja-foto-alvaro-rezende-3-730x480govcg.webp?fit=1170%2C700&ssl=1","jetpack_likes_enabled":true,"jetpack_sharing_enabled":true,"_links":{"self":[{"href":"https:\/\/oexpressobr.com.br\/index.php?rest_route=\/wp\/v2\/posts\/3708","targetHints":{"allow":["GET"]}}],"collection":[{"href":"https:\/\/oexpressobr.com.br\/index.php?rest_route=\/wp\/v2\/posts"}],"about":[{"href":"https:\/\/oexpressobr.com.br\/index.php?rest_route=\/wp\/v2\/types\/post"}],"author":[{"embeddable":true,"href":"https:\/\/oexpressobr.com.br\/index.php?rest_route=\/wp\/v2\/users\/1"}],"replies":[{"embeddable":true,"href":"https:\/\/oexpressobr.com.br\/index.php?rest_route=%2Fwp%2Fv2%2Fcomments&post=3708"}],"version-history":[{"count":1,"href":"https:\/\/oexpressobr.com.br\/index.php?rest_route=\/wp\/v2\/posts\/3708\/revisions"}],"predecessor-version":[{"id":3710,"href":"https:\/\/oexpressobr.com.br\/index.php?rest_route=\/wp\/v2\/posts\/3708\/revisions\/3710"}],"wp:featuredmedia":[{"embeddable":true,"href":"https:\/\/oexpressobr.com.br\/index.php?rest_route=\/wp\/v2\/media\/3709"}],"wp:attachment":[{"href":"https:\/\/oexpressobr.com.br\/index.php?rest_route=%2Fwp%2Fv2%2Fmedia&parent=3708"}],"wp:term":[{"taxonomy":"category","embeddable":true,"href":"https:\/\/oexpressobr.com.br\/index.php?rest_route=%2Fwp%2Fv2%2Fcategories&post=3708"},{"taxonomy":"post_tag","embeddable":true,"href":"https:\/\/oexpressobr.com.br\/index.php?rest_route=%2Fwp%2Fv2%2Ftags&post=3708"}],"curies":[{"name":"wp","href":"https:\/\/api.w.org\/{rel}","templated":true}]}}