{"id":3714,"date":"2026-02-12T12:51:35","date_gmt":"2026-02-12T15:51:35","guid":{"rendered":"https:\/\/oexpressobr.com.br\/?p=3714"},"modified":"2026-02-12T12:51:37","modified_gmt":"2026-02-12T15:51:37","slug":"bloco-do-reggae-celebra-bob-marley-e-jimmy-cliff-no-carnaval-de-sao-luis","status":"publish","type":"post","link":"https:\/\/oexpressobr.com.br\/?p=3714","title":{"rendered":"BLOCO DO Reggae celebra Bob Marley e Jimmy Cliff no carnaval de S\u00e3o Lu\u00eds"},"content":{"rendered":"\n<p class=\"wp-block-paragraph\">A capital maranhense, consagrada como a <strong>&#8220;Jamaica Brasileira&#8221;<\/strong>, reafirma sua identidade cultural neste Carnaval de 2026. O tradicional <strong>Bloco do Reggae<\/strong>, que este ano celebra <strong>20 anos de hist\u00f3ria<\/strong>, leva para as ruas de S\u00e3o Lu\u00eds uma homenagem especial a dois pilares do ritmo mundial: <strong>Bob Marley<\/strong> e <strong>Jimmy Cliff<\/strong>.<\/p>\n\n\n\n<h3 class=\"wp-block-heading\">\u200bLegado e Homenagem<\/h3>\n\n\n\n<p class=\"wp-block-paragraph\">\u200bA escolha dos homenageados n\u00e3o \u00e9 apenas musical, mas um ato de resist\u00eancia e celebra\u00e7\u00e3o da filosofia rastaf\u00e1ri.<\/p>\n\n\n\n<ul class=\"wp-block-list\">\n<li>\u200b<strong>Jimmy Cliff:<\/strong> O tributo ganha um tom emocional ap\u00f3s o falecimento do artista no ano passado. Cliff \u00e9 considerado um dos pioneiros na introdu\u00e7\u00e3o do reggae no Maranh\u00e3o, com sucessos que embalam gera\u00e7\u00f5es desde a d\u00e9cada de 1970.<\/li>\n\n\n\n<li>\u200b<strong>Bob Marley:<\/strong> A maior refer\u00eancia do g\u00eanero \u00e9 celebrada por suas letras de den\u00fancia ao preconceito racial e sua mensagem de &#8220;vibra\u00e7\u00f5es positivas&#8221;.<\/li>\n<\/ul>\n\n\n\n<p class=\"wp-block-paragraph\">\u200bO coordenador do bloco e do grupo <strong>GDAM<\/strong> (Grupo de Dan\u00e7a Afro Malungos) \u2014 que tamb\u00e9m comemora 40 anos de funda\u00e7\u00e3o \u2014, <strong>Cl\u00e1udio Ad\u00e3o<\/strong>, destaca que o bloco \u00e9 uma vitrine para o trabalho desenvolvido o ano todo, envolvendo desde costureiras at\u00e9 equipes de radiolas e DJs.<\/p>\n\n\n\n<h3 class=\"wp-block-heading\">\u200bPrograma\u00e7\u00e3o e Onde Curtir<\/h3>\n\n\n\n<p class=\"wp-block-paragraph\">\u200bO reggae ocupa espa\u00e7os estrat\u00e9gicos na folia ludovicense, misturando-se aos blocos tradicionais e atra\u00e7\u00f5es nacionais.<\/p>\n\n\n\n<ul class=\"wp-block-list\">\n<li>\u200b<strong>Circuito Vem Pro Mar (Avenida Litor\u00e2nea):<\/strong> O Bloco do Reggae GDAM desfila oficialmente neste <strong>domingo (15\/02)<\/strong>, com concentra\u00e7\u00e3o prevista para as <strong>16h<\/strong>.<\/li>\n\n\n\n<li>\u200b<strong>Madre Deus:<\/strong> O reduto cultural da cidade recebe a &#8220;massa regueira&#8221; no espa\u00e7o <strong>Ladeira Prime<\/strong> nos dias <strong>14, 15 e 17 de fevereiro<\/strong>, com apresenta\u00e7\u00f5es da <strong>Banda Divino Roots<\/strong> e do cantor <strong>J\u00fanior Dread<\/strong>.<\/li>\n\n\n\n<li>\u200b<strong>Pra\u00e7a do Reggae (Centro Hist\u00f3rico):<\/strong> No Palco C\u00e9lia Sampaio, DJs como <strong>Josias Medalha<\/strong> e <strong>Waldiney<\/strong> mant\u00eam o ritmo vivo durante todo o per\u00edodo momesco.<\/li>\n<\/ul>\n\n\n\n<p class=\"wp-block-paragraph\">O Bloco do Reggae segue como um dos poucos do g\u00eanero no Brasil, provando que, no Maranh\u00e3o, o Carnaval tamb\u00e9m se dan\u00e7a &#8220;coladinho&#8221; e ao som do vinil.<\/p>\n","protected":false},"excerpt":{"rendered":"<p>A capital maranhense, consagrada como a &#8220;Jamaica Brasileira&#8221;, reafirma sua identidade cultural neste Carnaval de 2026. O tradicional Bloco do Reggae, que este ano celebra [&#8230;]<\/p>\n","protected":false},"author":1,"featured_media":3715,"comment_status":"open","ping_status":"open","sticky":false,"template":"","format":"standard","meta":{"_crdt_document":"","_jetpack_memberships_contains_paid_content":false,"footnotes":"","jetpack_publicize_message":"","jetpack_publicize_feature_enabled":true,"jetpack_social_post_already_shared":true,"jetpack_social_options":{"image_generator_settings":{"template":"highway","default_image_id":0,"font":"","enabled":false},"version":2}},"categories":[1],"tags":[],"class_list":["post-3714","post","type-post","status-publish","format-standard","has-post-thumbnail","hentry","category-geral"],"jetpack_publicize_connections":[],"jetpack_featured_media_url":"https:\/\/i0.wp.com\/oexpressobr.com.br\/wp-content\/uploads\/2026\/02\/jimmy_cliff.webp?fit=1170%2C700&ssl=1","jetpack_likes_enabled":true,"jetpack_sharing_enabled":true,"_links":{"self":[{"href":"https:\/\/oexpressobr.com.br\/index.php?rest_route=\/wp\/v2\/posts\/3714","targetHints":{"allow":["GET"]}}],"collection":[{"href":"https:\/\/oexpressobr.com.br\/index.php?rest_route=\/wp\/v2\/posts"}],"about":[{"href":"https:\/\/oexpressobr.com.br\/index.php?rest_route=\/wp\/v2\/types\/post"}],"author":[{"embeddable":true,"href":"https:\/\/oexpressobr.com.br\/index.php?rest_route=\/wp\/v2\/users\/1"}],"replies":[{"embeddable":true,"href":"https:\/\/oexpressobr.com.br\/index.php?rest_route=%2Fwp%2Fv2%2Fcomments&post=3714"}],"version-history":[{"count":1,"href":"https:\/\/oexpressobr.com.br\/index.php?rest_route=\/wp\/v2\/posts\/3714\/revisions"}],"predecessor-version":[{"id":3716,"href":"https:\/\/oexpressobr.com.br\/index.php?rest_route=\/wp\/v2\/posts\/3714\/revisions\/3716"}],"wp:featuredmedia":[{"embeddable":true,"href":"https:\/\/oexpressobr.com.br\/index.php?rest_route=\/wp\/v2\/media\/3715"}],"wp:attachment":[{"href":"https:\/\/oexpressobr.com.br\/index.php?rest_route=%2Fwp%2Fv2%2Fmedia&parent=3714"}],"wp:term":[{"taxonomy":"category","embeddable":true,"href":"https:\/\/oexpressobr.com.br\/index.php?rest_route=%2Fwp%2Fv2%2Fcategories&post=3714"},{"taxonomy":"post_tag","embeddable":true,"href":"https:\/\/oexpressobr.com.br\/index.php?rest_route=%2Fwp%2Fv2%2Ftags&post=3714"}],"curies":[{"name":"wp","href":"https:\/\/api.w.org\/{rel}","templated":true}]}}