{"id":3717,"date":"2026-02-12T12:58:42","date_gmt":"2026-02-12T15:58:42","guid":{"rendered":"https:\/\/oexpressobr.com.br\/?p=3717"},"modified":"2026-02-12T12:58:45","modified_gmt":"2026-02-12T15:58:45","slug":"folia-de-rua-bloquinhos-tradicionais-dao-a-largada-no-carnaval-de-curitiba-com-programacao-extensa-ate-domingo","status":"publish","type":"post","link":"https:\/\/oexpressobr.com.br\/?p=3717","title":{"rendered":"Folia de rua: Bloquinhos tradicionais d\u00e3o a largada no Carnaval de Curitiba com programa\u00e7\u00e3o extensa at\u00e9 domingo"},"content":{"rendered":"\n<p class=\"wp-block-paragraph\">O asfalto curitibano deu lugar ao confete e \u00e0 serpentina. A abertura oficial da programa\u00e7\u00e3o dos coletivos e blocos de rua iniciou as festividades na capital paranaense, prometendo transformar o cen\u00e1rio urbano em um corredor de alegria. Com uma agenda que se estende at\u00e9 o pr\u00f3ximo domingo (15), a festa descentralizada busca abra\u00e7ar diversas regi\u00f5es da cidade, refor\u00e7ando que Curitiba tem, sim, um Carnaval para chamar de seu.<\/p>\n\n\n\n<h3 class=\"wp-block-heading\">\u200bTradi\u00e7\u00e3o e diversidade nos bairros<\/h3>\n\n\n\n<p class=\"wp-block-paragraph\">\u200bDiferente dos desfiles de escolas de samba na Marechal Deodoro, os <strong>bloquinhos de rua<\/strong> apostam na proximidade com o p\u00fablico e na ocupa\u00e7\u00e3o de espa\u00e7os hist\u00f3ricos e comunit\u00e1rios. Este ano, a curadoria dos coletivos foca na diversidade de ritmos \u2014 do samba cl\u00e1ssico \u00e0s marchinhas e ritmos contempor\u00e2neos \u2014 garantindo entretenimento para fam\u00edlias, jovens e turistas.<\/p>\n\n\n\n<ul class=\"wp-block-list\">\n<li>\u200b<strong>Log\u00edstica e Seguran\u00e7a:<\/strong> A prefeitura e os \u00f3rg\u00e3os de seguran\u00e7a municipal refor\u00e7aram o monitoramento nas \u00e1reas de maior concentra\u00e7\u00e3o para garantir que o fluxo de foli\u00f5es ocorra de forma ordenada.<\/li>\n\n\n\n<li>\u200b<strong>Impacto Local:<\/strong> Al\u00e9m da divers\u00e3o, o com\u00e9rcio de rua e o setor de servi\u00e7os celebram o aumento na circula\u00e7\u00e3o de pessoas, impulsionando a economia criativa da capital.<\/li>\n<\/ul>\n\n\n\n<h3 class=\"wp-block-heading\">\u200bO que esperar at\u00e9 domingo<\/h3>\n\n\n\n<p class=\"wp-block-paragraph\">\u200bAt\u00e9 o encerramento da folia, o cronograma prev\u00ea encontros em pontos ic\u00f4nicos. A expectativa \u00e9 que o \u00e1pice da participa\u00e7\u00e3o popular ocorra entre o s\u00e1bado e a tarde de domingo, quando os maiores blocos devem atrair milhares de pessoas.<\/p>\n\n\n\n<blockquote class=\"wp-block-quote is-layout-flow wp-block-quote-is-layout-flow\">\n<p class=\"wp-block-paragraph\"><strong>Nota ao foli\u00e3o:<\/strong> Fique atento aos bloqueios de tr\u00e2nsito tempor\u00e1rios nas regi\u00f5es do Largo da Ordem e ruas adjacentes. A recomenda\u00e7\u00e3o \u00e9 priorizar o transporte coletivo ou aplicativos de mobilidade.<\/p>\n<\/blockquote>\n","protected":false},"excerpt":{"rendered":"<p>O asfalto curitibano deu lugar ao confete e \u00e0 serpentina. A abertura oficial da programa\u00e7\u00e3o dos coletivos e blocos de rua iniciou as festividades na [&#8230;]<\/p>\n","protected":false},"author":1,"featured_media":3718,"comment_status":"open","ping_status":"open","sticky":false,"template":"","format":"standard","meta":{"_crdt_document":"","_jetpack_memberships_contains_paid_content":false,"footnotes":"","jetpack_publicize_message":"","jetpack_publicize_feature_enabled":true,"jetpack_social_post_already_shared":true,"jetpack_social_options":{"image_generator_settings":{"template":"highway","default_image_id":0,"font":"","enabled":false},"version":2}},"categories":[46],"tags":[],"class_list":["post-3717","post","type-post","status-publish","format-standard","has-post-thumbnail","hentry","category-cidades"],"jetpack_publicize_connections":[],"jetpack_featured_media_url":"https:\/\/i0.wp.com\/oexpressobr.com.br\/wp-content\/uploads\/2026\/02\/pre-carnaval-curitiba.jpg?fit=984%2C676&ssl=1","jetpack_likes_enabled":true,"jetpack_sharing_enabled":true,"_links":{"self":[{"href":"https:\/\/oexpressobr.com.br\/index.php?rest_route=\/wp\/v2\/posts\/3717","targetHints":{"allow":["GET"]}}],"collection":[{"href":"https:\/\/oexpressobr.com.br\/index.php?rest_route=\/wp\/v2\/posts"}],"about":[{"href":"https:\/\/oexpressobr.com.br\/index.php?rest_route=\/wp\/v2\/types\/post"}],"author":[{"embeddable":true,"href":"https:\/\/oexpressobr.com.br\/index.php?rest_route=\/wp\/v2\/users\/1"}],"replies":[{"embeddable":true,"href":"https:\/\/oexpressobr.com.br\/index.php?rest_route=%2Fwp%2Fv2%2Fcomments&post=3717"}],"version-history":[{"count":1,"href":"https:\/\/oexpressobr.com.br\/index.php?rest_route=\/wp\/v2\/posts\/3717\/revisions"}],"predecessor-version":[{"id":3719,"href":"https:\/\/oexpressobr.com.br\/index.php?rest_route=\/wp\/v2\/posts\/3717\/revisions\/3719"}],"wp:featuredmedia":[{"embeddable":true,"href":"https:\/\/oexpressobr.com.br\/index.php?rest_route=\/wp\/v2\/media\/3718"}],"wp:attachment":[{"href":"https:\/\/oexpressobr.com.br\/index.php?rest_route=%2Fwp%2Fv2%2Fmedia&parent=3717"}],"wp:term":[{"taxonomy":"category","embeddable":true,"href":"https:\/\/oexpressobr.com.br\/index.php?rest_route=%2Fwp%2Fv2%2Fcategories&post=3717"},{"taxonomy":"post_tag","embeddable":true,"href":"https:\/\/oexpressobr.com.br\/index.php?rest_route=%2Fwp%2Fv2%2Ftags&post=3717"}],"curies":[{"name":"wp","href":"https:\/\/api.w.org\/{rel}","templated":true}]}}