{"id":372,"date":"2025-12-04T22:28:29","date_gmt":"2025-12-05T01:28:29","guid":{"rendered":"https:\/\/oexpressobr.com.br\/?p=372"},"modified":"2025-12-04T22:28:30","modified_gmt":"2025-12-05T01:28:30","slug":"justica-argentina-ordena-extradicao-de-brasileiros-condenados-por-atos-de-8-de-janeiro","status":"publish","type":"post","link":"https:\/\/oexpressobr.com.br\/?p=372","title":{"rendered":"Justi\u00e7a argentina ordena extradi\u00e7\u00e3o de brasileiros condenados por atos de 8 de janeiro"},"content":{"rendered":"\n<p class=\"wp-block-paragraph\">\u200bA Justi\u00e7a argentina determinou a extradi\u00e7\u00e3o dos cinco brasileiros condenados pelos atos antidemocr\u00e1ticos de 8 de janeiro de 2023 que estavam foragidos e presos no pa\u00eds vizinho. A decis\u00e3o, proferida pelo juiz Daniel Eduardo Rafecas do Tribunal Criminal n\u00famero 3 de Buenos Aires, atende a um pedido feito pelo ministro Alexandre de Moraes, do Supremo Tribunal Federal (STF), relator das a\u00e7\u00f5es penais.<\/p>\n\n\n\n<p class=\"wp-block-paragraph\">\u200bOs foragidos s\u00e3o <strong>Ana Paula de Souza<\/strong>, <strong>Wellington Luiz Firmino<\/strong>, <strong>Rodrigo de Freitas Moro Ramalho<\/strong>, <strong>Joelton Gusm\u00e3o de Oliveira<\/strong> e <strong>Joel Borges Corr\u00eaa<\/strong>. Eles foram condenados a penas que variam entre 13 e 17 anos de pris\u00e3o no Brasil por envolvimento nos ataques \u00e0s sedes dos Tr\u00eas Poderes, em Bras\u00edlia. O grupo fugiu para a Argentina, mas acabou detido em novembro do ano passado.<\/p>\n\n\n\n<h3 class=\"wp-block-heading\">\u200b\u2696\ufe0f Processo de Extradi\u00e7\u00e3o e Pr\u00f3ximos Passos<\/h3>\n\n\n\n<p class=\"wp-block-paragraph\">\u200bA decis\u00e3o da Justi\u00e7a argentina se baseia na compatibilidade dos crimes com o C\u00f3digo Penal argentino e no cumprimento das exig\u00eancias do tratado de extradi\u00e7\u00e3o entre os dois pa\u00edses. No entanto, a formaliza\u00e7\u00e3o e execu\u00e7\u00e3o do ato ainda dependem de etapas adicionais, sendo a mais crucial a an\u00e1lise do presidente argentino, Javier Milei.<\/p>\n\n\n\n<ul class=\"wp-block-list\">\n<li>\u200b<strong>Recurso:<\/strong> A defesa dos brasileiros j\u00e1 anunciou que pretende recorrer \u00e0 Suprema Corte da Argentina.<\/li>\n\n\n\n<li>\u200b<strong>Pedido de Ref\u00fagio:<\/strong> Os condenados tamb\u00e9m ingressaram com um pedido de ref\u00fagio pol\u00edtico na Comiss\u00e3o Nacional para os Refugiados da Argentina (Conare), que ainda n\u00e3o se manifestou.\n<ul class=\"wp-block-list\">\n<li>\u200b<em>Detalhamento:<\/em> A legisla\u00e7\u00e3o argentina prev\u00ea que, caso o ref\u00fagio seja concedido, a extradi\u00e7\u00e3o pode ser automaticamente anulada. Contudo, uma mudan\u00e7a na lei de outubro de 2024 pro\u00edbe a concess\u00e3o de ref\u00fagio a condenados por crimes graves, o que pode impactar a estrat\u00e9gia da defesa.<\/li>\n<\/ul>\n<\/li>\n\n\n\n<li>\u200b<strong>An\u00e1lise Presidencial:<\/strong> Ap\u00f3s esgotados os recursos judiciais, a palavra final sobre a extradi\u00e7\u00e3o compete ao Poder Executivo, sob a al\u00e7ada do presidente Javier Milei.<\/li>\n<\/ul>\n\n\n\n<h3 class=\"wp-block-heading\">\u200b\ud83c\udde7\ud83c\uddf7 Contexto Brasileiro e Penalidades<\/h3>\n\n\n\n<p class=\"wp-block-paragraph\">\u200bOs cinco integram um grupo maior de brasileiros que fugiram do pa\u00eds ap\u00f3s as condena\u00e7\u00f5es do STF para evitar a pris\u00e3o. O governo brasileiro havia enviado uma lista com mais de 180 nomes de foragidos para diversos pa\u00edses, incluindo a Argentina, Uruguai e Paraguai.<\/p>\n\n\n\n<p class=\"wp-block-paragraph\">\u200bAs condena\u00e7\u00f5es no Brasil tamb\u00e9m incluem o pagamento de uma indeniza\u00e7\u00e3o por danos morais coletivos no valor de R$ 30 milh\u00f5es, a ser dividido entre todos os condenados no inqu\u00e9rito. A decis\u00e3o judicial argentina n\u00e3o analisou o m\u00e9rito das condena\u00e7\u00f5es brasileiras, mas sim a viabilidade legal da extradi\u00e7\u00e3o sob a \u00f3tica dos acordos bilaterais.<\/p>\n\n\n\n<p class=\"wp-block-paragraph\">\u200b<strong>Fonte da Imagem:<\/strong> Amanda Cotrim\/UOL (foto de arquivo)<\/p>\n","protected":false},"excerpt":{"rendered":"<p>\u200bA Justi\u00e7a argentina determinou a extradi\u00e7\u00e3o dos cinco brasileiros condenados pelos atos antidemocr\u00e1ticos de 8 de janeiro de 2023 que estavam foragidos e presos no [&#8230;]<\/p>\n","protected":false},"author":1,"featured_media":373,"comment_status":"open","ping_status":"open","sticky":false,"template":"","format":"standard","meta":{"_crdt_document":"","_jetpack_memberships_contains_paid_content":false,"footnotes":"","jetpack_publicize_message":"","jetpack_publicize_feature_enabled":true,"jetpack_social_post_already_shared":false,"jetpack_social_options":{"image_generator_settings":{"template":"highway","default_image_id":0,"font":"","enabled":false},"version":2}},"categories":[8],"tags":[],"class_list":["post-372","post","type-post","status-publish","format-standard","has-post-thumbnail","hentry","category-judiciario"],"jetpack_publicize_connections":[],"jetpack_featured_media_url":"https:\/\/i0.wp.com\/oexpressobr.com.br\/wp-content\/uploads\/2025\/12\/IMG-20251204-WA0293.jpg?fit=900%2C506&ssl=1","jetpack_likes_enabled":true,"jetpack_sharing_enabled":true,"_links":{"self":[{"href":"https:\/\/oexpressobr.com.br\/index.php?rest_route=\/wp\/v2\/posts\/372","targetHints":{"allow":["GET"]}}],"collection":[{"href":"https:\/\/oexpressobr.com.br\/index.php?rest_route=\/wp\/v2\/posts"}],"about":[{"href":"https:\/\/oexpressobr.com.br\/index.php?rest_route=\/wp\/v2\/types\/post"}],"author":[{"embeddable":true,"href":"https:\/\/oexpressobr.com.br\/index.php?rest_route=\/wp\/v2\/users\/1"}],"replies":[{"embeddable":true,"href":"https:\/\/oexpressobr.com.br\/index.php?rest_route=%2Fwp%2Fv2%2Fcomments&post=372"}],"version-history":[{"count":0,"href":"https:\/\/oexpressobr.com.br\/index.php?rest_route=\/wp\/v2\/posts\/372\/revisions"}],"wp:featuredmedia":[{"embeddable":true,"href":"https:\/\/oexpressobr.com.br\/index.php?rest_route=\/wp\/v2\/media\/373"}],"wp:attachment":[{"href":"https:\/\/oexpressobr.com.br\/index.php?rest_route=%2Fwp%2Fv2%2Fmedia&parent=372"}],"wp:term":[{"taxonomy":"category","embeddable":true,"href":"https:\/\/oexpressobr.com.br\/index.php?rest_route=%2Fwp%2Fv2%2Fcategories&post=372"},{"taxonomy":"post_tag","embeddable":true,"href":"https:\/\/oexpressobr.com.br\/index.php?rest_route=%2Fwp%2Fv2%2Ftags&post=372"}],"curies":[{"name":"wp","href":"https:\/\/api.w.org\/{rel}","templated":true}]}}