{"id":3724,"date":"2026-02-12T13:08:51","date_gmt":"2026-02-12T16:08:51","guid":{"rendered":"https:\/\/oexpressobr.com.br\/?p=3724"},"modified":"2026-02-12T13:08:53","modified_gmt":"2026-02-12T16:08:53","slug":"justica-do-parana-condena-medico-lucas-saldanha-ortiz-por-cobrar-cirurgias-no-sus-em-toledo","status":"publish","type":"post","link":"https:\/\/oexpressobr.com.br\/?p=3724","title":{"rendered":"Justi\u00e7a do Paran\u00e1 condena m\u00e9dico Lucas Saldanha Ortiz por cobrar cirurgias no SUS em Toledo"},"content":{"rendered":"\n<p class=\"wp-block-paragraph\">O cen\u00e1rio da sa\u00fade p\u00fablica no Oeste do Paran\u00e1 foi abalado pela conclus\u00e3o de um processo judicial que exp\u00f4s um esquema de corrup\u00e7\u00e3o dentro do Sistema \u00danico de Sa\u00fade (SUS). O m\u00e9dico ortopedista <strong>Lucas Saldanha Ortiz<\/strong> foi condenado pela Justi\u00e7a do Paran\u00e1 a uma pena de <strong>10 anos de pris\u00e3o<\/strong> ap\u00f3s ser comprovado que ele exigia pagamentos indevidos de pacientes para a realiza\u00e7\u00e3o de procedimentos que deveriam ser gratuitos.<\/p>\n\n\n\n<h3 class=\"wp-block-heading\">\u200bO Esquema de Cobran\u00e7as Ilegais<\/h3>\n\n\n\n<p class=\"wp-block-paragraph\">\u200bAs investiga\u00e7\u00f5es, que culminaram na den\u00fancia do Minist\u00e9rio P\u00fablico do Paran\u00e1 (MPPR), revelaram que o m\u00e9dico aproveitava-se da vulnerabilidade de pacientes que aguardavam por interven\u00e7\u00f5es ortop\u00e9dicas.<\/p>\n\n\n\n<ul class=\"wp-block-list\">\n<li>\u200b<strong>Valores cobrados:<\/strong> De acordo com os depoimentos e provas coletadas, as taxas ilegais variavam entre <strong>R$ 50 e R$ 200<\/strong>.<\/li>\n\n\n\n<li>\u200b<strong>A &#8220;taxa&#8221; da gratuidade:<\/strong> O montante era solicitado sob o pretexto de agilizar o atendimento ou cobrir custos que, por lei, j\u00e1 s\u00e3o plenamente custeados pelo Governo Federal atrav\u00e9s do SUS.<\/li>\n\n\n\n<li>\u200b<strong>Localidade:<\/strong> Os crimes ocorreram na cidade de Toledo, onde o m\u00e9dico atuava como prestador de servi\u00e7os na rede p\u00fablica.<\/li>\n<\/ul>\n\n\n\n<h3 class=\"wp-block-heading\">\u200bA Decis\u00e3o Judicial e Desdobramentos<\/h3>\n\n\n\n<p class=\"wp-block-paragraph\">\u200bA condena\u00e7\u00e3o reflete o entendimento da Justi\u00e7a de que houve crime de <strong>concuss\u00e3o<\/strong> \u2014 que \u00e9 o ato de um funcion\u00e1rio p\u00fablico (ou equiparado, no caso de prestadores do SUS) exigir vantagem indevida em raz\u00e3o da fun\u00e7\u00e3o.<\/p>\n\n\n\n<blockquote class=\"wp-block-quote is-layout-flow wp-block-quote-is-layout-flow\">\n<p class=\"wp-block-paragraph\">\u200b&#8221;A pr\u00e1tica fere n\u00e3o apenas o patrim\u00f4nio das v\u00edtimas, muitas vezes de baixa renda, mas corr\u00f3i a confian\u00e7a da popula\u00e7\u00e3o no sistema p\u00fablico de sa\u00fade,&#8221; destacou a promotoria durante o processo.<\/p>\n<\/blockquote>\n\n\n\n<p class=\"wp-block-paragraph\">\u200bAl\u00e9m da pena de reclus\u00e3o, a senten\u00e7a prev\u00ea o afastamento de fun\u00e7\u00f5es p\u00fablicas e a repara\u00e7\u00e3o de danos. Cabe ressaltar que o m\u00e9dico ainda possui direito a recursos em inst\u00e2ncias superiores, mas a decis\u00e3o de primeiro grau \u00e9 vista como um marco no combate \u00e0s &#8220;taxas por fora&#8221; na regi\u00e3o.<\/p>\n\n\n\n<h3 class=\"wp-block-heading\">\u200bO que diz a defesa<\/h3>\n\n\n\n<p class=\"wp-block-paragraph\">\u200bAt\u00e9 o fechamento desta edi\u00e7\u00e3o, a defesa de Lucas Saldanha Ortiz n\u00e3o havia emitido uma nota oficial detalhando os pr\u00f3ximos passos do recurso, embora tenha mantido a tese de inoc\u00eancia durante o tr\u00e2mite processual.<\/p>\n","protected":false},"excerpt":{"rendered":"<p>O cen\u00e1rio da sa\u00fade p\u00fablica no Oeste do Paran\u00e1 foi abalado pela conclus\u00e3o de um processo judicial que exp\u00f4s um esquema de corrup\u00e7\u00e3o dentro do [&#8230;]<\/p>\n","protected":false},"author":1,"featured_media":3726,"comment_status":"open","ping_status":"open","sticky":false,"template":"","format":"standard","meta":{"_crdt_document":"","_jetpack_memberships_contains_paid_content":false,"footnotes":"","jetpack_publicize_message":"","jetpack_publicize_feature_enabled":true,"jetpack_social_post_already_shared":true,"jetpack_social_options":{"image_generator_settings":{"template":"highway","default_image_id":0,"font":"","enabled":false},"version":2}},"categories":[5],"tags":[],"class_list":["post-3724","post","type-post","status-publish","format-standard","has-post-thumbnail","hentry","category-parana"],"jetpack_publicize_connections":[],"jetpack_featured_media_url":"https:\/\/i0.wp.com\/oexpressobr.com.br\/wp-content\/uploads\/2026\/02\/dsc00451-1.jpg?fit=984%2C658&ssl=1","jetpack_likes_enabled":true,"jetpack_sharing_enabled":true,"_links":{"self":[{"href":"https:\/\/oexpressobr.com.br\/index.php?rest_route=\/wp\/v2\/posts\/3724","targetHints":{"allow":["GET"]}}],"collection":[{"href":"https:\/\/oexpressobr.com.br\/index.php?rest_route=\/wp\/v2\/posts"}],"about":[{"href":"https:\/\/oexpressobr.com.br\/index.php?rest_route=\/wp\/v2\/types\/post"}],"author":[{"embeddable":true,"href":"https:\/\/oexpressobr.com.br\/index.php?rest_route=\/wp\/v2\/users\/1"}],"replies":[{"embeddable":true,"href":"https:\/\/oexpressobr.com.br\/index.php?rest_route=%2Fwp%2Fv2%2Fcomments&post=3724"}],"version-history":[{"count":1,"href":"https:\/\/oexpressobr.com.br\/index.php?rest_route=\/wp\/v2\/posts\/3724\/revisions"}],"predecessor-version":[{"id":3727,"href":"https:\/\/oexpressobr.com.br\/index.php?rest_route=\/wp\/v2\/posts\/3724\/revisions\/3727"}],"wp:featuredmedia":[{"embeddable":true,"href":"https:\/\/oexpressobr.com.br\/index.php?rest_route=\/wp\/v2\/media\/3726"}],"wp:attachment":[{"href":"https:\/\/oexpressobr.com.br\/index.php?rest_route=%2Fwp%2Fv2%2Fmedia&parent=3724"}],"wp:term":[{"taxonomy":"category","embeddable":true,"href":"https:\/\/oexpressobr.com.br\/index.php?rest_route=%2Fwp%2Fv2%2Fcategories&post=3724"},{"taxonomy":"post_tag","embeddable":true,"href":"https:\/\/oexpressobr.com.br\/index.php?rest_route=%2Fwp%2Fv2%2Ftags&post=3724"}],"curies":[{"name":"wp","href":"https:\/\/api.w.org\/{rel}","templated":true}]}}