{"id":3758,"date":"2026-02-13T07:21:29","date_gmt":"2026-02-13T10:21:29","guid":{"rendered":"https:\/\/oexpressobr.com.br\/?p=3758"},"modified":"2026-02-13T07:21:30","modified_gmt":"2026-02-13T10:21:30","slug":"de-fa-a-protagonista-rafael-carleto-assume-os-vocais-do-projeto-marcao-britto-thiago-castanho-charlie-brown-jr-30-anos","status":"publish","type":"post","link":"https:\/\/oexpressobr.com.br\/?p=3758","title":{"rendered":"De f\u00e3 a protagonista: Rafael Carleto assume os vocais do projeto &#8220;Marc\u00e3o Britto &amp; Thiago Castanho &#8211; Charlie Brown Jr. 30 Anos&#8221;"},"content":{"rendered":"\n<p class=\"wp-block-paragraph\">O caminho entre o quarto de um adolescente em Apucarana, no norte do Paran\u00e1, e os grandes palcos do Brasil foi pavimentado com persist\u00eancia, skate e muito rock n&#8217; roll. <strong>Rafael Carleto<\/strong>, m\u00fasico paranaense que dedicou 15 anos de sua carreira a um tributo fiel ao Charlie Brown Jr., agora vive o que muitos chamariam de &#8220;zerar a vida&#8221;: ele \u00e9 o novo vocalista da turn\u00ea que celebra as tr\u00eas d\u00e9cadas de hist\u00f3ria da banda, ao lado dos guitarristas fundadores <strong>Marc\u00e3o Britto<\/strong> e <strong>Thiago Castanho<\/strong>.<\/p>\n\n\n\n<h3 class=\"wp-block-heading\">\u200bA Conquista do Legado<\/h3>\n\n\n\n<p class=\"wp-block-paragraph\">\u200bA escolha de Carleto n\u00e3o foi por acaso. Ap\u00f3s a tr\u00e1gica despedida de Chor\u00e3o em 2013, o v\u00e1cuo deixado no microfone era imenso. Diversos nomes passaram pelo projeto de celebra\u00e7\u00e3o, mas a sintonia de Rafael com os integrantes originais e o respeito t\u00e9cnico pela obra chamaram a aten\u00e7\u00e3o.<\/p>\n\n\n\n<ul class=\"wp-block-list\">\n<li>\u200b<strong>Trajet\u00f3ria:<\/strong> O cantor ganhou notoriedade regional com a banda &#8220;Tributo Charlie Brown&#8221;, de Apucarana, onde aperfei\u00e7oou n\u00e3o apenas o timbre, mas a energia de palco necess\u00e1ria para sustentar o repert\u00f3rio do grupo santista.<\/li>\n\n\n\n<li>\u200b<strong>O Convite:<\/strong> A transi\u00e7\u00e3o para o posto oficial veio ap\u00f3s apresenta\u00e7\u00f5es que impressionaram os veteranos Marc\u00e3o e Thiago, que buscavam algu\u00e9m que pudesse honrar as letras de Chor\u00e3o sem tentar substitu\u00ed-lo de forma caricata.<\/li>\n<\/ul>\n\n\n\n<h3 class=\"wp-block-heading\">\u200bO Que Esperar da Turn\u00ea 30 Anos<\/h3>\n\n\n\n<p class=\"wp-block-paragraph\"><\/p>\n\n\n\n<p class=\"wp-block-paragraph\">\u200bO projeto n\u00e3o \u00e9 apenas um show de nostalgia, mas uma celebra\u00e7\u00e3o t\u00e9cnica e emocional da discografia que definiu o rock brasileiro dos anos 90 e 2000.<\/p>\n\n\n\n<blockquote class=\"wp-block-quote is-layout-flow wp-block-quote-is-layout-flow\">\n<p class=\"wp-block-paragraph\">\u00c9 uma responsabilidade gigante e um sonho realizado. Representar o legado do Chor\u00e3o e estar ao lado dos caras que criaram esses riffs \u00e9 algo que eu ainda estou processando&#8221;, afirma Carleto em entrevistas recentes sobre a nova fase.<\/p>\n<\/blockquote>\n\n\n\n<h3 class=\"wp-block-heading\">\u200bNovidades e Pr\u00f3ximos Passos<\/h3>\n\n\n\n<p class=\"wp-block-paragraph\">\u200bCom a agenda de 2026 a todo vapor, o projeto segue rodando as principais capitais e festivais de m\u00fasica do pa\u00eds. A presen\u00e7a de um paranaense no comando dos vocais refor\u00e7a a descentraliza\u00e7\u00e3o do rock e prova que o legado de Santos (SP) encontrou um novo f\u00f4lego nas m\u00e3os de quem cresceu ouvindo os acordes de Marc\u00e3o e Thiago.<\/p>\n","protected":false},"excerpt":{"rendered":"<p>O caminho entre o quarto de um adolescente em Apucarana, no norte do Paran\u00e1, e os grandes palcos do Brasil foi pavimentado com persist\u00eancia, skate [&#8230;]<\/p>\n","protected":false},"author":1,"featured_media":3759,"comment_status":"open","ping_status":"open","sticky":false,"template":"","format":"standard","meta":{"_crdt_document":"","_jetpack_memberships_contains_paid_content":false,"footnotes":"","jetpack_publicize_message":"","jetpack_publicize_feature_enabled":true,"jetpack_social_post_already_shared":true,"jetpack_social_options":{"image_generator_settings":{"template":"highway","default_image_id":0,"font":"","enabled":false},"version":2}},"categories":[31],"tags":[],"class_list":["post-3758","post","type-post","status-publish","format-standard","has-post-thumbnail","hentry","category-entretenimento"],"jetpack_publicize_connections":[],"jetpack_featured_media_url":"https:\/\/i0.wp.com\/oexpressobr.com.br\/wp-content\/uploads\/2026\/02\/httpsportalnorte.com_.brwp-adminpost.phppost-292629-action-edit-95-.jpg?fit=1000%2C667&ssl=1","jetpack_likes_enabled":true,"jetpack_sharing_enabled":true,"_links":{"self":[{"href":"https:\/\/oexpressobr.com.br\/index.php?rest_route=\/wp\/v2\/posts\/3758","targetHints":{"allow":["GET"]}}],"collection":[{"href":"https:\/\/oexpressobr.com.br\/index.php?rest_route=\/wp\/v2\/posts"}],"about":[{"href":"https:\/\/oexpressobr.com.br\/index.php?rest_route=\/wp\/v2\/types\/post"}],"author":[{"embeddable":true,"href":"https:\/\/oexpressobr.com.br\/index.php?rest_route=\/wp\/v2\/users\/1"}],"replies":[{"embeddable":true,"href":"https:\/\/oexpressobr.com.br\/index.php?rest_route=%2Fwp%2Fv2%2Fcomments&post=3758"}],"version-history":[{"count":1,"href":"https:\/\/oexpressobr.com.br\/index.php?rest_route=\/wp\/v2\/posts\/3758\/revisions"}],"predecessor-version":[{"id":3760,"href":"https:\/\/oexpressobr.com.br\/index.php?rest_route=\/wp\/v2\/posts\/3758\/revisions\/3760"}],"wp:featuredmedia":[{"embeddable":true,"href":"https:\/\/oexpressobr.com.br\/index.php?rest_route=\/wp\/v2\/media\/3759"}],"wp:attachment":[{"href":"https:\/\/oexpressobr.com.br\/index.php?rest_route=%2Fwp%2Fv2%2Fmedia&parent=3758"}],"wp:term":[{"taxonomy":"category","embeddable":true,"href":"https:\/\/oexpressobr.com.br\/index.php?rest_route=%2Fwp%2Fv2%2Fcategories&post=3758"},{"taxonomy":"post_tag","embeddable":true,"href":"https:\/\/oexpressobr.com.br\/index.php?rest_route=%2Fwp%2Fv2%2Ftags&post=3758"}],"curies":[{"name":"wp","href":"https:\/\/api.w.org\/{rel}","templated":true}]}}