{"id":3767,"date":"2026-02-13T07:39:09","date_gmt":"2026-02-13T10:39:09","guid":{"rendered":"https:\/\/oexpressobr.com.br\/?p=3767"},"modified":"2026-02-13T07:39:10","modified_gmt":"2026-02-13T10:39:10","slug":"lula-viaja-a-asia-com-foco-em-inteligencia-artificial-e-expansao-comercial-na-india-e-coreia-do-sul","status":"publish","type":"post","link":"https:\/\/oexpressobr.com.br\/?p=3767","title":{"rendered":"Lula viaja \u00e0 \u00c1sia com foco em intelig\u00eancia artificial e expans\u00e3o comercial na \u00cdndia e Coreia do Sul"},"content":{"rendered":"\n<p class=\"wp-block-paragraph\"><strong>BRAS\u00cdLIA<\/strong> \u2013 O presidente Luiz In\u00e1cio Lula da Silva inicia, na pr\u00f3xima segunda-feira (17), uma agenda estrat\u00e9gica de oito dias pela \u00c1sia, com visitas oficiais \u00e0 \u00cdndia e \u00e0 Coreia do Sul. O roteiro, detalhado pelo Itamaraty nesta semana, marca um esfor\u00e7o do governo brasileiro para diversificar parcerias comerciais e inserir o pa\u00eds no debate global sobre tecnologias emergentes, como a Intelig\u00eancia Artificial (IA).<\/p>\n\n\n\n<p class=\"wp-block-paragraph\">\u200bA comitiva presidencial ser\u00e1 robusta, composta por pelo menos dez ministros \u2014 incluindo Mauro Vieira (Rela\u00e7\u00f5es Exteriores), Luciana Santos (Ci\u00eancia e Tecnologia) e Fernando Haddad (Fazenda) \u2014 al\u00e9m de uma delega\u00e7\u00e3o recorde de mais de 300 empres\u00e1rios brasileiros.<\/p>\n\n\n\n<h3 class=\"wp-block-heading\">\u200bPrimeira parada: \u00cdndia e a C\u00fapula de IA<\/h3>\n\n\n\n<p class=\"wp-block-paragraph\">\u200bEntre os dias 18 e 21 de fevereiro, Lula cumprir\u00e1 agenda em Nova D\u00e9lhi. O destaque inicial \u00e9 a participa\u00e7\u00e3o na <strong>C\u00fapula Global de Intelig\u00eancia Artificial<\/strong>, onde o presidente deve discursar no dia 19. \u00c9 a primeira vez que um chefe de Estado brasileiro participa de um evento deste porte dedicado ao tema, focando na democratiza\u00e7\u00e3o da tecnologia e no acesso de pa\u00edses em desenvolvimento a essas inova\u00e7\u00f5es.<\/p>\n\n\n\n<p class=\"wp-block-paragraph\">\u200bNo campo bilateral, Lula se reunir\u00e1 com o primeiro-ministro indiano, <strong>Narendra Modi<\/strong>. Entre os resultados esperados est\u00e3o:<\/p>\n\n\n\n<ul class=\"wp-block-list\">\n<li>\u200b<strong>Vistos:<\/strong> A extens\u00e3o da validade de vistos de turismo e neg\u00f3cios de cinco para dez anos.<\/li>\n\n\n\n<li>\u200b<strong>Defesa e Aeroespacial:<\/strong> Avan\u00e7os na coopera\u00e7\u00e3o entre a brasileira Embraer e a indiana Adani Defense &amp; Aerospace.<\/li>\n\n\n\n<li>\u200b<strong>Com\u00e9rcio:<\/strong> Refor\u00e7o pol\u00edtico para a amplia\u00e7\u00e3o do acordo Mercosul-\u00cdndia. Atualmente, a \u00cdndia \u00e9 o 10\u00ba principal destino das exporta\u00e7\u00f5es brasileiras.<\/li>\n<\/ul>\n\n\n\n<h3 class=\"wp-block-heading\">\u200bSegunda etapa: Inova\u00e7\u00e3o e semicondutores na Coreia do Sul<\/h3>\n\n\n\n<p class=\"wp-block-paragraph\">\u200bNo dia 22, a comitiva segue para Seul, onde Lula se encontrar\u00e1 com o presidente sul-coreano, <strong>Lee Jae-myung<\/strong>. A pauta na Coreia do Sul \u00e9 eminentemente tecnol\u00f3gica e industrial. O governo brasileiro mira atrair investimentos para o setor de semicondutores e minerais estrat\u00e9gicos, al\u00e9m de buscar parcerias na \u00e1rea de cosm\u00e9ticos e energia limpa.<\/p>\n\n\n\n<p class=\"wp-block-paragraph\">\u200bEst\u00e1 previsto um f\u00f3rum empresarial com a participa\u00e7\u00e3o de mais de 130 empresas sul-coreanas e brasileiras. O objetivo \u00e9 assinar um plano de a\u00e7\u00e3o com metas de coopera\u00e7\u00e3o econ\u00f4mica estendidas at\u00e9 2029.<\/p>\n\n\n\n<h3 class=\"wp-block-heading\">\u200bRetorno estrat\u00e9gico<\/h3>\n\n\n\n<p class=\"wp-block-paragraph\">\u200bA viagem ocorre em um momento em que o Brasil busca consolidar sua lideran\u00e7a no Sul Global e equilibrar sua balan\u00e7a comercial com as pot\u00eancias asi\u00e1ticas. Com um fluxo comercial que ultrapassa os US$ 10 bilh\u00f5es com ambos os pa\u00edses, o Itamaraty refor\u00e7a que o foco \u00e9 &#8220;vender o que o Brasil produz de melhor&#8221; e atrair f\u00e1bricas de alta tecnologia para solo nacional.<\/p>\n\n\n\n<p class=\"wp-block-paragraph\">\u200bO presidente Lula tem retorno previsto ao Brasil no dia 24 de fevereiro.<\/p>\n","protected":false},"excerpt":{"rendered":"<p>BRAS\u00cdLIA \u2013 O presidente Luiz In\u00e1cio Lula da Silva inicia, na pr\u00f3xima segunda-feira (17), uma agenda estrat\u00e9gica de oito dias pela \u00c1sia, com visitas oficiais [&#8230;]<\/p>\n","protected":false},"author":1,"featured_media":3768,"comment_status":"open","ping_status":"open","sticky":false,"template":"","format":"standard","meta":{"_crdt_document":"","_jetpack_memberships_contains_paid_content":false,"footnotes":"","jetpack_publicize_message":"","jetpack_publicize_feature_enabled":true,"jetpack_social_post_already_shared":true,"jetpack_social_options":{"image_generator_settings":{"template":"highway","default_image_id":0,"font":"","enabled":false},"version":2}},"categories":[3],"tags":[],"class_list":["post-3767","post","type-post","status-publish","format-standard","has-post-thumbnail","hentry","category-brasil"],"jetpack_publicize_connections":[],"jetpack_featured_media_url":"https:\/\/i0.wp.com\/oexpressobr.com.br\/wp-content\/uploads\/2026\/02\/imgl1380b.webp?fit=1170%2C700&ssl=1","jetpack_likes_enabled":true,"jetpack_sharing_enabled":true,"_links":{"self":[{"href":"https:\/\/oexpressobr.com.br\/index.php?rest_route=\/wp\/v2\/posts\/3767","targetHints":{"allow":["GET"]}}],"collection":[{"href":"https:\/\/oexpressobr.com.br\/index.php?rest_route=\/wp\/v2\/posts"}],"about":[{"href":"https:\/\/oexpressobr.com.br\/index.php?rest_route=\/wp\/v2\/types\/post"}],"author":[{"embeddable":true,"href":"https:\/\/oexpressobr.com.br\/index.php?rest_route=\/wp\/v2\/users\/1"}],"replies":[{"embeddable":true,"href":"https:\/\/oexpressobr.com.br\/index.php?rest_route=%2Fwp%2Fv2%2Fcomments&post=3767"}],"version-history":[{"count":1,"href":"https:\/\/oexpressobr.com.br\/index.php?rest_route=\/wp\/v2\/posts\/3767\/revisions"}],"predecessor-version":[{"id":3769,"href":"https:\/\/oexpressobr.com.br\/index.php?rest_route=\/wp\/v2\/posts\/3767\/revisions\/3769"}],"wp:featuredmedia":[{"embeddable":true,"href":"https:\/\/oexpressobr.com.br\/index.php?rest_route=\/wp\/v2\/media\/3768"}],"wp:attachment":[{"href":"https:\/\/oexpressobr.com.br\/index.php?rest_route=%2Fwp%2Fv2%2Fmedia&parent=3767"}],"wp:term":[{"taxonomy":"category","embeddable":true,"href":"https:\/\/oexpressobr.com.br\/index.php?rest_route=%2Fwp%2Fv2%2Fcategories&post=3767"},{"taxonomy":"post_tag","embeddable":true,"href":"https:\/\/oexpressobr.com.br\/index.php?rest_route=%2Fwp%2Fv2%2Ftags&post=3767"}],"curies":[{"name":"wp","href":"https:\/\/api.w.org\/{rel}","templated":true}]}}