{"id":3772,"date":"2026-02-13T07:45:13","date_gmt":"2026-02-13T10:45:13","guid":{"rendered":"https:\/\/oexpressobr.com.br\/?p=3772"},"modified":"2026-02-13T12:11:33","modified_gmt":"2026-02-13T15:11:33","slug":"pesquisa-revela-que-73-dos-brasileiros-apoiam-fim-da-escala-6x1-sob-condicao-de-manutencao-salarial","status":"publish","type":"post","link":"https:\/\/oexpressobr.com.br\/?p=3772","title":{"rendered":"Pesquisa revela que 73% dos brasileiros apoiam fim da escala 6&#215;1 sob condi\u00e7\u00e3o de manuten\u00e7\u00e3o salarial"},"content":{"rendered":"\n<p class=\"wp-block-paragraph\"><strong>BRAS\u00cdLIA<\/strong> \u2013 O debate sobre a jornada de trabalho no Brasil ganhou um novo e contundente cap\u00edtulo nesta semana. Uma pesquisa in\u00e9dita realizada pela <strong>Nexus \u2013 Pesquisa e Intelig\u00eancia de Dados<\/strong>, divulgada em fevereiro de 2026, aponta que <strong>73% dos brasileiros s\u00e3o favor\u00e1veis ao fim da escala 6&#215;1<\/strong>, modelo em que o funcion\u00e1rio trabalha seis dias e folga apenas um.<\/p>\n\n\n\n<p class=\"wp-block-paragraph\">\u200bO levantamento, que ouviu 2.021 pessoas em todo o pa\u00eds, destaca que o apoio popular est\u00e1 intrinsecamente ligado \u00e0 quest\u00e3o financeira: o \u00edndice de aprova\u00e7\u00e3o cai drasticamente para apenas <strong>28%<\/strong> caso a mudan\u00e7a implique em redu\u00e7\u00e3o de sal\u00e1rios.<\/p>\n\n\n\n<h3 class=\"wp-block-heading\">\u200bAvan\u00e7o no Congresso e a &#8220;janela de maio&#8221;<\/h3>\n\n\n\n<p class=\"wp-block-paragraph\">\u200bA movimenta\u00e7\u00e3o popular, impulsionada pelo <strong>Movimento Vida Al\u00e9m do Trabalho (VAT)<\/strong> e pela deputada <strong>Erika Hilton (PSOL-SP)<\/strong>, ecoou rapidamente nos corredores do poder. O presidente da C\u00e2mara, <strong>Hugo Motta (Republicanos-PB)<\/strong>, classificou o debate como &#8220;inadi\u00e1vel&#8221; e sinalizou uma data importante para o desfecho da proposta.<\/p>\n\n\n\n<p class=\"wp-block-paragraph\">\u200bMotta afirmou que a Proposta de Emenda \u00e0 Constitui\u00e7\u00e3o (PEC) deve ser votada no plen\u00e1rio da C\u00e2mara at\u00e9 <strong>maio de 2026<\/strong>. Atualmente, o texto de Erika Hilton foi apensado a uma proposta mais antiga do deputado <strong>Reginaldo Lopes (PT-MG)<\/strong> para acelerar a tramita\u00e7\u00e3o na Comiss\u00e3o de Constitui\u00e7\u00e3o e Justi\u00e7a (CCJ).<\/p>\n\n\n\n<h3 class=\"wp-block-heading\">\u200bPolariza\u00e7\u00e3o e posicionamento do Governo<\/h3>\n\n\n\n<p class=\"wp-block-paragraph\">\u200bO governo federal, sob a gest\u00e3o de <strong>Luiz In\u00e1cio Lula da Silva<\/strong>, j\u00e1 unificou seu discurso em defesa da medida, tratando-a como uma prioridade legislativa para este semestre.<\/p>\n\n\n\n<ul class=\"wp-block-list\">\n<li>\u200b<strong>Apoio por perfil:<\/strong> A pesquisa Nexus mostrou que <strong>71% dos eleitores de Lula<\/strong> apoiam o fim da escala, enquanto entre os <strong>eleitores de Jair Bolsonaro<\/strong>, o apoio \u00e9 de <strong>53%<\/strong>.<\/li>\n\n\n\n<li>\u200b<strong>Argumento Econ\u00f4mico:<\/strong> O ministro e ex-candidato Guilherme Boulos tem defendido que a redu\u00e7\u00e3o da jornada pode, inclusive, aumentar a produtividade, citando exemplos internacionais e o impacto positivo na sa\u00fade mental e qualifica\u00e7\u00e3o dos trabalhadores.<\/li>\n<\/ul>\n\n\n\n<h3 class=\"wp-block-heading\">\u200bResist\u00eancia do setor produtivo<\/h3>\n\n\n\n<p class=\"wp-block-paragraph\">\u200bDo outro lado, entidades patronais como a <strong>Confedera\u00e7\u00e3o Nacional do Com\u00e9rcio (CNC)<\/strong> e a <strong>Fecom\u00e9rcio<\/strong> alertam para os riscos. O principal argumento das empresas \u00e9 o aumento dos custos trabalhistas, especialmente para micro e pequenas empresas, que comp\u00f5em a maioria do setor de servi\u00e7os \u2014 o mais afetado pela escala 6&#215;1. Especialistas ouvidos pelo mercado sugerem que, sem uma transi\u00e7\u00e3o cuidadosa, a medida poderia gerar repasse de pre\u00e7os ao consumidor ou redu\u00e7\u00e3o na oferta de servi\u00e7os.<\/p>\n\n\n\n<h3 class=\"wp-block-heading\">\u200bO que prop\u00f5e a PEC principal:<\/h3>\n\n\n\n<ol class=\"wp-block-list\">\n<li>\u200b<strong>Redu\u00e7\u00e3o da jornada:<\/strong> Limite de 36 horas semanais (atualmente s\u00e3o 44h).<\/li>\n\n\n\n<li>\u200b<strong>Nova escala:<\/strong> Modelo de 4 dias de trabalho por 3 de descanso (escala 4&#215;3) ou similares.<\/li>\n\n\n\n<li>\u200b<strong>Garantia salarial:<\/strong> Proibi\u00e7\u00e3o constitucional de reduzir o sal\u00e1rio em fun\u00e7\u00e3o da nova jornada.<\/li>\n<\/ol>\n\n\n\n<p class=\"wp-block-paragraph\">\u200bCom o apoio massivo da popula\u00e7\u00e3o e a press\u00e3o das redes sociais, o Congresso entra agora em uma fase de negocia\u00e7\u00f5es intensas para definir se o &#8220;fim da 6&#215;1&#8221; ser\u00e1 implementado de forma imediata ou gradual, atrav\u00e9s de uma regra de transi\u00e7\u00e3o que acalme os setores produtivos.<\/p>\n","protected":false},"excerpt":{"rendered":"<p>BRAS\u00cdLIA \u2013 O debate sobre a jornada de trabalho no Brasil ganhou um novo e contundente cap\u00edtulo nesta semana. Uma pesquisa in\u00e9dita realizada pela Nexus [&#8230;]<\/p>\n","protected":false},"author":1,"featured_media":3773,"comment_status":"open","ping_status":"open","sticky":false,"template":"","format":"standard","meta":{"_crdt_document":"","_jetpack_memberships_contains_paid_content":false,"footnotes":"","jetpack_publicize_message":"","jetpack_publicize_feature_enabled":true,"jetpack_social_post_already_shared":true,"jetpack_social_options":{"image_generator_settings":{"template":"highway","default_image_id":0,"font":"","enabled":false},"version":2}},"categories":[3],"tags":[],"class_list":["post-3772","post","type-post","status-publish","format-standard","has-post-thumbnail","hentry","category-brasil"],"jetpack_publicize_connections":[],"jetpack_featured_media_url":"https:\/\/i0.wp.com\/oexpressobr.com.br\/wp-content\/uploads\/2026\/02\/int2091.webp?fit=1170%2C700&ssl=1","jetpack_likes_enabled":true,"jetpack_sharing_enabled":true,"_links":{"self":[{"href":"https:\/\/oexpressobr.com.br\/index.php?rest_route=\/wp\/v2\/posts\/3772","targetHints":{"allow":["GET"]}}],"collection":[{"href":"https:\/\/oexpressobr.com.br\/index.php?rest_route=\/wp\/v2\/posts"}],"about":[{"href":"https:\/\/oexpressobr.com.br\/index.php?rest_route=\/wp\/v2\/types\/post"}],"author":[{"embeddable":true,"href":"https:\/\/oexpressobr.com.br\/index.php?rest_route=\/wp\/v2\/users\/1"}],"replies":[{"embeddable":true,"href":"https:\/\/oexpressobr.com.br\/index.php?rest_route=%2Fwp%2Fv2%2Fcomments&post=3772"}],"version-history":[{"count":1,"href":"https:\/\/oexpressobr.com.br\/index.php?rest_route=\/wp\/v2\/posts\/3772\/revisions"}],"predecessor-version":[{"id":3774,"href":"https:\/\/oexpressobr.com.br\/index.php?rest_route=\/wp\/v2\/posts\/3772\/revisions\/3774"}],"wp:featuredmedia":[{"embeddable":true,"href":"https:\/\/oexpressobr.com.br\/index.php?rest_route=\/wp\/v2\/media\/3773"}],"wp:attachment":[{"href":"https:\/\/oexpressobr.com.br\/index.php?rest_route=%2Fwp%2Fv2%2Fmedia&parent=3772"}],"wp:term":[{"taxonomy":"category","embeddable":true,"href":"https:\/\/oexpressobr.com.br\/index.php?rest_route=%2Fwp%2Fv2%2Fcategories&post=3772"},{"taxonomy":"post_tag","embeddable":true,"href":"https:\/\/oexpressobr.com.br\/index.php?rest_route=%2Fwp%2Fv2%2Ftags&post=3772"}],"curies":[{"name":"wp","href":"https:\/\/api.w.org\/{rel}","templated":true}]}}