{"id":3794,"date":"2026-02-13T15:52:06","date_gmt":"2026-02-13T18:52:06","guid":{"rendered":"https:\/\/oexpressobr.com.br\/?p=3794"},"modified":"2026-02-13T15:52:08","modified_gmt":"2026-02-13T18:52:08","slug":"flavio-bolsonaro-ataca-lula-e-haddad-no-btg-e-projeta-virada-em-2026","status":"publish","type":"post","link":"https:\/\/oexpressobr.com.br\/?p=3794","title":{"rendered":"Fl\u00e1vio Bolsonaro ataca Lula e Haddad no BTG e projeta virada em 2026"},"content":{"rendered":"\n<p class=\"wp-block-paragraph\">Em clima de campanha antecipada, o senador <strong>Fl\u00e1vio Bolsonaro (PL-RJ)<\/strong> utilizou sua participa\u00e7\u00e3o na <strong>CEO Conference 2026<\/strong>, organizada pelo banco BTG Pactual, para consolidar sua imagem como o principal nome da oposi\u00e7\u00e3o para a corrida presidencial. Durante os pain\u00e9is realizados nesta semana, o parlamentar subiu o tom contra o presidente <strong>Luiz In\u00e1cio Lula da Silva<\/strong> e o ministro da Fazenda, <strong>Fernando Haddad<\/strong>, embora tenha evitado dar nomes para sua futura equipe econ\u00f4mica.<\/p>\n\n\n\n<h3 class=\"wp-block-heading\">\u200bOfensiva contra o governo e &#8220;Tesoura\u00e7o&#8221;<\/h3>\n\n\n\n<p class=\"wp-block-paragraph\">\u200bFl\u00e1vio Bolsonaro criticou duramente a condu\u00e7\u00e3o econ\u00f4mica da atual gest\u00e3o, referindo-se aos gastos p\u00fablicos como &#8220;assistencialismo barato&#8221; e acusando Lula de &#8220;dar com uma m\u00e3o e tirar com a outra&#8221; atrav\u00e9s da carga tribut\u00e1ria. O senador prometeu um <strong>&#8220;tesoura\u00e7o&#8221; nos impostos<\/strong> e a privatiza\u00e7\u00e3o de at\u00e9 <strong>95% das estatais<\/strong>, abrindo exce\u00e7\u00e3o apenas para setores que considera estrat\u00e9gicos, como a explora\u00e7\u00e3o de terras raras.<\/p>\n\n\n\n<p class=\"wp-block-paragraph\">\u200bQuestionado pelos empres\u00e1rios sobre quem ocuparia a cadeira de Haddad em um eventual governo, Fl\u00e1vio desconversou, limitando-se a dizer que o escolhido dever\u00e1 ser &#8220;no m\u00ednimo igual a Paulo Guedes&#8221;.<\/p>\n\n\n\n<h3 class=\"wp-block-heading\">\u200bCen\u00e1rio eleitoral acirrado<\/h3>\n\n\n\n<p class=\"wp-block-paragraph\">\u200bO otimismo do senador baseia-se em levantamentos recentes que mostram uma redu\u00e7\u00e3o na dist\u00e2ncia para o atual presidente.<\/p>\n\n\n\n<ul class=\"wp-block-list\">\n<li>\u200b<strong>Pesquisa Quaest (Fevereiro\/2026):<\/strong> Indica que Fl\u00e1vio se consolidou como o herdeiro dos votos de Jair Bolsonaro, especialmente ap\u00f3s o governador Tarc\u00edsio de Freitas (Republicanos) sinalizar foco na reelei\u00e7\u00e3o em S\u00e3o Paulo.<\/li>\n\n\n\n<li>\u200b<strong>Vantagem em queda:<\/strong> No cen\u00e1rio de segundo turno testado pela Quaest, Lula aparece com <strong>43%<\/strong> contra <strong>38%<\/strong> de Fl\u00e1vio \u2014 a menor diferen\u00e7a registrada desde o in\u00edcio do ciclo eleitoral de 2026.<\/li>\n\n\n\n<li>\u200b<strong>Rejei\u00e7\u00e3o:<\/strong> Ambos os l\u00edderes enfrentam desafios similares, com taxas de rejei\u00e7\u00e3o que superam os <strong>50%<\/strong>, refletindo a polariza\u00e7\u00e3o ainda latente no pa\u00eds.<\/li>\n<\/ul>\n","protected":false},"excerpt":{"rendered":"<p>Em clima de campanha antecipada, o senador Fl\u00e1vio Bolsonaro (PL-RJ) utilizou sua participa\u00e7\u00e3o na CEO Conference 2026, organizada pelo banco BTG Pactual, para consolidar sua [&#8230;]<\/p>\n","protected":false},"author":1,"featured_media":3795,"comment_status":"open","ping_status":"open","sticky":false,"template":"","format":"standard","meta":{"_crdt_document":"","_jetpack_memberships_contains_paid_content":false,"footnotes":"","jetpack_publicize_message":"","jetpack_publicize_feature_enabled":true,"jetpack_social_post_already_shared":true,"jetpack_social_options":{"image_generator_settings":{"template":"highway","default_image_id":0,"font":"","enabled":false},"version":2}},"categories":[7],"tags":[],"class_list":["post-3794","post","type-post","status-publish","format-standard","has-post-thumbnail","hentry","category-politica"],"jetpack_publicize_connections":[],"jetpack_featured_media_url":"https:\/\/i0.wp.com\/oexpressobr.com.br\/wp-content\/uploads\/2026\/02\/1a294e51-flavio-bolsonaro12022026105822.jpg?fit=900%2C600&ssl=1","jetpack_likes_enabled":true,"jetpack_sharing_enabled":true,"_links":{"self":[{"href":"https:\/\/oexpressobr.com.br\/index.php?rest_route=\/wp\/v2\/posts\/3794","targetHints":{"allow":["GET"]}}],"collection":[{"href":"https:\/\/oexpressobr.com.br\/index.php?rest_route=\/wp\/v2\/posts"}],"about":[{"href":"https:\/\/oexpressobr.com.br\/index.php?rest_route=\/wp\/v2\/types\/post"}],"author":[{"embeddable":true,"href":"https:\/\/oexpressobr.com.br\/index.php?rest_route=\/wp\/v2\/users\/1"}],"replies":[{"embeddable":true,"href":"https:\/\/oexpressobr.com.br\/index.php?rest_route=%2Fwp%2Fv2%2Fcomments&post=3794"}],"version-history":[{"count":1,"href":"https:\/\/oexpressobr.com.br\/index.php?rest_route=\/wp\/v2\/posts\/3794\/revisions"}],"predecessor-version":[{"id":3796,"href":"https:\/\/oexpressobr.com.br\/index.php?rest_route=\/wp\/v2\/posts\/3794\/revisions\/3796"}],"wp:featuredmedia":[{"embeddable":true,"href":"https:\/\/oexpressobr.com.br\/index.php?rest_route=\/wp\/v2\/media\/3795"}],"wp:attachment":[{"href":"https:\/\/oexpressobr.com.br\/index.php?rest_route=%2Fwp%2Fv2%2Fmedia&parent=3794"}],"wp:term":[{"taxonomy":"category","embeddable":true,"href":"https:\/\/oexpressobr.com.br\/index.php?rest_route=%2Fwp%2Fv2%2Fcategories&post=3794"},{"taxonomy":"post_tag","embeddable":true,"href":"https:\/\/oexpressobr.com.br\/index.php?rest_route=%2Fwp%2Fv2%2Ftags&post=3794"}],"curies":[{"name":"wp","href":"https:\/\/api.w.org\/{rel}","templated":true}]}}