{"id":3800,"date":"2026-02-13T15:59:53","date_gmt":"2026-02-13T18:59:53","guid":{"rendered":"https:\/\/oexpressobr.com.br\/?p=3800"},"modified":"2026-02-13T15:59:54","modified_gmt":"2026-02-13T18:59:54","slug":"prouni-2026-pre-selecionados-devem-comprovar-informacoes-na-faculdade","status":"publish","type":"post","link":"https:\/\/oexpressobr.com.br\/?p=3800","title":{"rendered":"Prouni 2026: pr\u00e9-selecionados devem comprovar informa\u00e7\u00f5es na faculdade"},"content":{"rendered":"\n<p class=\"wp-block-paragraph\">\u200bO prazo para que os candidatos pr\u00e9-selecionados na primeira chamada do Programa Universidade para Todos (Prouni) 2026 comprovem suas informa\u00e7\u00f5es termina nesta sexta-feira, 13 de fevereiro. O procedimento \u00e9 essencial para garantir a bolsa de estudo, seja ela integral (100%) ou parcial (50%), em institui\u00e7\u00f5es de ensino superior privadas de todo o pa\u00eds.<\/p>\n\n\n\n<p class=\"wp-block-paragraph\">\u200bDe acordo com o Minist\u00e9rio da Educa\u00e7\u00e3o (MEC), o candidato deve entregar a documenta\u00e7\u00e3o diretamente na faculdade para a qual foi selecionado. \u00c9 de responsabilidade do estudante verificar junto \u00e0 institui\u00e7\u00e3o os hor\u00e1rios de atendimento e se a entrega deve ser feita de forma presencial ou por meio de canais virtuais (links ou e-mails espec\u00edficos).<\/p>\n\n\n\n<p class=\"wp-block-paragraph\">\u200b<strong>Recorde de oferta e n\u00fameros desta edi\u00e7\u00e3o<\/strong><\/p>\n\n\n\n<p class=\"wp-block-paragraph\">A primeira edi\u00e7\u00e3o de 2026 \u00e9 considerada a maior da hist\u00f3ria do programa, que completa 22 anos. Ao todo, est\u00e3o sendo ofertadas 595.374 bolsas, distribu\u00eddas em 895 cursos de 1.046 institui\u00e7\u00f5es. Na primeira chamada, o MEC registrou mais de 226 mil candidatos pr\u00e9-selecionados. Entre os cursos com maior oferta de vagas destacam-se Administra\u00e7\u00e3o, com mais de 63 mil bolsas, e Ci\u00eancias Cont\u00e1beis, com cerca de 41 mil.<\/p>\n\n\n\n<p class=\"wp-block-paragraph\">\u200b<strong>Documenta\u00e7\u00e3o necess\u00e1ria<\/strong><\/p>\n\n\n\n<p class=\"wp-block-paragraph\">Para efetivar a matr\u00edcula, o aluno e seu grupo familiar devem apresentar comprovantes de:<\/p>\n\n\n\n<ul class=\"wp-block-list\">\n<li>\u200b<strong>Identidade:<\/strong> RG, CNH ou passaporte (original e c\u00f3pia);<\/li>\n\n\n\n<li>\u200b<strong>Resid\u00eancia:<\/strong> Contas de luz, \u00e1gua ou telefone em nome do candidato ou de membros da fam\u00edlia;<\/li>\n\n\n\n<li>\u200b<strong>Renda:<\/strong> Holerites, extratos banc\u00e1rios ou declara\u00e7\u00f5es de imposto de renda que comprovem o perfil socioecon\u00f4mico (at\u00e9 1,5 sal\u00e1rio m\u00ednimo per capita para bolsas integrais e at\u00e9 3 sal\u00e1rios m\u00ednimos para parciais);<\/li>\n\n\n\n<li>\u200b<strong>Escolaridade:<\/strong> Hist\u00f3rico escolar e certificado de conclus\u00e3o do ensino m\u00e9dio.<\/li>\n<\/ul>\n\n\n\n<p class=\"wp-block-paragraph\">\u200bCandidatos que conclu\u00edram o ensino m\u00e9dio em 2025 e buscam a certifica\u00e7\u00e3o via Enem j\u00e1 podem acessar o documento autenticado na P\u00e1gina do Participante do Inep para apresentar \u00e0 faculdade.<\/p>\n\n\n\n<p class=\"wp-block-paragraph\">\u200b<strong>Pr\u00f3ximas etapas do cronograma<\/strong><\/p>\n\n\n\n<p class=\"wp-block-paragraph\">Quem n\u00e3o foi contemplado nesta primeira fase ainda tem novas oportunidades no horizonte:<\/p>\n\n\n\n<ul class=\"wp-block-list\">\n<li>\u200b<strong>Segunda chamada:<\/strong> O resultado ser\u00e1 divulgado no dia <strong>2 de mar\u00e7o<\/strong>, com o per\u00edodo de comprova\u00e7\u00e3o de documentos ocorrendo entre <strong>2 e 13 de mar\u00e7o<\/strong>.<\/li>\n\n\n\n<li>\u200b<strong>Lista de espera:<\/strong> Os interessados em participar da lista de espera dever\u00e3o manifestar interesse nos dias <strong>25 e 26 de mar\u00e7o<\/strong>. O resultado desta etapa sair\u00e1 em <strong>31 de mar\u00e7o<\/strong>.<\/li>\n<\/ul>\n\n\n\n<p class=\"wp-block-paragraph\">\u200bA perda do prazo de hoje implica na desist\u00eancia autom\u00e1tica da vaga nesta chamada. O acompanhamento de todas as atualiza\u00e7\u00f5es deve ser feito exclusivamente pelo Portal \u00danico de Acesso ao Ensino Superior, utilizando o login do Gov.br.<\/p>\n","protected":false},"excerpt":{"rendered":"<p>\u200bO prazo para que os candidatos pr\u00e9-selecionados na primeira chamada do Programa Universidade para Todos (Prouni) 2026 comprovem suas informa\u00e7\u00f5es termina nesta sexta-feira, 13 de [&#8230;]<\/p>\n","protected":false},"author":1,"featured_media":3801,"comment_status":"open","ping_status":"open","sticky":false,"template":"","format":"standard","meta":{"_crdt_document":"","_jetpack_memberships_contains_paid_content":false,"footnotes":"","jetpack_publicize_message":"","jetpack_publicize_feature_enabled":true,"jetpack_social_post_already_shared":true,"jetpack_social_options":{"image_generator_settings":{"template":"highway","default_image_id":0,"font":"","enabled":false},"version":2}},"categories":[6],"tags":[],"class_list":["post-3800","post","type-post","status-publish","format-standard","has-post-thumbnail","hentry","category-educacao"],"jetpack_publicize_connections":[],"jetpack_featured_media_url":"https:\/\/i0.wp.com\/oexpressobr.com.br\/wp-content\/uploads\/2026\/02\/20230627_123618_0.webp?fit=1170%2C700&ssl=1","jetpack_likes_enabled":true,"jetpack_sharing_enabled":true,"_links":{"self":[{"href":"https:\/\/oexpressobr.com.br\/index.php?rest_route=\/wp\/v2\/posts\/3800","targetHints":{"allow":["GET"]}}],"collection":[{"href":"https:\/\/oexpressobr.com.br\/index.php?rest_route=\/wp\/v2\/posts"}],"about":[{"href":"https:\/\/oexpressobr.com.br\/index.php?rest_route=\/wp\/v2\/types\/post"}],"author":[{"embeddable":true,"href":"https:\/\/oexpressobr.com.br\/index.php?rest_route=\/wp\/v2\/users\/1"}],"replies":[{"embeddable":true,"href":"https:\/\/oexpressobr.com.br\/index.php?rest_route=%2Fwp%2Fv2%2Fcomments&post=3800"}],"version-history":[{"count":1,"href":"https:\/\/oexpressobr.com.br\/index.php?rest_route=\/wp\/v2\/posts\/3800\/revisions"}],"predecessor-version":[{"id":3802,"href":"https:\/\/oexpressobr.com.br\/index.php?rest_route=\/wp\/v2\/posts\/3800\/revisions\/3802"}],"wp:featuredmedia":[{"embeddable":true,"href":"https:\/\/oexpressobr.com.br\/index.php?rest_route=\/wp\/v2\/media\/3801"}],"wp:attachment":[{"href":"https:\/\/oexpressobr.com.br\/index.php?rest_route=%2Fwp%2Fv2%2Fmedia&parent=3800"}],"wp:term":[{"taxonomy":"category","embeddable":true,"href":"https:\/\/oexpressobr.com.br\/index.php?rest_route=%2Fwp%2Fv2%2Fcategories&post=3800"},{"taxonomy":"post_tag","embeddable":true,"href":"https:\/\/oexpressobr.com.br\/index.php?rest_route=%2Fwp%2Fv2%2Ftags&post=3800"}],"curies":[{"name":"wp","href":"https:\/\/api.w.org\/{rel}","templated":true}]}}