{"id":3803,"date":"2026-02-13T16:08:45","date_gmt":"2026-02-13T19:08:45","guid":{"rendered":"https:\/\/oexpressobr.com.br\/?p=3803"},"modified":"2026-02-13T16:08:46","modified_gmt":"2026-02-13T19:08:46","slug":"mendonca-assume-caso-banco-master-e-convoca-cupula-da-pf-para-alinhar-investigacoes","status":"publish","type":"post","link":"https:\/\/oexpressobr.com.br\/?p=3803","title":{"rendered":"Mendon\u00e7a assume caso Banco Master e convoca c\u00fapula da PF para alinhar investiga\u00e7\u00f5es"},"content":{"rendered":"\n<p class=\"wp-block-paragraph\">Bras\u00edlia \u2014 O ministro <strong>Andr\u00e9 Mendon\u00e7a<\/strong>, do Supremo Tribunal Federal (STF), iniciou formalmente sua atua\u00e7\u00e3o como novo relator do inqu\u00e9rito sobre o <strong>Banco Master<\/strong> nesta sexta-feira (13). Em um movimento para acelerar a compreens\u00e3o do caso, Mendon\u00e7a convocou uma reuni\u00e3o com os delegados da <strong>Pol\u00edcia Federal (PF)<\/strong> respons\u00e1veis pelas investiga\u00e7\u00f5es para mapear o est\u00e1gio atual das apura\u00e7\u00f5es e definir os pr\u00f3ximos passos.<\/p>\n\n\n\n<p class=\"wp-block-paragraph\">\u200bA reuni\u00e3o ocorre em um momento de alta sensibilidade pol\u00edtica e jur\u00eddica. Mendon\u00e7a foi sorteado relator na \u00faltima quinta-feira (12), logo ap\u00f3s o ministro <strong>Dias Toffoli<\/strong> pedir para deixar o processo. A sa\u00edda de Toffoli foi motivada pela revela\u00e7\u00e3o de um relat\u00f3rio da PF que apontava men\u00e7\u00f5es ao seu nome em mensagens encontradas no celular de <strong>Daniel Vorcaro<\/strong>, dono da institui\u00e7\u00e3o financeira.<\/p>\n\n\n\n<h3 class=\"wp-block-heading\">\u200bO contexto da mudan\u00e7a de relatoria<\/h3>\n\n\n\n<p class=\"wp-block-paragraph\">\u200bEmbora o STF tenha emitido nota oficial afirmando que n\u00e3o havia impedimento legal para Toffoli seguir no caso, o ministro optou pelo afastamento ap\u00f3s uma reuni\u00e3o de tr\u00eas horas com o presidente da Corte, <strong>Edson Fachin<\/strong>, e demais colegas. O objetivo seria preservar a &#8220;higidez institucional&#8221; do Tribunal diante do desgaste causado pelas cita\u00e7\u00f5es diretas em mensagens sob segredo de Justi\u00e7a.<\/p>\n\n\n\n<h3 class=\"wp-block-heading\">\u200bFoco da investiga\u00e7\u00e3o: &#8220;Compliance Zero&#8221;<\/h3>\n\n\n\n<p class=\"wp-block-paragraph\">\u200bO Banco Master est\u00e1 no centro de uma investiga\u00e7\u00e3o complexa que apura fraudes bilion\u00e1rias. De acordo com a PF, o esquema envolveria:<\/p>\n\n\n\n<ul class=\"wp-block-list\">\n<li>\u200b<strong>Ativos &#8220;podres&#8221;:<\/strong> Infla\u00e7\u00e3o de patrim\u00f4nio por meio de carteiras de cr\u00e9dito sem lastro.<\/li>\n\n\n\n<li>\u200b<strong>Vendas suspeitas:<\/strong> Opera\u00e7\u00f5es de cerca de <strong>R$ 12,2 bilh\u00f5es<\/strong> em cr\u00e9dito consignado para o Banco de Bras\u00edlia (BRB).<\/li>\n\n\n\n<li>\u200b<strong>Lavagem de dinheiro:<\/strong> Uso de fundos de investimento para ocultar preju\u00edzos e simular solidez financeira.<\/li>\n<\/ul>\n\n\n\n<h3 class=\"wp-block-heading\">O que esperar da gest\u00e3o Mendon\u00e7a<\/h3>\n\n\n\n<p class=\"wp-block-paragraph\">\u200bInternamente, a chegada de Andr\u00e9 Mendon\u00e7a \u00e9 vista com otimismo pela c\u00fapula da Pol\u00edcia Federal. Interlocutores do diretor-geral, <strong>Andrei Rodrigues<\/strong>, sinalizam que o ministro possui um perfil t\u00e9cnico e dial\u00f3gico com a corpora\u00e7\u00e3o.<\/p>\n\n\n\n<p class=\"wp-block-paragraph\">\u200bO principal desafio de Mendon\u00e7a agora ser\u00e1 analisar os pedidos de pris\u00e3o e quebras de sigilo que estavam pendentes ou que foram contestados pela defesa de Daniel Vorcaro. Al\u00e9m disso, caber\u00e1 a ele decidir se mant\u00e9m a investiga\u00e7\u00e3o no STF ou se, dada a sa\u00edda de Toffoli (o \u00fanico elemento que justificava o foro privilegiado por conex\u00e3o), os autos devem ser remetidos \u00e0 primeira inst\u00e2ncia.<\/p>\n\n\n\n<blockquote class=\"wp-block-quote is-layout-flow wp-block-quote-is-layout-flow\">\n<p class=\"wp-block-paragraph\">\u200b&#8221;O objetivo do ministro \u00e9 ter um panorama geral do que j\u00e1 foi feito e garantir que a investiga\u00e7\u00e3o prossiga sem novos sobressaltos institucionais&#8221;, afirmou uma fonte ligada ao gabinete.<\/p>\n<\/blockquote>\n","protected":false},"excerpt":{"rendered":"<p>Bras\u00edlia \u2014 O ministro Andr\u00e9 Mendon\u00e7a, do Supremo Tribunal Federal (STF), iniciou formalmente sua atua\u00e7\u00e3o como novo relator do inqu\u00e9rito sobre o Banco Master nesta [&#8230;]<\/p>\n","protected":false},"author":1,"featured_media":3804,"comment_status":"open","ping_status":"open","sticky":false,"template":"","format":"standard","meta":{"_crdt_document":"","_jetpack_memberships_contains_paid_content":false,"footnotes":"","jetpack_publicize_message":"","jetpack_publicize_feature_enabled":true,"jetpack_social_post_already_shared":true,"jetpack_social_options":{"image_generator_settings":{"template":"highway","default_image_id":0,"font":"","enabled":false},"version":2}},"categories":[8],"tags":[],"class_list":["post-3803","post","type-post","status-publish","format-standard","has-post-thumbnail","hentry","category-judiciario"],"jetpack_publicize_connections":[],"jetpack_featured_media_url":"https:\/\/i0.wp.com\/oexpressobr.com.br\/wp-content\/uploads\/2026\/02\/52733072438_a841b60b4d_o.webp?fit=1170%2C700&ssl=1","jetpack_likes_enabled":true,"jetpack_sharing_enabled":true,"_links":{"self":[{"href":"https:\/\/oexpressobr.com.br\/index.php?rest_route=\/wp\/v2\/posts\/3803","targetHints":{"allow":["GET"]}}],"collection":[{"href":"https:\/\/oexpressobr.com.br\/index.php?rest_route=\/wp\/v2\/posts"}],"about":[{"href":"https:\/\/oexpressobr.com.br\/index.php?rest_route=\/wp\/v2\/types\/post"}],"author":[{"embeddable":true,"href":"https:\/\/oexpressobr.com.br\/index.php?rest_route=\/wp\/v2\/users\/1"}],"replies":[{"embeddable":true,"href":"https:\/\/oexpressobr.com.br\/index.php?rest_route=%2Fwp%2Fv2%2Fcomments&post=3803"}],"version-history":[{"count":1,"href":"https:\/\/oexpressobr.com.br\/index.php?rest_route=\/wp\/v2\/posts\/3803\/revisions"}],"predecessor-version":[{"id":3805,"href":"https:\/\/oexpressobr.com.br\/index.php?rest_route=\/wp\/v2\/posts\/3803\/revisions\/3805"}],"wp:featuredmedia":[{"embeddable":true,"href":"https:\/\/oexpressobr.com.br\/index.php?rest_route=\/wp\/v2\/media\/3804"}],"wp:attachment":[{"href":"https:\/\/oexpressobr.com.br\/index.php?rest_route=%2Fwp%2Fv2%2Fmedia&parent=3803"}],"wp:term":[{"taxonomy":"category","embeddable":true,"href":"https:\/\/oexpressobr.com.br\/index.php?rest_route=%2Fwp%2Fv2%2Fcategories&post=3803"},{"taxonomy":"post_tag","embeddable":true,"href":"https:\/\/oexpressobr.com.br\/index.php?rest_route=%2Fwp%2Fv2%2Ftags&post=3803"}],"curies":[{"name":"wp","href":"https:\/\/api.w.org\/{rel}","templated":true}]}}