{"id":3807,"date":"2026-02-13T16:13:37","date_gmt":"2026-02-13T19:13:37","guid":{"rendered":"https:\/\/oexpressobr.com.br\/?p=3807"},"modified":"2026-02-13T16:13:39","modified_gmt":"2026-02-13T19:13:39","slug":"moraes-vota-por-manter-condenacao-de-ex-cupula-da-pmdf-pelos-atos-de-8-de-janeiro","status":"publish","type":"post","link":"https:\/\/oexpressobr.com.br\/?p=3807","title":{"rendered":"Moraes vota por manter condena\u00e7\u00e3o de ex-c\u00fapula da PMDF pelos atos de 8 de janeiro"},"content":{"rendered":"\n<p class=\"wp-block-paragraph\">Em decis\u00e3o proferida nesta sexta-feira (13), o ministro <strong>Alexandre de Moraes<\/strong>, do Supremo Tribunal Federal (STF), votou pela rejei\u00e7\u00e3o dos recursos da antiga c\u00fapula da Pol\u00edcia Militar do Distrito Federal. Os ex-oficiais buscam reverter as condena\u00e7\u00f5es por omiss\u00e3o durante a invas\u00e3o e depreda\u00e7\u00e3o das sedes dos Tr\u00eas Poderes, ocorrida em 2023.<\/p>\n\n\n\n<p class=\"wp-block-paragraph\">\u200bO julgamento ocorre no plen\u00e1rio virtual da <strong>Primeira Turma<\/strong> do STF e marca mais um passo decisivo na responsabiliza\u00e7\u00e3o de agentes p\u00fablicos pela falha na seguran\u00e7a da capital federal.<\/p>\n\n\n\n<h3 class=\"wp-block-heading\">\u200bOs Detalhes do Voto e o Cen\u00e1rio Jur\u00eddico<\/h3>\n\n\n\n<p class=\"wp-block-paragraph\">\u200bComo relator do processo, Moraes sustentou que n\u00e3o h\u00e1 elementos novos que justifiquem a revis\u00e3o das san\u00e7\u00f5es aplicadas. Os cinco ex-integrantes da PMDF s\u00e3o acusados de <strong>omiss\u00e3o impr\u00f3pria<\/strong>, sob o argumento de que possu\u00edam o dever legal e a capacidade t\u00e9cnica de impedir o avan\u00e7o dos manifestantes, mas falharam deliberadamente em agir.<\/p>\n\n\n\n<p class=\"wp-block-paragraph\">\u200b<strong>Os nomes envolvidos no recurso incluem:<\/strong><\/p>\n\n\n\n<ul class=\"wp-block-list\">\n<li>\u200bF\u00e1bio Augusto Vieira (Ex-comandante-geral da PMDF);<\/li>\n\n\n\n<li>\u200bKlepter Rosa Gon\u00e7alves (Ex-subcomandante);<\/li>\n\n\n\n<li>\u200bMarcelo Casimiro Vasconcelos Rodrigues;<\/li>\n\n\n\n<li>\u200bPaulo Jos\u00e9 Ferreira de Sousa Bezerra;<\/li>\n\n\n\n<li>\u200bJorge Eduardo Naime.<\/li>\n<\/ul>\n\n\n\n<h3 class=\"wp-block-heading\">\u200bPr\u00f3ximos Passos no STF<\/h3>\n\n\n\n<p class=\"wp-block-paragraph\">\u200bEmbora o voto de Moraes estabele\u00e7a o tom do julgamento, o desfecho ainda depende dos demais membros da turma. O sistema de vota\u00e7\u00e3o virtual permite que os magistrados insiram seus votos de forma ass\u00edncrona.<\/p>\n\n\n\n<ul class=\"wp-block-list\">\n<li>\u200b<strong>Prazo Final:<\/strong> Os ministros <strong>Fl\u00e1vio Dino<\/strong>, <strong>Cristiano Zanin<\/strong> e a ministra <strong>C\u00e1rmen L\u00facia<\/strong> t\u00eam at\u00e9 o dia <strong>24 de fevereiro<\/strong> para registrar suas decis\u00f5es no sistema eletr\u00f4nico.<\/li>\n\n\n\n<li>\u200b<strong>Possibilidades:<\/strong> O julgamento pode ser interrompido caso algum ministro pe\u00e7a &#8220;vista&#8221; (mais tempo para analisar) ou destaque o caso para o plen\u00e1rio f\u00edsico.<\/li>\n<\/ul>\n\n\n\n<p class=\"wp-block-paragraph\">\u200bA defesa dos policiais alega, em linhas gerais, que houve falha de intelig\u00eancia e que a responsabilidade n\u00e3o poderia ser atribu\u00edda individualmente \u00e0 c\u00fapula, mas sim a um colapso sist\u00eamico da seguran\u00e7a p\u00fablica naquele dia.<\/p>\n\n\n\n<h3 class=\"wp-block-heading\">\u200bContexto Atualizado<\/h3>\n\n\n\n<p class=\"wp-block-paragraph\">\u200bDesde o in\u00edcio de 2026, o STF tem acelerado a an\u00e1lise de recursos residuais dos envolvidos no 8 de janeiro, buscando encerrar os principais n\u00facleos de investiga\u00e7\u00e3o (executores, financiadores e autoridades omissas) ainda neste semestre. A manuten\u00e7\u00e3o das condena\u00e7\u00f5es pela Primeira Turma \u00e9 vista por analistas jur\u00eddicos como um refor\u00e7o \u00e0 tese de &#8220;dever de agir&#8221; das for\u00e7as de seguran\u00e7a em estados democr\u00e1ticos.<\/p>\n","protected":false},"excerpt":{"rendered":"<p>Em decis\u00e3o proferida nesta sexta-feira (13), o ministro Alexandre de Moraes, do Supremo Tribunal Federal (STF), votou pela rejei\u00e7\u00e3o dos recursos da antiga c\u00fapula da [&#8230;]<\/p>\n","protected":false},"author":1,"featured_media":3808,"comment_status":"open","ping_status":"open","sticky":false,"template":"","format":"standard","meta":{"_crdt_document":"","_jetpack_memberships_contains_paid_content":false,"footnotes":"","jetpack_publicize_message":"","jetpack_publicize_feature_enabled":true,"jetpack_social_post_already_shared":true,"jetpack_social_options":{"image_generator_settings":{"template":"highway","default_image_id":0,"font":"","enabled":false},"version":2}},"categories":[8],"tags":[],"class_list":["post-3807","post","type-post","status-publish","format-standard","has-post-thumbnail","hentry","category-judiciario"],"jetpack_publicize_connections":[],"jetpack_featured_media_url":"https:\/\/i0.wp.com\/oexpressobr.com.br\/wp-content\/uploads\/2026\/02\/ja_9663_0.webp?fit=1170%2C700&ssl=1","jetpack_likes_enabled":true,"jetpack_sharing_enabled":true,"_links":{"self":[{"href":"https:\/\/oexpressobr.com.br\/index.php?rest_route=\/wp\/v2\/posts\/3807","targetHints":{"allow":["GET"]}}],"collection":[{"href":"https:\/\/oexpressobr.com.br\/index.php?rest_route=\/wp\/v2\/posts"}],"about":[{"href":"https:\/\/oexpressobr.com.br\/index.php?rest_route=\/wp\/v2\/types\/post"}],"author":[{"embeddable":true,"href":"https:\/\/oexpressobr.com.br\/index.php?rest_route=\/wp\/v2\/users\/1"}],"replies":[{"embeddable":true,"href":"https:\/\/oexpressobr.com.br\/index.php?rest_route=%2Fwp%2Fv2%2Fcomments&post=3807"}],"version-history":[{"count":1,"href":"https:\/\/oexpressobr.com.br\/index.php?rest_route=\/wp\/v2\/posts\/3807\/revisions"}],"predecessor-version":[{"id":3809,"href":"https:\/\/oexpressobr.com.br\/index.php?rest_route=\/wp\/v2\/posts\/3807\/revisions\/3809"}],"wp:featuredmedia":[{"embeddable":true,"href":"https:\/\/oexpressobr.com.br\/index.php?rest_route=\/wp\/v2\/media\/3808"}],"wp:attachment":[{"href":"https:\/\/oexpressobr.com.br\/index.php?rest_route=%2Fwp%2Fv2%2Fmedia&parent=3807"}],"wp:term":[{"taxonomy":"category","embeddable":true,"href":"https:\/\/oexpressobr.com.br\/index.php?rest_route=%2Fwp%2Fv2%2Fcategories&post=3807"},{"taxonomy":"post_tag","embeddable":true,"href":"https:\/\/oexpressobr.com.br\/index.php?rest_route=%2Fwp%2Fv2%2Ftags&post=3807"}],"curies":[{"name":"wp","href":"https:\/\/api.w.org\/{rel}","templated":true}]}}