{"id":3810,"date":"2026-02-13T16:18:16","date_gmt":"2026-02-13T19:18:16","guid":{"rendered":"https:\/\/oexpressobr.com.br\/?p=3810"},"modified":"2026-02-13T16:18:17","modified_gmt":"2026-02-13T19:18:17","slug":"justica-torna-pedro-turra-reu-por-homicidio-doloso-apos-morte-de-adolescente-em-brasilia","status":"publish","type":"post","link":"https:\/\/oexpressobr.com.br\/?p=3810","title":{"rendered":"Justi\u00e7a torna Pedro Turra r\u00e9u por homic\u00eddio doloso ap\u00f3s morte de adolescente em Bras\u00edlia"},"content":{"rendered":"\n<p class=\"wp-block-paragraph\">\u200bA Justi\u00e7a do Distrito Federal aceitou, nesta sexta-feira (13), a den\u00fancia apresentada pelo Minist\u00e9rio P\u00fablico contra o piloto de automobilismo <strong>Pedro Turra<\/strong>, de 19 anos. Com a decis\u00e3o, o jovem passa a responder formalmente por <strong>homic\u00eddio doloso<\/strong> \u2014 quando h\u00e1 inten\u00e7\u00e3o de matar ou se assume o risco de faz\u00ea-lo \u2014 pela morte de <strong>Rodrigo Castanheira<\/strong>, de 16 anos.<\/p>\n\n\n\n<h3 class=\"wp-block-heading\">\u200bO Caso e o Desdobramento Jur\u00eddico<\/h3>\n\n\n\n<p class=\"wp-block-paragraph\">\u200bO crime ocorreu em janeiro, durante uma briga em que Turra desferiu um soco no rosto da v\u00edtima. Rodrigo Castanheira n\u00e3o resistiu \u00e0 gravidade dos ferimentos ap\u00f3s lutar pela vida durante duas semanas em uma Unidade de Terapia Intensiva (UTI), vindo a falecer no \u00faltimo s\u00e1bado (7).<\/p>\n\n\n\n<p class=\"wp-block-paragraph\">\u200bA convers\u00e3o da den\u00fancia em a\u00e7\u00e3o penal marca uma mudan\u00e7a significativa na linha de defesa e acusa\u00e7\u00e3o:<\/p>\n\n\n\n<ul class=\"wp-block-list\">\n<li>\u200b<strong>Status Atual:<\/strong> Turra est\u00e1 detido preventivamente no Complexo Penitenci\u00e1rio da <strong>Papuda<\/strong>.<\/li>\n\n\n\n<li>\u200b<strong>Qualifica\u00e7\u00e3o:<\/strong> Inicialmente investigado por les\u00e3o corporal seguida de morte, o entendimento do MP, agora chancelado pelo Judici\u00e1rio, aponta para o dolo, o que pode levar o r\u00e9u a <strong>J\u00fari Popular<\/strong>.<\/li>\n<\/ul>\n\n\n\n<h3 class=\"wp-block-heading\">\u200bRepercuss\u00e3o e Pr\u00f3ximos Passos<\/h3>\n\n\n\n<p class=\"wp-block-paragraph\">\u200bA imagem do piloto com a cabe\u00e7a raspada ao dar entrada no sistema prisional circulou amplamente, simbolizando a gravidade do caso que chocou a capital federal. Familiares da v\u00edtima pedem justi\u00e7a rigorosa, enquanto a defesa de Turra deve tentar reverter a pris\u00e3o preventiva ou desclassificar o crime para uma modalidade culposa (sem inten\u00e7\u00e3o).<\/p>\n\n\n\n<blockquote class=\"wp-block-quote is-layout-flow wp-block-quote-is-layout-flow\">\n<p class=\"wp-block-paragraph\">\u200b&#8221;A decis\u00e3o de torn\u00e1-lo r\u00e9u por homic\u00eddio doloso reflete a an\u00e1lise t\u00e9cnica de que a agress\u00e3o, dada a disparidade de for\u00e7as e o contexto, assumiu o risco do resultado letal&#8221;, afirmam especialistas jur\u00eddicos que acompanham o caso.<\/p>\n<\/blockquote>\n","protected":false},"excerpt":{"rendered":"<p>\u200bA Justi\u00e7a do Distrito Federal aceitou, nesta sexta-feira (13), a den\u00fancia apresentada pelo Minist\u00e9rio P\u00fablico contra o piloto de automobilismo Pedro Turra, de 19 anos. [&#8230;]<\/p>\n","protected":false},"author":1,"featured_media":3811,"comment_status":"open","ping_status":"open","sticky":false,"template":"","format":"standard","meta":{"_crdt_document":"","_jetpack_memberships_contains_paid_content":false,"footnotes":"","jetpack_publicize_message":"","jetpack_publicize_feature_enabled":true,"jetpack_social_post_already_shared":true,"jetpack_social_options":{"image_generator_settings":{"template":"highway","default_image_id":0,"font":"","enabled":false},"version":2}},"categories":[8],"tags":[],"class_list":["post-3810","post","type-post","status-publish","format-standard","has-post-thumbnail","hentry","category-judiciario"],"jetpack_publicize_connections":[],"jetpack_featured_media_url":"https:\/\/i0.wp.com\/oexpressobr.com.br\/wp-content\/uploads\/2026\/02\/captura_de_tela_2026-02-12_162457_copy.webp?fit=1170%2C700&ssl=1","jetpack_likes_enabled":true,"jetpack_sharing_enabled":true,"_links":{"self":[{"href":"https:\/\/oexpressobr.com.br\/index.php?rest_route=\/wp\/v2\/posts\/3810","targetHints":{"allow":["GET"]}}],"collection":[{"href":"https:\/\/oexpressobr.com.br\/index.php?rest_route=\/wp\/v2\/posts"}],"about":[{"href":"https:\/\/oexpressobr.com.br\/index.php?rest_route=\/wp\/v2\/types\/post"}],"author":[{"embeddable":true,"href":"https:\/\/oexpressobr.com.br\/index.php?rest_route=\/wp\/v2\/users\/1"}],"replies":[{"embeddable":true,"href":"https:\/\/oexpressobr.com.br\/index.php?rest_route=%2Fwp%2Fv2%2Fcomments&post=3810"}],"version-history":[{"count":1,"href":"https:\/\/oexpressobr.com.br\/index.php?rest_route=\/wp\/v2\/posts\/3810\/revisions"}],"predecessor-version":[{"id":3812,"href":"https:\/\/oexpressobr.com.br\/index.php?rest_route=\/wp\/v2\/posts\/3810\/revisions\/3812"}],"wp:featuredmedia":[{"embeddable":true,"href":"https:\/\/oexpressobr.com.br\/index.php?rest_route=\/wp\/v2\/media\/3811"}],"wp:attachment":[{"href":"https:\/\/oexpressobr.com.br\/index.php?rest_route=%2Fwp%2Fv2%2Fmedia&parent=3810"}],"wp:term":[{"taxonomy":"category","embeddable":true,"href":"https:\/\/oexpressobr.com.br\/index.php?rest_route=%2Fwp%2Fv2%2Fcategories&post=3810"},{"taxonomy":"post_tag","embeddable":true,"href":"https:\/\/oexpressobr.com.br\/index.php?rest_route=%2Fwp%2Fv2%2Ftags&post=3810"}],"curies":[{"name":"wp","href":"https:\/\/api.w.org\/{rel}","templated":true}]}}