{"id":3819,"date":"2026-02-13T16:36:59","date_gmt":"2026-02-13T19:36:59","guid":{"rendered":"https:\/\/oexpressobr.com.br\/?p=3819"},"modified":"2026-02-13T16:37:01","modified_gmt":"2026-02-13T19:37:01","slug":"mpf-apresenta-nova-denuncia-ao-stf-por-obstrucao-de-justica-e-associacao-criminosa","status":"publish","type":"post","link":"https:\/\/oexpressobr.com.br\/?p=3819","title":{"rendered":"MPF apresenta nova den\u00fancia ao STF por obstru\u00e7\u00e3o de justi\u00e7a e associa\u00e7\u00e3o criminosa"},"content":{"rendered":"\n<p class=\"wp-block-paragraph\">Nesta sexta-feira, 13 de fevereiro de 2026, o <strong>Minist\u00e9rio P\u00fablico Federal (MPF)<\/strong> deu um novo passo nas investiga\u00e7\u00f5es do caso que apura o assassinato da vereadora Marielle Franco e do motorista Anderson Gomes. O vice-procurador-geral da Rep\u00fablica, <strong>Hindenburgo Chateaubriand<\/strong>, protocolou no Supremo Tribunal Federal (STF) uma den\u00fancia formal contra tr\u00eas policiais civis, acusando-os de formar uma rede para garantir a impunidade de criminosos no Rio de Janeiro.<\/p>\n\n\n\n<p class=\"wp-block-paragraph\">\u200bOs denunciados s\u00e3o:<\/p>\n\n\n\n<ul class=\"wp-block-list\">\n<li>\u200b<strong>Rivaldo Barbosa de Ara\u00fajo J\u00fanior<\/strong> (ex-chefe da Pol\u00edcia Civil do RJ);<\/li>\n\n\n\n<li>\u200b<strong>Giniton Lages<\/strong> (delegado);<\/li>\n\n\n\n<li>\u200b<strong>Marco Antonio de Barros Pinto<\/strong> (conhecido como &#8220;Marquinho DH&#8221;).<\/li>\n<\/ul>\n\n\n\n<h3 class=\"wp-block-heading\">\u200bEntenda a acusa\u00e7\u00e3o de &#8220;mercantiliza\u00e7\u00e3o de homic\u00eddios&#8221;<\/h3>\n\n\n\n<p class=\"wp-block-paragraph\">\u200bSegundo o MPF, a den\u00fancia \u00e9 fruto do desmembramento do Inqu\u00e9rito 4.954 e aponta que os agentes integravam uma associa\u00e7\u00e3o criminosa infiltrada na estrutura do Estado. O documento descreve um cen\u00e1rio de <strong>&#8220;mercantiliza\u00e7\u00e3o de homic\u00eddios&#8221;<\/strong>, onde o grupo utilizava seus cargos para controlar inqu\u00e9ritos, proteger milicianos e contraventores, e dificultar a resolu\u00e7\u00e3o de crimes em troca de vantagens.<\/p>\n\n\n\n<p class=\"wp-block-paragraph\">\u200bDe acordo com o texto enviado ao STF, os policiais teriam adotado pr\u00e1ticas como:<\/p>\n\n\n\n<ul class=\"wp-block-list\">\n<li>\u200b<strong>Oculta\u00e7\u00e3o e desaparecimento de provas<\/strong> cruciais;<\/li>\n\n\n\n<li>\u200b<strong>Utiliza\u00e7\u00e3o de testemunhos falsos<\/strong> para desviar o foco das investiga\u00e7\u00f5es;<\/li>\n\n\n\n<li>\u200b<strong>Incrimina\u00e7\u00e3o de pessoas sabidamente inocentes<\/strong>;<\/li>\n\n\n\n<li>\u200b<strong>Realiza\u00e7\u00e3o de dilig\u00eancias in\u00f3cuas<\/strong> para ganhar tempo e garantir a prescri\u00e7\u00e3o ou o arquivamento de casos.<\/li>\n<\/ul>\n\n\n\n<h3 class=\"wp-block-heading\">\u200bPedidos e penalidades<\/h3>\n\n\n\n<p class=\"wp-block-paragraph\">\u200bAl\u00e9m da condena\u00e7\u00e3o pelos crimes de <strong>associa\u00e7\u00e3o criminosa e obstru\u00e7\u00e3o de justi\u00e7a<\/strong>, o Minist\u00e9rio P\u00fablico Federal solicita a <strong>perda imediata dos cargos p\u00fablicos<\/strong> dos envolvidos e o pagamento de uma indeniza\u00e7\u00e3o por <strong>dano moral coletivo<\/strong>, devido ao preju\u00edzo causado \u00e0 confiabilidade do sistema de justi\u00e7a criminal fluminense.<\/p>\n\n\n\n<h3 class=\"wp-block-heading\">\u200bContexto: O julgamento de 2026<\/h3>\n\n\n\n<p class=\"wp-block-paragraph\">\u200bEsta nova ofensiva jur\u00eddica ocorre em um momento decisivo. O STF j\u00e1 agendou para os dias <strong>24 e 25 de fevereiro de 2026<\/strong> o julgamento de outros r\u00e9us do caso, incluindo os irm\u00e3os Braz\u00e3o, apontados como mandantes do crime ocorrido em 2018.<\/p>\n\n\n\n<p class=\"wp-block-paragraph\"><\/p>\n","protected":false},"excerpt":{"rendered":"<p>Nesta sexta-feira, 13 de fevereiro de 2026, o Minist\u00e9rio P\u00fablico Federal (MPF) deu um novo passo nas investiga\u00e7\u00f5es do caso que apura o assassinato da [&#8230;]<\/p>\n","protected":false},"author":1,"featured_media":3820,"comment_status":"open","ping_status":"open","sticky":false,"template":"","format":"standard","meta":{"_crdt_document":"","_jetpack_memberships_contains_paid_content":false,"footnotes":"","jetpack_publicize_message":"","jetpack_publicize_feature_enabled":true,"jetpack_social_post_already_shared":true,"jetpack_social_options":{"image_generator_settings":{"template":"highway","default_image_id":0,"font":"","enabled":false},"version":2}},"categories":[8],"tags":[],"class_list":["post-3819","post","type-post","status-publish","format-standard","has-post-thumbnail","hentry","category-judiciario"],"jetpack_publicize_connections":[],"jetpack_featured_media_url":"https:\/\/i0.wp.com\/oexpressobr.com.br\/wp-content\/uploads\/2026\/02\/IMG-20260213-WA0315.jpg?fit=1080%2C1350&ssl=1","jetpack_likes_enabled":true,"jetpack_sharing_enabled":true,"_links":{"self":[{"href":"https:\/\/oexpressobr.com.br\/index.php?rest_route=\/wp\/v2\/posts\/3819","targetHints":{"allow":["GET"]}}],"collection":[{"href":"https:\/\/oexpressobr.com.br\/index.php?rest_route=\/wp\/v2\/posts"}],"about":[{"href":"https:\/\/oexpressobr.com.br\/index.php?rest_route=\/wp\/v2\/types\/post"}],"author":[{"embeddable":true,"href":"https:\/\/oexpressobr.com.br\/index.php?rest_route=\/wp\/v2\/users\/1"}],"replies":[{"embeddable":true,"href":"https:\/\/oexpressobr.com.br\/index.php?rest_route=%2Fwp%2Fv2%2Fcomments&post=3819"}],"version-history":[{"count":1,"href":"https:\/\/oexpressobr.com.br\/index.php?rest_route=\/wp\/v2\/posts\/3819\/revisions"}],"predecessor-version":[{"id":3821,"href":"https:\/\/oexpressobr.com.br\/index.php?rest_route=\/wp\/v2\/posts\/3819\/revisions\/3821"}],"wp:featuredmedia":[{"embeddable":true,"href":"https:\/\/oexpressobr.com.br\/index.php?rest_route=\/wp\/v2\/media\/3820"}],"wp:attachment":[{"href":"https:\/\/oexpressobr.com.br\/index.php?rest_route=%2Fwp%2Fv2%2Fmedia&parent=3819"}],"wp:term":[{"taxonomy":"category","embeddable":true,"href":"https:\/\/oexpressobr.com.br\/index.php?rest_route=%2Fwp%2Fv2%2Fcategories&post=3819"},{"taxonomy":"post_tag","embeddable":true,"href":"https:\/\/oexpressobr.com.br\/index.php?rest_route=%2Fwp%2Fv2%2Ftags&post=3819"}],"curies":[{"name":"wp","href":"https:\/\/api.w.org\/{rel}","templated":true}]}}