{"id":3825,"date":"2026-02-13T16:47:11","date_gmt":"2026-02-13T19:47:11","guid":{"rendered":"https:\/\/oexpressobr.com.br\/?p=3825"},"modified":"2026-02-13T16:47:13","modified_gmt":"2026-02-13T19:47:13","slug":"comando-vermelho-impoe-fim-de-conflitos-e-lideres-de-torcidas-renunciam-no-ceara","status":"publish","type":"post","link":"https:\/\/oexpressobr.com.br\/?p=3825","title":{"rendered":"Comando Vermelho imp\u00f5e fim de conflitos e l\u00edderes de torcidas renunciam no Cear\u00e1"},"content":{"rendered":"\n<p class=\"wp-block-paragraph\">Em um desdobramento que revela a crescente influ\u00eancia do crime organizado em setores da sociedade civil, o Minist\u00e9rio P\u00fablico do Estado do Cear\u00e1 (MPCE) e os servi\u00e7os de intelig\u00eancia da Secretaria da Seguran\u00e7a P\u00fablica e Defesa Social (SSPDS) investigam mensagens atribu\u00eddas \u00e0 fac\u00e7\u00e3o Comando Vermelho (CV) ordenando a suspens\u00e3o total de brigas entre torcidas organizadas no estado. A determina\u00e7\u00e3o teria ocorrido ap\u00f3s o \u00faltimo Cl\u00e1ssico-Rei, em fevereiro de 2026, marcado por uma batalha campal que resultou em mais de 350 pris\u00f5es e na interrup\u00e7\u00e3o tempor\u00e1ria da partida na Arena Castel\u00e3o.<\/p>\n\n\n\n<h3 class=\"wp-block-heading\">\u200bOrdem do crime e ren\u00fancias em massa<\/h3>\n\n\n\n<p class=\"wp-block-paragraph\">\u200bAs investiga\u00e7\u00f5es apontam que a fac\u00e7\u00e3o teria emitido um &#8220;salve&#8221; (comunicado interno do crime) proibindo os confrontos. A justificativa seria evitar que o policiamento intensificado nos dias de jogos atrapalhasse a log\u00edstica do tr\u00e1fico de drogas e a circula\u00e7\u00e3o de membros do grupo em bairros perif\u00e9ricos de Fortaleza.<\/p>\n\n\n\n<p class=\"wp-block-paragraph\">\u200bSob press\u00e3o direta das ordens emanadas pelos pres\u00eddios e pelas ruas, as principais lideran\u00e7as das torcidas organizadas de Cear\u00e1 e Fortaleza anunciaram suas ren\u00fancias em postagens nas redes sociais. Presidentes e diretores de agremia\u00e7\u00f5es como Cearamor e Movimento Organizado For\u00e7a Independente (MOFI) deixaram seus cargos alegando &#8220;motivos pessoais&#8221; ou a necessidade de &#8220;novos ares&#8221;, mas investigadores afirmam que a sa\u00edda foi for\u00e7ada pela interven\u00e7\u00e3o da fac\u00e7\u00e3o. A torcida MOFI Serrinha, inclusive, chegou a anunciar o encerramento de suas atividades por tempo indeterminado.<\/p>\n\n\n\n<h3 class=\"wp-block-heading\">\u200bO caos que motivou a interven\u00e7\u00e3o<\/h3>\n\n\n\n<p class=\"wp-block-paragraph\">\u200bO estopim para essa &#8220;interven\u00e7\u00e3o&#8221; criminosa foi o confronto ocorrido no dia 8 de fevereiro de 2026. A briga generalizada mobilizou centenas de policiais, resultando em:<\/p>\n\n\n\n<ul class=\"wp-block-list\">\n<li>\u200b<strong>357 detidos<\/strong>, incluindo 113 adolescentes;<\/li>\n\n\n\n<li>\u200b<strong>159 pris\u00f5es preventivas<\/strong> decretadas pela Justi\u00e7a ap\u00f3s as audi\u00eancias de cust\u00f3dia;<\/li>\n\n\n\n<li>\u200b<strong>Apreens\u00e3o de materiais de guerra<\/strong>, como artefatos explosivos artesanais, socos ingleses e barras de ferro.<\/li>\n<\/ul>\n\n\n\n<h3 class=\"wp-block-heading\">\u200bMedidas da Justi\u00e7a para 2026<\/h3>\n\n\n\n<p class=\"wp-block-paragraph\">\u200bDiante da gravidade, a Justi\u00e7a do Cear\u00e1 tomou medidas dr\u00e1sticas para o primeiro Cl\u00e1ssico-Rei de 2025\/2026. O Minist\u00e9rio P\u00fablico confirmou a proibi\u00e7\u00e3o da presen\u00e7a de torcidas organizadas com uniformes, faixas ou adere\u00e7os em jogos espec\u00edficos. Al\u00e9m disso, os \u00f3rg\u00e3os de seguran\u00e7a est\u00e3o utilizando tecnologia de reconhecimento facial nos arredores dos est\u00e1dios para identificar infratores e membros de grupos criminosos.<\/p>\n\n\n\n<p class=\"wp-block-paragraph\">\u200bEmbora o cen\u00e1rio de &#8220;paz for\u00e7ada&#8221; reduza temporariamente a viol\u00eancia nos est\u00e1dios, especialistas em seguran\u00e7a p\u00fablica alertam para o perigo da valida\u00e7\u00e3o do poder das fac\u00e7\u00f5es sobre o direito de lazer e o esporte. O Governo do Estado refor\u00e7ou que as investiga\u00e7\u00f5es continuam para identificar a origem das ordens e impedir que o crime organizado dite as regras do futebol cearense.<\/p>\n","protected":false},"excerpt":{"rendered":"<p>Em um desdobramento que revela a crescente influ\u00eancia do crime organizado em setores da sociedade civil, o Minist\u00e9rio P\u00fablico do Estado do Cear\u00e1 (MPCE) e [&#8230;]<\/p>\n","protected":false},"author":1,"featured_media":3826,"comment_status":"open","ping_status":"open","sticky":false,"template":"","format":"standard","meta":{"_crdt_document":"","_jetpack_memberships_contains_paid_content":false,"footnotes":"","jetpack_publicize_message":"","jetpack_publicize_feature_enabled":true,"jetpack_social_post_already_shared":true,"jetpack_social_options":{"image_generator_settings":{"template":"highway","default_image_id":0,"font":"","enabled":false},"version":2}},"categories":[1],"tags":[],"class_list":["post-3825","post","type-post","status-publish","format-standard","has-post-thumbnail","hentry","category-geral"],"jetpack_publicize_connections":[],"jetpack_featured_media_url":"https:\/\/i0.wp.com\/oexpressobr.com.br\/wp-content\/uploads\/2026\/02\/imagem-13.jpg.webp?fit=800%2C450&ssl=1","jetpack_likes_enabled":true,"jetpack_sharing_enabled":true,"_links":{"self":[{"href":"https:\/\/oexpressobr.com.br\/index.php?rest_route=\/wp\/v2\/posts\/3825","targetHints":{"allow":["GET"]}}],"collection":[{"href":"https:\/\/oexpressobr.com.br\/index.php?rest_route=\/wp\/v2\/posts"}],"about":[{"href":"https:\/\/oexpressobr.com.br\/index.php?rest_route=\/wp\/v2\/types\/post"}],"author":[{"embeddable":true,"href":"https:\/\/oexpressobr.com.br\/index.php?rest_route=\/wp\/v2\/users\/1"}],"replies":[{"embeddable":true,"href":"https:\/\/oexpressobr.com.br\/index.php?rest_route=%2Fwp%2Fv2%2Fcomments&post=3825"}],"version-history":[{"count":1,"href":"https:\/\/oexpressobr.com.br\/index.php?rest_route=\/wp\/v2\/posts\/3825\/revisions"}],"predecessor-version":[{"id":3827,"href":"https:\/\/oexpressobr.com.br\/index.php?rest_route=\/wp\/v2\/posts\/3825\/revisions\/3827"}],"wp:featuredmedia":[{"embeddable":true,"href":"https:\/\/oexpressobr.com.br\/index.php?rest_route=\/wp\/v2\/media\/3826"}],"wp:attachment":[{"href":"https:\/\/oexpressobr.com.br\/index.php?rest_route=%2Fwp%2Fv2%2Fmedia&parent=3825"}],"wp:term":[{"taxonomy":"category","embeddable":true,"href":"https:\/\/oexpressobr.com.br\/index.php?rest_route=%2Fwp%2Fv2%2Fcategories&post=3825"},{"taxonomy":"post_tag","embeddable":true,"href":"https:\/\/oexpressobr.com.br\/index.php?rest_route=%2Fwp%2Fv2%2Ftags&post=3825"}],"curies":[{"name":"wp","href":"https:\/\/api.w.org\/{rel}","templated":true}]}}