{"id":3828,"date":"2026-02-13T16:52:26","date_gmt":"2026-02-13T19:52:26","guid":{"rendered":"https:\/\/oexpressobr.com.br\/?p=3828"},"modified":"2026-02-13T16:52:27","modified_gmt":"2026-02-13T19:52:27","slug":"nikolas-ferreira-e-oposicao-convocam-atos-contra-lula-moraes-e-toffoli-para-1o-de-marco","status":"publish","type":"post","link":"https:\/\/oexpressobr.com.br\/?p=3828","title":{"rendered":"Nikolas Ferreira e oposi\u00e7\u00e3o convocam atos contra Lula, Moraes e Toffoli para 1\u00ba de mar\u00e7o"},"content":{"rendered":"\n<p class=\"wp-block-paragraph\">\u200bA polariza\u00e7\u00e3o pol\u00edtica no Brasil ganha um novo cap\u00edtulo com a convoca\u00e7\u00e3o de manifesta\u00e7\u00f5es nacionais marcadas para o dia <strong>1\u00ba de mar\u00e7o<\/strong>. Liderados pelo deputado federal <strong>Nikolas Ferreira (PL-MG)<\/strong> e setores da ala conservadora, os protestos t\u00eam como alvos centrais o presidente <strong>Luiz In\u00e1cio Lula da Silva<\/strong> e os ministros do Supremo Tribunal Federal (STF), <strong>Alexandre de Moraes<\/strong> e <strong>Dias Toffoli<\/strong>.<\/p>\n\n\n\n<p class=\"wp-block-paragraph\">\u200bO movimento, batizado de <strong>\u201cAcorda, Brasil\u201d<\/strong>, surge em um momento de alta tens\u00e3o institucional. O estopim para a nova mobiliza\u00e7\u00e3o foi o desdobramento das investiga\u00e7\u00f5es envolvendo o <strong>Banco Master<\/strong>, que recentemente resultou na sa\u00edda de Dias Toffoli da relatoria do caso \u2014 agora sob responsabilidade do ministro Andr\u00e9 Mendon\u00e7a.<\/p>\n\n\n\n<h3 class=\"wp-block-heading\">\u200bOs principais pilares do movimento<\/h3>\n\n\n\n<p class=\"wp-block-paragraph\">\u200bDe acordo com as convoca\u00e7\u00f5es feitas pelas redes sociais, o ato busca canalizar a insatisfa\u00e7\u00e3o da oposi\u00e7\u00e3o em torno de tr\u00eas eixos principais:<\/p>\n\n\n\n<ul class=\"wp-block-list\">\n<li>\u200b<strong>Pedidos de Impeachment:<\/strong> A oposi\u00e7\u00e3o intensificou a reda\u00e7\u00e3o de pedidos de impedimento contra Dias Toffoli, alegando que o magistrado estaria envolvido em suspeitas que comprometem sua imparcialidade. O ministro Alexandre de Moraes tamb\u00e9m segue no foco dos manifestantes, que questionam a condu\u00e7\u00e3o de inqu\u00e9ritos sobre atos antidemocr\u00e1ticos.<\/li>\n\n\n\n<li>\u200b<strong>Cr\u00edticas ao Governo Federal:<\/strong> O &#8220;Fora Lula&#8221; volta \u00e0s ruas com cr\u00edticas \u00e0 gest\u00e3o econ\u00f4mica e \u00e0 proximidade do Executivo com a c\u00fapula do Judici\u00e1rio.<\/li>\n\n\n\n<li>\u200b<strong>Anistia e Dosimetria:<\/strong> O ato tamb\u00e9m deve servir de palco para cobrar a revis\u00e3o das penas e a anistia para os condenados pelos eventos de 8 de janeiro, pauta que tem sido defendida com vigor por parlamentares do PL.<\/li>\n<\/ul>\n\n\n\n<h3 class=\"wp-block-heading\">\u200bLocais e hor\u00e1rios confirmados<\/h3>\n\n\n\n<h3 class=\"wp-block-heading\">Rea\u00e7\u00f5es institucionais<\/h3>\n\n\n\n<p class=\"wp-block-paragraph\">\u200bO clima em Bras\u00edlia \u00e9 de vigil\u00e2ncia. Enquanto o governo Lula minimiza os atos, tratando-os como manifesta\u00e7\u00f5es t\u00edpicas da oposi\u00e7\u00e3o, no STF a postura \u00e9 de defesa das prerrogativas. Recentemente, na abertura do ano judici\u00e1rio de 2026, ministros reagiram a cr\u00edticas externas defendendo a legitimidade de suas decis\u00f5es e a independ\u00eancia da Corte.<\/p>\n\n\n\n<p class=\"wp-block-paragraph\">\u200bA seguran\u00e7a p\u00fablica nas capitais deve ser refor\u00e7ada para evitar confrontos, especialmente diante da ret\u00f3rica inflamada de &#8220;enfrentamento aos deuses de toga&#8221;, termo utilizado pelo deputado Nikolas Ferreira em seus v\u00eddeos de convoca\u00e7\u00e3o.<\/p>\n\n\n\n<p class=\"wp-block-paragraph\"><\/p>\n","protected":false},"excerpt":{"rendered":"<p>\u200bA polariza\u00e7\u00e3o pol\u00edtica no Brasil ganha um novo cap\u00edtulo com a convoca\u00e7\u00e3o de manifesta\u00e7\u00f5es nacionais marcadas para o dia 1\u00ba de mar\u00e7o. Liderados pelo deputado [&#8230;]<\/p>\n","protected":false},"author":1,"featured_media":3829,"comment_status":"open","ping_status":"open","sticky":false,"template":"","format":"standard","meta":{"_crdt_document":"","_jetpack_memberships_contains_paid_content":false,"footnotes":"","jetpack_publicize_message":"","jetpack_publicize_feature_enabled":true,"jetpack_social_post_already_shared":true,"jetpack_social_options":{"image_generator_settings":{"template":"highway","default_image_id":0,"font":"","enabled":false},"version":2}},"categories":[7],"tags":[],"class_list":["post-3828","post","type-post","status-publish","format-standard","has-post-thumbnail","hentry","category-politica"],"jetpack_publicize_connections":[],"jetpack_featured_media_url":"https:\/\/i0.wp.com\/oexpressobr.com.br\/wp-content\/uploads\/2026\/02\/ato-oposicao-fora-lula-moraes-toffoli.jpg.webp?fit=2048%2C1365&ssl=1","jetpack_likes_enabled":true,"jetpack_sharing_enabled":true,"_links":{"self":[{"href":"https:\/\/oexpressobr.com.br\/index.php?rest_route=\/wp\/v2\/posts\/3828","targetHints":{"allow":["GET"]}}],"collection":[{"href":"https:\/\/oexpressobr.com.br\/index.php?rest_route=\/wp\/v2\/posts"}],"about":[{"href":"https:\/\/oexpressobr.com.br\/index.php?rest_route=\/wp\/v2\/types\/post"}],"author":[{"embeddable":true,"href":"https:\/\/oexpressobr.com.br\/index.php?rest_route=\/wp\/v2\/users\/1"}],"replies":[{"embeddable":true,"href":"https:\/\/oexpressobr.com.br\/index.php?rest_route=%2Fwp%2Fv2%2Fcomments&post=3828"}],"version-history":[{"count":1,"href":"https:\/\/oexpressobr.com.br\/index.php?rest_route=\/wp\/v2\/posts\/3828\/revisions"}],"predecessor-version":[{"id":3830,"href":"https:\/\/oexpressobr.com.br\/index.php?rest_route=\/wp\/v2\/posts\/3828\/revisions\/3830"}],"wp:featuredmedia":[{"embeddable":true,"href":"https:\/\/oexpressobr.com.br\/index.php?rest_route=\/wp\/v2\/media\/3829"}],"wp:attachment":[{"href":"https:\/\/oexpressobr.com.br\/index.php?rest_route=%2Fwp%2Fv2%2Fmedia&parent=3828"}],"wp:term":[{"taxonomy":"category","embeddable":true,"href":"https:\/\/oexpressobr.com.br\/index.php?rest_route=%2Fwp%2Fv2%2Fcategories&post=3828"},{"taxonomy":"post_tag","embeddable":true,"href":"https:\/\/oexpressobr.com.br\/index.php?rest_route=%2Fwp%2Fv2%2Ftags&post=3828"}],"curies":[{"name":"wp","href":"https:\/\/api.w.org\/{rel}","templated":true}]}}