{"id":3831,"date":"2026-02-13T16:57:20","date_gmt":"2026-02-13T19:57:20","guid":{"rendered":"https:\/\/oexpressobr.com.br\/?p=3831"},"modified":"2026-02-13T16:57:22","modified_gmt":"2026-02-13T19:57:22","slug":"promotor-italiano-classifica-cidadania-de-zambelli-como-de-fachada-em-reta-final-de-julgamento-de-extradicao","status":"publish","type":"post","link":"https:\/\/oexpressobr.com.br\/?p=3831","title":{"rendered":"PROMOTOR italiano classifica cidadania de Zambelli como &#8220;de fachada&#8221; em reta final de julgamento de extradi\u00e7\u00e3o"},"content":{"rendered":"\n<p class=\"wp-block-paragraph\">\u200bA Justi\u00e7a da It\u00e1lia concluiu, nesta quinta-feira (12), as audi\u00eancias do processo de extradi\u00e7\u00e3o da ex-deputada federal Carla Zambelli (PL-SP). Durante a sess\u00e3o na Corte de Apela\u00e7\u00e3o de Roma, o Minist\u00e9rio P\u00fablico italiano refor\u00e7ou sua posi\u00e7\u00e3o favor\u00e1vel ao envio da brasileira de volta ao pa\u00eds, utilizando um argumento contundente: o promotor respons\u00e1vel pelo caso classificou a cidadania italiana de Zambelli como sendo apenas &#8220;de fachada&#8221;, sem v\u00ednculo substancial com o pa\u00eds europeu.<\/p>\n\n\n\n<p class=\"wp-block-paragraph\">\u200bA declara\u00e7\u00e3o do promotor ataca diretamente a principal tese da defesa. Desde que deixou o Brasil em junho de 2025, ap\u00f3s ser condenada pelo Supremo Tribunal Federal (STF), Zambelli afirmava estar &#8220;intoc\u00e1vel&#8221; na It\u00e1lia por possuir dupla nacionalidade. Segundo a promotoria, a cidadania formal n\u00e3o deve servir de escudo jur\u00eddico para evitar o cumprimento de penas por crimes cometidos em solo estrangeiro, especialmente quando o Tratado de Extradi\u00e7\u00e3o entre Brasil e It\u00e1lia prev\u00ea a coopera\u00e7\u00e3o m\u00fatua.<\/p>\n\n\n\n<h3 class=\"wp-block-heading\">\u200b<strong>O impasse jur\u00eddico e os pr\u00f3ximos passos<\/strong><\/h3>\n\n\n\n<p class=\"wp-block-paragraph\">\u200bA defesa de Carla Zambelli, representada por advogados italianos e brasileiros, contestou a fala do promotor, alegando que o reconhecimento da cidadania <em>jus sanguinis<\/em> (por direito de sangue) garante plena condi\u00e7\u00e3o jur\u00eddica ao cidad\u00e3o, independentemente de sua resid\u00eancia ou v\u00ednculos cotidianos. Os advogados tamb\u00e9m sustentam que a ex-parlamentar sofre &#8220;persegui\u00e7\u00e3o pol\u00edtica&#8221; no Brasil e que sua sa\u00fade \u00e9 fr\u00e1gil, necessitando de cuidados que, segundo eles, n\u00e3o seriam garantidos no sistema prisional brasileiro.<\/p>\n\n\n\n<p class=\"wp-block-paragraph\">\u200bA ex-deputada est\u00e1 detida na Penitenci\u00e1ria Feminina de Rebibbia, em Roma, desde julho de 2025. Recentemente, ela sofreu uma derrota processual quando a justi\u00e7a italiana negou o pedido para trocar o colegiado de ju\u00edzes que analisa o caso.<\/p>\n\n\n\n<h3 class=\"wp-block-heading\">\u200b<strong>As condena\u00e7\u00f5es no Brasil<\/strong><\/h3>\n\n\n\n<p class=\"wp-block-paragraph\">\u200bO pedido de extradi\u00e7\u00e3o baseia-se em duas condena\u00e7\u00f5es principais no STF:<\/p>\n\n\n\n<ol class=\"wp-block-list\">\n<li>\u200b<strong>Invas\u00e3o de sistemas do CNJ:<\/strong> Pena de 10 anos de pris\u00e3o por associa\u00e7\u00e3o com o hacker Walter Delgatti Neto para inserir documentos falsos no sistema do Conselho Nacional de Justi\u00e7a.<\/li>\n\n\n\n<li>\u200b<strong>Porte ilegal de arma e constrangimento ilegal:<\/strong> Pena de mais de 5 anos de pris\u00e3o pelo epis\u00f3dio ocorrido \u00e0s v\u00e9speras das elei\u00e7\u00f5es de 2022, no qual Zambelli perseguiu um homem com arma em punho em S\u00e3o Paulo.<\/li>\n<\/ol>\n\n\n\n<h3 class=\"wp-block-heading\">\u200b<strong>Expectativa de decis\u00e3o<\/strong><\/h3>\n\n\n\n<p class=\"wp-block-paragraph\">\u200bA Corte de Apela\u00e7\u00e3o de Roma informou que a decis\u00e3o final sobre o pedido de extradi\u00e7\u00e3o deve ser publicada em at\u00e9 cinco dias \u00fateis (previs\u00e3o para a pr\u00f3xima semana). Caso a extradi\u00e7\u00e3o seja autorizada, a defesa ainda poder\u00e1 recorrer \u00e0 Corte de Cassa\u00e7\u00e3o, a inst\u00e2ncia m\u00e1xima da It\u00e1lia. Se todas as etapas judiciais confirmarem o envio, a palavra final caber\u00e1 ao Minist\u00e9rio da Justi\u00e7a italiano, sob o governo da primeira-ministra Giorgia Meloni.<\/p>\n\n\n\n<p class=\"wp-block-paragraph\">\u200bSe retornar ao Brasil, Zambelli dever\u00e1 cumprir pena na Penitenci\u00e1ria Feminina do Distrito Federal, conhecida como Colmeia.<\/p>\n\n\n\n<p class=\"wp-block-paragraph\"><\/p>\n","protected":false},"excerpt":{"rendered":"<p>\u200bA Justi\u00e7a da It\u00e1lia concluiu, nesta quinta-feira (12), as audi\u00eancias do processo de extradi\u00e7\u00e3o da ex-deputada federal Carla Zambelli (PL-SP). Durante a sess\u00e3o na Corte [&#8230;]<\/p>\n","protected":false},"author":1,"featured_media":3832,"comment_status":"open","ping_status":"open","sticky":false,"template":"","format":"standard","meta":{"_crdt_document":"","_jetpack_memberships_contains_paid_content":false,"footnotes":"","jetpack_publicize_message":"","jetpack_publicize_feature_enabled":true,"jetpack_social_post_already_shared":true,"jetpack_social_options":{"image_generator_settings":{"template":"highway","default_image_id":0,"font":"","enabled":false},"version":2}},"categories":[8],"tags":[],"class_list":["post-3831","post","type-post","status-publish","format-standard","has-post-thumbnail","hentry","category-judiciario"],"jetpack_publicize_connections":[],"jetpack_featured_media_url":"https:\/\/i0.wp.com\/oexpressobr.com.br\/wp-content\/uploads\/2026\/02\/img20250917122137017MED.jpg.webp?fit=1000%2C617&ssl=1","jetpack_likes_enabled":true,"jetpack_sharing_enabled":true,"_links":{"self":[{"href":"https:\/\/oexpressobr.com.br\/index.php?rest_route=\/wp\/v2\/posts\/3831","targetHints":{"allow":["GET"]}}],"collection":[{"href":"https:\/\/oexpressobr.com.br\/index.php?rest_route=\/wp\/v2\/posts"}],"about":[{"href":"https:\/\/oexpressobr.com.br\/index.php?rest_route=\/wp\/v2\/types\/post"}],"author":[{"embeddable":true,"href":"https:\/\/oexpressobr.com.br\/index.php?rest_route=\/wp\/v2\/users\/1"}],"replies":[{"embeddable":true,"href":"https:\/\/oexpressobr.com.br\/index.php?rest_route=%2Fwp%2Fv2%2Fcomments&post=3831"}],"version-history":[{"count":1,"href":"https:\/\/oexpressobr.com.br\/index.php?rest_route=\/wp\/v2\/posts\/3831\/revisions"}],"predecessor-version":[{"id":3833,"href":"https:\/\/oexpressobr.com.br\/index.php?rest_route=\/wp\/v2\/posts\/3831\/revisions\/3833"}],"wp:featuredmedia":[{"embeddable":true,"href":"https:\/\/oexpressobr.com.br\/index.php?rest_route=\/wp\/v2\/media\/3832"}],"wp:attachment":[{"href":"https:\/\/oexpressobr.com.br\/index.php?rest_route=%2Fwp%2Fv2%2Fmedia&parent=3831"}],"wp:term":[{"taxonomy":"category","embeddable":true,"href":"https:\/\/oexpressobr.com.br\/index.php?rest_route=%2Fwp%2Fv2%2Fcategories&post=3831"},{"taxonomy":"post_tag","embeddable":true,"href":"https:\/\/oexpressobr.com.br\/index.php?rest_route=%2Fwp%2Fv2%2Ftags&post=3831"}],"curies":[{"name":"wp","href":"https:\/\/api.w.org\/{rel}","templated":true}]}}