{"id":3837,"date":"2026-02-13T21:16:44","date_gmt":"2026-02-14T00:16:44","guid":{"rendered":"https:\/\/oexpressobr.com.br\/?p=3837"},"modified":"2026-02-13T21:16:45","modified_gmt":"2026-02-14T00:16:45","slug":"organizacoes-denunciam-a-onu-fome-e-crise-humanitaria-no-sistema-prisional-brasileiro","status":"publish","type":"post","link":"https:\/\/oexpressobr.com.br\/?p=3837","title":{"rendered":"ORGANIZA\u00c7\u00d5ES denunciam \u00e0 ONU fome e crise humanit\u00e1ria no sistema prisional brasileiro"},"content":{"rendered":"\n<p class=\"wp-block-paragraph\"><strong>BRAS\u00cdLIA<\/strong> \u2013 Um grupo de organiza\u00e7\u00f5es da sociedade civil protocolou nesta semana uma den\u00fancia formal \u00e0 Organiza\u00e7\u00e3o das Na\u00e7\u00f5es Unidas (ONU) alertando para um cen\u00e1rio de &#8220;crise humanit\u00e1ria generalizada&#8221; nos pres\u00eddios brasileiros. O documento, enviado em fevereiro de 2026, destaca que a fome e o racionamento de \u00e1gua t\u00eam sido utilizados como instrumentos de castigo, configurando graves viola\u00e7\u00f5es de direitos humanos e descumprimento de tratados internacionais.<\/p>\n\n\n\n<p class=\"wp-block-paragraph\">\u200bEntre as entidades que encabe\u00e7am o movimento est\u00e3o o Instituto de Defesa do Direito de Defesa (IDDD), a Conectas Direitos Humanos e a Pastoral Carcer\u00e1ria. Segundo o relat\u00f3rio entregue aos relatores especiais da ONU, h\u00e1 registros de detentos submetidos a jejuns for\u00e7ados de at\u00e9 18 horas e fornecimento de alimentos em condi\u00e7\u00f5es insalubres.<\/p>\n\n\n\n<h3 class=\"wp-block-heading\">\u200bPontos centrais da den\u00fancia:<\/h3>\n\n\n\n<ul class=\"wp-block-list\">\n<li>\u200b<strong>Priva\u00e7\u00e3o alimentar:<\/strong> A den\u00fancia aponta que a baixa qualidade nutricional e a redu\u00e7\u00e3o proposital das por\u00e7\u00f5es t\u00eam levado a casos severos de desnutri\u00e7\u00e3o.<\/li>\n\n\n\n<li>\u200b<strong>Cerceamento de direitos b\u00e1sicos:<\/strong> O racionamento de \u00e1gua pot\u00e1vel e a precariedade das audi\u00eancias de cust\u00f3dia tamb\u00e9m foram citados como agravantes que impedem o controle da tortura.<\/li>\n\n\n\n<li>\u200b<strong>Perfil das v\u00edtimas:<\/strong> O documento refor\u00e7a que a popula\u00e7\u00e3o negra e jovem continua sendo a mais afetada pelo encarceramento em massa e pelas condi\u00e7\u00f5es degradantes.<\/li>\n<\/ul>\n\n\n\n<h3 class=\"wp-block-heading\">\u200bContexto e desdobramentos<\/h3>\n\n\n\n<p class=\"wp-block-paragraph\">\u200bA den\u00fancia ocorre em um momento em que o Brasil tenta implementar o plano <strong>Pena Justa<\/strong>, uma iniciativa coordenada pelo Conselho Nacional de Justi\u00e7a (CNJ) e pelo Minist\u00e9rio da Justi\u00e7a para responder ao &#8220;Estado de Coisas Inconstitucional&#8221; declarado pelo Supremo Tribunal Federal (STF).<\/p>\n\n\n\n<p class=\"wp-block-paragraph\">\u200bEmbora o governo federal tenha anunciado que cerca de 92% das a\u00e7\u00f5es do plano j\u00e1 est\u00e3o em andamento, as organiza\u00e7\u00f5es alegam que as melhorias na ponta \u2014 dentro das celas \u2014 ainda n\u00e3o s\u00e3o percept\u00edveis. &#8220;A fome n\u00e3o pode ser pol\u00edtica de Estado. O que vemos hoje \u00e9 a transforma\u00e7\u00e3o de um direito b\u00e1sico em uma forma de puni\u00e7\u00e3o extrajudicial&#8221;, afirma o texto enviado \u00e0 ONU.<\/p>\n\n\n\n<p class=\"wp-block-paragraph\">\u200bA expectativa \u00e9 que a den\u00fancia subsidie o pr\u00f3ximo relat\u00f3rio do Comit\u00ea contra a Tortura das Na\u00e7\u00f5es Unidas, pressionando o Estado brasileiro a adotar medidas urgentes, como a proibi\u00e7\u00e3o expressa do uso da alimenta\u00e7\u00e3o como san\u00e7\u00e3o disciplinar e a realiza\u00e7\u00e3o de avalia\u00e7\u00f5es nutricionais peri\u00f3dicas nas unidades federativas.<\/p>\n\n\n\n<p class=\"wp-block-paragraph\">\u200bO Minist\u00e9rio da Justi\u00e7a e a Secretaria Nacional de Pol\u00edticas Penais (Senappen) ainda n\u00e3o se manifestaram oficialmente sobre o teor espec\u00edfico desta nova representa\u00e7\u00e3o internacional.<\/p>\n","protected":false},"excerpt":{"rendered":"<p>BRAS\u00cdLIA \u2013 Um grupo de organiza\u00e7\u00f5es da sociedade civil protocolou nesta semana uma den\u00fancia formal \u00e0 Organiza\u00e7\u00e3o das Na\u00e7\u00f5es Unidas (ONU) alertando para um cen\u00e1rio [&#8230;]<\/p>\n","protected":false},"author":1,"featured_media":3838,"comment_status":"open","ping_status":"open","sticky":false,"template":"","format":"standard","meta":{"_crdt_document":"","_jetpack_memberships_contains_paid_content":false,"footnotes":"","jetpack_publicize_message":"","jetpack_publicize_feature_enabled":true,"jetpack_social_post_already_shared":true,"jetpack_social_options":{"image_generator_settings":{"template":"highway","default_image_id":0,"font":"","enabled":false},"version":2}},"categories":[3],"tags":[],"class_list":["post-3837","post","type-post","status-publish","format-standard","has-post-thumbnail","hentry","category-brasil"],"jetpack_publicize_connections":[],"jetpack_featured_media_url":"https:\/\/i0.wp.com\/oexpressobr.com.br\/wp-content\/uploads\/2026\/02\/aaa-52941334976_14902841fe_o.webp?fit=1170%2C700&ssl=1","jetpack_likes_enabled":true,"jetpack_sharing_enabled":true,"_links":{"self":[{"href":"https:\/\/oexpressobr.com.br\/index.php?rest_route=\/wp\/v2\/posts\/3837","targetHints":{"allow":["GET"]}}],"collection":[{"href":"https:\/\/oexpressobr.com.br\/index.php?rest_route=\/wp\/v2\/posts"}],"about":[{"href":"https:\/\/oexpressobr.com.br\/index.php?rest_route=\/wp\/v2\/types\/post"}],"author":[{"embeddable":true,"href":"https:\/\/oexpressobr.com.br\/index.php?rest_route=\/wp\/v2\/users\/1"}],"replies":[{"embeddable":true,"href":"https:\/\/oexpressobr.com.br\/index.php?rest_route=%2Fwp%2Fv2%2Fcomments&post=3837"}],"version-history":[{"count":1,"href":"https:\/\/oexpressobr.com.br\/index.php?rest_route=\/wp\/v2\/posts\/3837\/revisions"}],"predecessor-version":[{"id":3839,"href":"https:\/\/oexpressobr.com.br\/index.php?rest_route=\/wp\/v2\/posts\/3837\/revisions\/3839"}],"wp:featuredmedia":[{"embeddable":true,"href":"https:\/\/oexpressobr.com.br\/index.php?rest_route=\/wp\/v2\/media\/3838"}],"wp:attachment":[{"href":"https:\/\/oexpressobr.com.br\/index.php?rest_route=%2Fwp%2Fv2%2Fmedia&parent=3837"}],"wp:term":[{"taxonomy":"category","embeddable":true,"href":"https:\/\/oexpressobr.com.br\/index.php?rest_route=%2Fwp%2Fv2%2Fcategories&post=3837"},{"taxonomy":"post_tag","embeddable":true,"href":"https:\/\/oexpressobr.com.br\/index.php?rest_route=%2Fwp%2Fv2%2Ftags&post=3837"}],"curies":[{"name":"wp","href":"https:\/\/api.w.org\/{rel}","templated":true}]}}