{"id":384,"date":"2025-12-08T05:19:18","date_gmt":"2025-12-08T08:19:18","guid":{"rendered":"https:\/\/oexpressobr.com.br\/?p=384"},"modified":"2025-12-08T05:19:18","modified_gmt":"2025-12-08T08:19:18","slug":"moraes-determina-inicio-de-pena-para-bolsonaro-e-envia-perda-de-patente-de-capitao-ao-stm","status":"publish","type":"post","link":"https:\/\/oexpressobr.com.br\/?p=384","title":{"rendered":"Moraes Determina In\u00edcio de Pena para Bolsonaro e Envia Perda de Patente de Capit\u00e3o ao STM"},"content":{"rendered":"\n<p class=\"wp-block-paragraph\">\u200bO ministro Alexandre de Moraes, do Supremo Tribunal Federal (STF), determinou o <strong>in\u00edcio imediato do cumprimento da pena<\/strong> imposta ao ex-presidente da Rep\u00fablica Jair Bolsonaro (PL) e a outros condenados no chamado &#8220;N\u00facleo 1&#8221; da a\u00e7\u00e3o penal sobre a <strong>tentativa de golpe de Estado<\/strong>. A decis\u00e3o, proferida no dia 25 de novembro de 2025, rejeitou os \u00faltimos recursos da defesa, declarando o <strong>tr\u00e2nsito em julgado das condena\u00e7\u00f5es<\/strong>, o que significa o esgotamento das possibilidades recursais na Suprema Corte.<\/p>\n\n\n\n<p class=\"wp-block-paragraph\">\u200bBolsonaro, condenado a <strong>27 anos e tr\u00eas meses de pris\u00e3o<\/strong> em regime inicial fechado, \u00e9 considerado o l\u00edder da organiza\u00e7\u00e3o criminosa pela Justi\u00e7a. O ex-presidente, que \u00e9 capit\u00e3o reformado do Ex\u00e9rcito, est\u00e1 detido preventivamente na Superintend\u00eancia da Pol\u00edcia Federal em Bras\u00edlia, onde deve iniciar o cumprimento da pena definitiva.<\/p>\n\n\n\n<h3 class=\"wp-block-heading\">\u200bPerda do Posto e da Patente de Capit\u00e3o<\/h3>\n\n\n\n<p class=\"wp-block-paragraph\">\u200bEm um desdobramento crucial, o ministro Moraes tamb\u00e9m determinou que o <strong>Superior Tribunal Militar (STM)<\/strong> e a <strong>Procuradoria-Geral do Minist\u00e9rio P\u00fablico Militar (PGMM)<\/strong> decidam sobre a <strong>perda do posto e da patente de capit\u00e3o do Ex\u00e9rcito<\/strong> por parte de Jair Bolsonaro.<\/p>\n\n\n\n<ul class=\"wp-block-list\">\n<li>\u200b<strong>Fundamento Legal:<\/strong> De acordo com a Constitui\u00e7\u00e3o Federal, um oficial das For\u00e7as Armadas pode ser expulso no caso de <strong>condena\u00e7\u00e3o criminal superior a dois anos de pris\u00e3o<\/strong>. A condena\u00e7\u00e3o de Bolsonaro atende a esse crit\u00e9rio.<\/li>\n\n\n\n<li>\u200b<strong>Procedimento:<\/strong> Com o tr\u00e2nsito em julgado da condena\u00e7\u00e3o, o Minist\u00e9rio P\u00fablico Militar dever\u00e1 solicitar a a\u00e7\u00e3o de perda do oficialato ao STM. A corte militar ser\u00e1 respons\u00e1vel por julgar se o ex-mandat\u00e1rio deve, de fato, perder sua condi\u00e7\u00e3o de militar da reserva.<\/li>\n\n\n\n<li>\u200b<strong>Outros Militares:<\/strong> A medida se estende a outros militares condenados no mesmo processo, como os generais <strong>Walter Braga Netto<\/strong>, <strong>Augusto Heleno<\/strong> e <strong>Paulo S\u00e9rgio Nogueira<\/strong>, al\u00e9m do almirante <strong>Almir Garnier<\/strong>. Todos eles tamb\u00e9m dever\u00e3o ser alvo de uma a\u00e7\u00e3o de perda do oficialato a ser julgada pelo STM.<\/li>\n<\/ul>\n\n\n\n<h3 class=\"wp-block-heading\">\u200bPr\u00f3ximos Passos na Justi\u00e7a Militar<\/h3>\n\n\n\n<p class=\"wp-block-paragraph\">\u200bN\u00e3o h\u00e1 um prazo definido para que o Minist\u00e9rio P\u00fablico Militar formalize o pedido de perda da patente. Contudo, as informa\u00e7\u00f5es mais recentes indicam que o STM deve agendar o <strong>julgamento sobre os pedidos de perda de patente<\/strong> dos militares condenados na a\u00e7\u00e3o penal da trama golpista para o <strong>in\u00edcio de 2026<\/strong>.<\/p>\n\n\n\n<p class=\"wp-block-paragraph\">\u200bA decis\u00e3o do STF e o envio da quest\u00e3o para a Justi\u00e7a Militar acentuam a fase final de responsabiliza\u00e7\u00e3o dos envolvidos na tentativa de ruptura democr\u00e1tica, colocando em xeque n\u00e3o apenas a liberdade, mas tamb\u00e9m a honra militar do ex-presidente e de seus ex-ministros.<\/p>\n","protected":false},"excerpt":{"rendered":"<p>\u200bO ministro Alexandre de Moraes, do Supremo Tribunal Federal (STF), determinou o in\u00edcio imediato do cumprimento da pena imposta ao ex-presidente da Rep\u00fablica Jair Bolsonaro [&#8230;]<\/p>\n","protected":false},"author":1,"featured_media":385,"comment_status":"open","ping_status":"open","sticky":false,"template":"","format":"standard","meta":{"_crdt_document":"","_jetpack_memberships_contains_paid_content":false,"footnotes":"","jetpack_publicize_message":"","jetpack_publicize_feature_enabled":true,"jetpack_social_post_already_shared":false,"jetpack_social_options":{"image_generator_settings":{"template":"highway","default_image_id":0,"font":"","enabled":false},"version":2}},"categories":[8],"tags":[],"class_list":["post-384","post","type-post","status-publish","format-standard","has-post-thumbnail","hentry","category-judiciario"],"jetpack_publicize_connections":[],"jetpack_featured_media_url":"https:\/\/i0.wp.com\/oexpressobr.com.br\/wp-content\/uploads\/2025\/12\/Garnier-2-e1707424021806.jpg?fit=414%2C280&ssl=1","jetpack_likes_enabled":true,"jetpack_sharing_enabled":true,"_links":{"self":[{"href":"https:\/\/oexpressobr.com.br\/index.php?rest_route=\/wp\/v2\/posts\/384","targetHints":{"allow":["GET"]}}],"collection":[{"href":"https:\/\/oexpressobr.com.br\/index.php?rest_route=\/wp\/v2\/posts"}],"about":[{"href":"https:\/\/oexpressobr.com.br\/index.php?rest_route=\/wp\/v2\/types\/post"}],"author":[{"embeddable":true,"href":"https:\/\/oexpressobr.com.br\/index.php?rest_route=\/wp\/v2\/users\/1"}],"replies":[{"embeddable":true,"href":"https:\/\/oexpressobr.com.br\/index.php?rest_route=%2Fwp%2Fv2%2Fcomments&post=384"}],"version-history":[{"count":0,"href":"https:\/\/oexpressobr.com.br\/index.php?rest_route=\/wp\/v2\/posts\/384\/revisions"}],"wp:featuredmedia":[{"embeddable":true,"href":"https:\/\/oexpressobr.com.br\/index.php?rest_route=\/wp\/v2\/media\/385"}],"wp:attachment":[{"href":"https:\/\/oexpressobr.com.br\/index.php?rest_route=%2Fwp%2Fv2%2Fmedia&parent=384"}],"wp:term":[{"taxonomy":"category","embeddable":true,"href":"https:\/\/oexpressobr.com.br\/index.php?rest_route=%2Fwp%2Fv2%2Fcategories&post=384"},{"taxonomy":"post_tag","embeddable":true,"href":"https:\/\/oexpressobr.com.br\/index.php?rest_route=%2Fwp%2Fv2%2Ftags&post=384"}],"curies":[{"name":"wp","href":"https:\/\/api.w.org\/{rel}","templated":true}]}}