{"id":3851,"date":"2026-02-14T11:25:45","date_gmt":"2026-02-14T14:25:45","guid":{"rendered":"https:\/\/oexpressobr.com.br\/?p=3851"},"modified":"2026-02-14T11:25:46","modified_gmt":"2026-02-14T14:25:46","slug":"cidadania-plena-e-se-liga-16-mobilizam-iguatemi-com-mutirao-de-servicos-eleitorais-e-foco-no-jovem-eleitor","status":"publish","type":"post","link":"https:\/\/oexpressobr.com.br\/?p=3851","title":{"rendered":"Cidadania Plena e \u201cSe Liga 16\u201d mobilizam Iguatemi com mutir\u00e3o de servi\u00e7os eleitorais e foco no jovem eleitor"},"content":{"rendered":"\n<p class=\"wp-block-paragraph\"><strong>Iguatemi, MS<\/strong> \u2013 Em uma ofensiva estrat\u00e9gica para fortalecer a democracia local, a <strong>C\u00e2mara de Vereadores de Iguatemi<\/strong>, em parceria com a <strong>Justi\u00e7a Eleitoral<\/strong> e \u00f3rg\u00e3os do poder p\u00fablico, intensifica as a\u00e7\u00f5es dos programas <strong>Cidadania Plena<\/strong> e <strong>Se Liga 16<\/strong>. O objetivo \u00e9 claro: desburocratizar o acesso ao t\u00edtulo de eleitor e garantir que a voz da popula\u00e7\u00e3o, especialmente dos jovens, seja ouvida nas urnas.<\/p>\n\n\n\n<h3 class=\"wp-block-heading\">Transformando o t\u00edtulo de eleitor em ferramenta de mudan\u00e7a<\/h3>\n\n\n\n<p class=\"wp-block-paragraph\">Muito al\u00e9m de um cart\u00e3o com n\u00fameros, o t\u00edtulo de eleitor \u00e9 o passaporte para a participa\u00e7\u00e3o pol\u00edtica. Com a proximidade de ciclos eleitorais decisivos, o mutir\u00e3o em Iguatemi busca eliminar barreiras geogr\u00e1ficas e informacionais.<\/p>\n\n\n\n<p class=\"wp-block-paragraph\">Ao levar os servi\u00e7os para bairros e comunidades mais afastadas, a iniciativa permite que o cidad\u00e3o realize:<\/p>\n\n\n\n<ul class=\"wp-block-list\">\n<li><strong>Primeiro T\u00edtulo:<\/strong> Foco total em jovens a partir de 16 anos (ou que completar\u00e3o 16 at\u00e9 a data da elei\u00e7\u00e3o).<\/li>\n\n\n\n<li><strong>Regulariza\u00e7\u00e3o:<\/strong> Regulariza\u00e7\u00e3o de pend\u00eancias por aus\u00eancia em pleitos anteriores.<\/li>\n\n\n\n<li><strong>Transfer\u00eancia de Domic\u00edlio:<\/strong> Atualiza\u00e7\u00e3o de dados para quem passou a residir em Iguatemi recentemente.<\/li>\n\n\n\n<li><strong>Cadastro Biom\u00e9trico:<\/strong> Coleta de digitais para garantir a seguran\u00e7a do processo vota\u00e7\u00e3o.<\/li>\n<\/ul>\n\n\n\n<h3 class=\"wp-block-heading\">O despertar do jovem: Projeto Se Liga 16<\/h3>\n\n\n\n<p class=\"wp-block-paragraph\">O projeto <strong>Se Liga 16<\/strong> ganha destaque nas escolas da rede municipal e estadual da regi\u00e3o. A proposta \u00e9 desmistificar a pol\u00edtica para a &#8220;Gera\u00e7\u00e3o Z&#8221;, mostrando que o voto facultativo aos 16 e 17 anos \u00e9 uma oportunidade de pautar o futuro da educa\u00e7\u00e3o, do lazer e do primeiro emprego no munic\u00edpio.<\/p>\n\n\n\n<blockquote class=\"wp-block-quote is-layout-flow wp-block-quote-is-layout-flow\">\n<p class=\"wp-block-paragraph\">&#8220;A democracia n\u00e3o se faz apenas no dia da elei\u00e7\u00e3o, mas na consci\u00eancia de que cada jovem pode ser o agente de transforma\u00e7\u00e3o de sua pr\u00f3pria realidade,&#8221; afirma a coordena\u00e7\u00e3o local do projeto.<\/p>\n<\/blockquote>\n\n\n\n<h3 class=\"wp-block-heading\">Inova\u00e7\u00e3o e Acessibilidade<\/h3>\n\n\n\n<p class=\"wp-block-paragraph\">Diferente dos modelos tradicionais de atendimento em cart\u00f3rios, o <strong>Cidadania Plena<\/strong> utiliza a estrutura da C\u00e2mara e unidades m\u00f3veis para criar um ambiente acolhedor e \u00e1gil. A integra\u00e7\u00e3o com outros servi\u00e7os p\u00fablicos durante os eventos \u2014 como emiss\u00e3o de RG e orienta\u00e7\u00f5es jur\u00eddicas \u2014 transforma o ato de regularizar o t\u00edtulo em um dia de exerc\u00edcio completo de direitos.<\/p>\n\n\n\n<h3 class=\"wp-block-heading\">Impacto na Representatividade Local<\/h3>\n\n\n\n<p class=\"wp-block-paragraph\">Com o aumento do n\u00famero de eleitores aptos, Iguatemi fortalece seu peso pol\u00edtico e garante que as pol\u00edticas p\u00fablicas sejam desenhadas para uma base eleitoral real e ativa. A expectativa dos organizadores \u00e9 que o n\u00famero de novos t\u00edtulos emitidos neste semestre supere as metas estabelecidas, consolidando o munic\u00edpio como um exemplo de engajamento c\u00edvico no Mato Grosso do Sul.<\/p>\n","protected":false},"excerpt":{"rendered":"<p>Iguatemi, MS \u2013 Em uma ofensiva estrat\u00e9gica para fortalecer a democracia local, a C\u00e2mara de Vereadores de Iguatemi, em parceria com a Justi\u00e7a Eleitoral e [&#8230;]<\/p>\n","protected":false},"author":1,"featured_media":3852,"comment_status":"open","ping_status":"open","sticky":false,"template":"","format":"standard","meta":{"_crdt_document":"","_jetpack_memberships_contains_paid_content":false,"footnotes":"","jetpack_publicize_message":"","jetpack_publicize_feature_enabled":true,"jetpack_social_post_already_shared":true,"jetpack_social_options":{"image_generator_settings":{"template":"highway","default_image_id":0,"font":"","enabled":false},"version":2}},"categories":[4],"tags":[],"class_list":["post-3851","post","type-post","status-publish","format-standard","has-post-thumbnail","hentry","category-maringa"],"jetpack_publicize_connections":[],"jetpack_featured_media_url":"https:\/\/i0.wp.com\/oexpressobr.com.br\/wp-content\/uploads\/2026\/02\/6ed9b0a7-8488-47e6-b9fd-add63a0f8092.jpg?fit=1600%2C1200&ssl=1","jetpack_likes_enabled":true,"jetpack_sharing_enabled":true,"_links":{"self":[{"href":"https:\/\/oexpressobr.com.br\/index.php?rest_route=\/wp\/v2\/posts\/3851","targetHints":{"allow":["GET"]}}],"collection":[{"href":"https:\/\/oexpressobr.com.br\/index.php?rest_route=\/wp\/v2\/posts"}],"about":[{"href":"https:\/\/oexpressobr.com.br\/index.php?rest_route=\/wp\/v2\/types\/post"}],"author":[{"embeddable":true,"href":"https:\/\/oexpressobr.com.br\/index.php?rest_route=\/wp\/v2\/users\/1"}],"replies":[{"embeddable":true,"href":"https:\/\/oexpressobr.com.br\/index.php?rest_route=%2Fwp%2Fv2%2Fcomments&post=3851"}],"version-history":[{"count":1,"href":"https:\/\/oexpressobr.com.br\/index.php?rest_route=\/wp\/v2\/posts\/3851\/revisions"}],"predecessor-version":[{"id":3853,"href":"https:\/\/oexpressobr.com.br\/index.php?rest_route=\/wp\/v2\/posts\/3851\/revisions\/3853"}],"wp:featuredmedia":[{"embeddable":true,"href":"https:\/\/oexpressobr.com.br\/index.php?rest_route=\/wp\/v2\/media\/3852"}],"wp:attachment":[{"href":"https:\/\/oexpressobr.com.br\/index.php?rest_route=%2Fwp%2Fv2%2Fmedia&parent=3851"}],"wp:term":[{"taxonomy":"category","embeddable":true,"href":"https:\/\/oexpressobr.com.br\/index.php?rest_route=%2Fwp%2Fv2%2Fcategories&post=3851"},{"taxonomy":"post_tag","embeddable":true,"href":"https:\/\/oexpressobr.com.br\/index.php?rest_route=%2Fwp%2Fv2%2Ftags&post=3851"}],"curies":[{"name":"wp","href":"https:\/\/api.w.org\/{rel}","templated":true}]}}