{"id":3854,"date":"2026-02-14T11:31:54","date_gmt":"2026-02-14T14:31:54","guid":{"rendered":"https:\/\/oexpressobr.com.br\/?p=3854"},"modified":"2026-02-14T11:31:56","modified_gmt":"2026-02-14T14:31:56","slug":"camara-de-maringa-decreta-ponto-facultativo-de-carnaval-e-retoma-atividades-na-quarta-feira-18","status":"publish","type":"post","link":"https:\/\/oexpressobr.com.br\/?p=3854","title":{"rendered":"C\u00e2mara de Maring\u00e1 decreta ponto facultativo de Carnaval e retoma atividades na quarta-feira (18)"},"content":{"rendered":"\n<p class=\"wp-block-paragraph\">A <strong>C\u00e2mara Municipal de Maring\u00e1<\/strong> confirmou a suspens\u00e3o de suas atividades administrativas e legislativas durante o per\u00edodo de Carnaval. A decis\u00e3o, oficializada por meio da <strong>Portaria n\u00ba 587\/2025<\/strong>, estabelece ponto facultativo na estrutura do Legislativo, seguindo o cronograma tradicional de feriados e celebra\u00e7\u00f5es municipais.<\/p>\n\n\n\n<p class=\"wp-block-paragraph\">De acordo com o comunicado oficial, o fechamento tempor\u00e1rio visa organizar o calend\u00e1rio da Casa, permitindo o recesso dos servidores e parlamentares. No entanto, o retorno j\u00e1 tem data marcada: o expediente e as sess\u00f5es ser\u00e3o retomados normalmente na pr\u00f3xima <strong>quarta-feira, dia 18 de fevereiro<\/strong>.<\/p>\n\n\n\n<h3 class=\"wp-block-heading\">Funcionamento e servi\u00e7os essenciais<\/h3>\n\n\n\n<p class=\"wp-block-paragraph\">Apesar da interrup\u00e7\u00e3o nos trabalhos de gabinete e vota\u00e7\u00f5es em plen\u00e1rio, a medida n\u00e3o afeta a cidade de forma integral. A C\u00e2mara refor\u00e7ou que:<\/p>\n\n\n\n<ul class=\"wp-block-list\">\n<li><strong>Servi\u00e7os Emergenciais:<\/strong> Manuten\u00e7\u00f5es e atendimentos de demandas cr\u00edticas seguem em regime de prontid\u00e3o.<\/li>\n\n\n\n<li><strong>Continuidade Administrativa:<\/strong> Atividades consideradas indispens\u00e1veis ao funcionamento do munic\u00edpio permanecem garantidas.<\/li>\n\n\n\n<li><strong>Transpar\u00eancia:<\/strong> Canais digitais e o Portal da Transpar\u00eancia continuam dispon\u00edveis para consulta p\u00fablica, embora sem atualiza\u00e7\u00f5es em tempo real durante o feriado.<\/li>\n<\/ul>\n\n\n\n<h3 class=\"wp-block-heading\">O cen\u00e1rio em Maring\u00e1<\/h3>\n\n\n\n<p class=\"wp-block-paragraph\">O recesso na C\u00e2mara acompanha o movimento da Prefeitura de Maring\u00e1 e de outros \u00f3rg\u00e3os p\u00fablicos da regi\u00e3o, que tradicionalmente utilizam a segunda e a ter\u00e7a-feira de Carnaval para o descanso dos servidores, concentrando o retorno das atividades no per\u00edodo da tarde da Quarta-feira de Cinzas.<\/p>\n\n\n\n<p class=\"wp-block-paragraph\">Para o contribuinte que possui protocolos pendentes ou deseja acompanhar as sess\u00f5es ordin\u00e1rias, a recomenda\u00e7\u00e3o \u00e9 aguardar a reabertura das portas na quarta-feira (18), quando o cronograma legislativo de 2026 deve retomar sua pauta de vota\u00e7\u00f5es e debates sobre o desenvolvimento urbano e social da Cidade Can\u00e7\u00e3o.<\/p>\n","protected":false},"excerpt":{"rendered":"<p>A C\u00e2mara Municipal de Maring\u00e1 confirmou a suspens\u00e3o de suas atividades administrativas e legislativas durante o per\u00edodo de Carnaval. A decis\u00e3o, oficializada por meio da [&#8230;]<\/p>\n","protected":false},"author":1,"featured_media":3856,"comment_status":"open","ping_status":"open","sticky":false,"template":"","format":"standard","meta":{"_crdt_document":"","_jetpack_memberships_contains_paid_content":false,"footnotes":"","jetpack_publicize_message":"","jetpack_publicize_feature_enabled":true,"jetpack_social_post_already_shared":true,"jetpack_social_options":{"image_generator_settings":{"template":"highway","default_image_id":0,"font":"","enabled":false},"version":2}},"categories":[4],"tags":[],"class_list":["post-3854","post","type-post","status-publish","format-standard","has-post-thumbnail","hentry","category-maringa"],"jetpack_publicize_connections":[],"jetpack_featured_media_url":"https:\/\/i0.wp.com\/oexpressobr.com.br\/wp-content\/uploads\/2026\/02\/Fachada.jpg?fit=1024%2C683&ssl=1","jetpack_likes_enabled":true,"jetpack_sharing_enabled":true,"_links":{"self":[{"href":"https:\/\/oexpressobr.com.br\/index.php?rest_route=\/wp\/v2\/posts\/3854","targetHints":{"allow":["GET"]}}],"collection":[{"href":"https:\/\/oexpressobr.com.br\/index.php?rest_route=\/wp\/v2\/posts"}],"about":[{"href":"https:\/\/oexpressobr.com.br\/index.php?rest_route=\/wp\/v2\/types\/post"}],"author":[{"embeddable":true,"href":"https:\/\/oexpressobr.com.br\/index.php?rest_route=\/wp\/v2\/users\/1"}],"replies":[{"embeddable":true,"href":"https:\/\/oexpressobr.com.br\/index.php?rest_route=%2Fwp%2Fv2%2Fcomments&post=3854"}],"version-history":[{"count":1,"href":"https:\/\/oexpressobr.com.br\/index.php?rest_route=\/wp\/v2\/posts\/3854\/revisions"}],"predecessor-version":[{"id":3855,"href":"https:\/\/oexpressobr.com.br\/index.php?rest_route=\/wp\/v2\/posts\/3854\/revisions\/3855"}],"wp:featuredmedia":[{"embeddable":true,"href":"https:\/\/oexpressobr.com.br\/index.php?rest_route=\/wp\/v2\/media\/3856"}],"wp:attachment":[{"href":"https:\/\/oexpressobr.com.br\/index.php?rest_route=%2Fwp%2Fv2%2Fmedia&parent=3854"}],"wp:term":[{"taxonomy":"category","embeddable":true,"href":"https:\/\/oexpressobr.com.br\/index.php?rest_route=%2Fwp%2Fv2%2Fcategories&post=3854"},{"taxonomy":"post_tag","embeddable":true,"href":"https:\/\/oexpressobr.com.br\/index.php?rest_route=%2Fwp%2Fv2%2Ftags&post=3854"}],"curies":[{"name":"wp","href":"https:\/\/api.w.org\/{rel}","templated":true}]}}