{"id":3861,"date":"2026-02-14T11:45:06","date_gmt":"2026-02-14T14:45:06","guid":{"rendered":"https:\/\/oexpressobr.com.br\/?p=3861"},"modified":"2026-02-14T11:45:07","modified_gmt":"2026-02-14T14:45:07","slug":"legislativo-e-executivo-ampliam-orcamento-esportivo-de-maringa-para-r-61-milhoes-com-foco-em-associacoes-e-atletas","status":"publish","type":"post","link":"https:\/\/oexpressobr.com.br\/?p=3861","title":{"rendered":"Legislativo e Executivo ampliam or\u00e7amento esportivo de Maring\u00e1 para R$ 6,1 milh\u00f5es com foco em associa\u00e7\u00f5es e atletas"},"content":{"rendered":"\n<p class=\"wp-block-paragraph\"><strong>Maring\u00e1, 14 de fevereiro de 2026<\/strong> \u2014 Em um movimento que encerra um estagna\u00e7\u00e3o or\u00e7ament\u00e1ria de mais de uma d\u00e9cada, a Prefeitura de Maring\u00e1 e a C\u00e2mara Municipal oficializaram nesta semana um aumento significativo nos recursos destinados ao esporte local. O montante para o fomento da \u00e1rea saltou de <strong>R$ 4,5 milh\u00f5es para R$ 6,1 milh\u00f5es<\/strong>, representando um crescimento de aproximadamente 35% no investimento direto em associa\u00e7\u00f5es, t\u00e9cnicos e atletas maringaenses.<\/p>\n\n\n\n<p class=\"wp-block-paragraph\">A cerim\u00f4nia de assinatura dos editais reuniu o secret\u00e1rio de Esporte e Lazer, <strong>Paulo Biazon<\/strong>, o deputado estadual licenciado <strong>Do Carmo<\/strong>, a presidente da C\u00e2mara, vereadora <strong>Maj\u00f4<\/strong>, e o prefeito <strong>Silvio Barros<\/strong>, al\u00e9m de lideran\u00e7as do setor e jovens competidores.<\/p>\n\n\n\n<h3 class=\"wp-block-heading\">Um Novo Patamar Financeiro<\/h3>\n\n\n\n<p class=\"wp-block-paragraph\">Por mais de dez anos, o or\u00e7amento do esporte em Maring\u00e1 operou com valores congelados, o que frequentemente exigia suplementa\u00e7\u00f5es emergenciais para garantir o calend\u00e1rio de competi\u00e7\u00f5es. Com a nova dota\u00e7\u00e3o de <strong>R$ 6,1 milh\u00f5es<\/strong>, o setor ganha previsibilidade.<\/p>\n\n\n\n<p class=\"wp-block-paragraph\">Embora o Executivo execute o plano, a viabiliza\u00e7\u00e3o foi fruto de um alinhamento com o Legislativo. A vereadora Maj\u00f4 refor\u00e7ou que o papel da C\u00e2mara vai al\u00e9m da aprova\u00e7\u00e3o do recurso:<\/p>\n\n\n\n<blockquote class=\"wp-block-quote is-layout-flow wp-block-quote-is-layout-flow\">\n<p class=\"wp-block-paragraph\">&#8220;O esporte fortalece, desenvolve e transforma vidas. O que as entidades e atletas precisarem para continuar esse trabalho na base, podem contar com a gente&#8221;, destacou a parlamentar, enfatizando o rigor na fiscaliza\u00e7\u00e3o da aplica\u00e7\u00e3o dessa verba.<\/p>\n<\/blockquote>\n\n\n\n<h3 class=\"wp-block-heading\">Resili\u00eancia e Fomento \u00e0 Base<\/h3>\n\n\n\n<p class=\"wp-block-paragraph\">Para o prefeito Silvio Barros, o investimento nas associa\u00e7\u00f5es esportivas \u00e9 o caminho mais eficiente para alcan\u00e7ar a comunidade. Ele pontuou que a Secretaria de Esporte e Lazer (SESP) est\u00e1 em uma fase de reestrutura\u00e7\u00e3o para que o apoio chegue na ponta \u2014 onde o atleta treina.<\/p>\n\n\n\n<ul class=\"wp-block-list\">\n<li><strong>Foco Estrat\u00e9gico:<\/strong> Apoio direto a entidades que trabalham com forma\u00e7\u00e3o de base.<\/li>\n\n\n\n<li><strong>Valores Culturais:<\/strong> Est\u00edmulo \u00e0 disciplina, persist\u00eancia e resili\u00eancia entre jovens.<\/li>\n\n\n\n<li><strong>Infraestrutura:<\/strong> Melhoria constante dos centros esportivos e locais de treino.<\/li>\n<\/ul>\n\n\n\n<p class=\"wp-block-paragraph\">O secret\u00e1rio Paulo Biazon e o deputado Do Carmo tamb\u00e9m ressaltaram que a uni\u00e3o entre as diferentes esferas de poder \u2014 municipal e estadual \u2014 tem sido crucial para que Maring\u00e1 se consolide como um polo de talentos, garantindo que o &#8220;acordar cedo no domingo para treinar&#8221; seja recompensado com estrutura e incentivo financeiro real.<\/p>\n\n\n\n<h3 class=\"wp-block-heading\">O Que Muda na Pr\u00e1tica<\/h3>\n\n\n\n<figure class=\"wp-block-table\"><table class=\"has-fixed-layout\"><thead><tr><td><strong>Indicador<\/strong><\/td><td><strong>Cen\u00e1rio Anterior<\/strong><\/td><td><strong>Cen\u00e1rio 2026<\/strong><\/td><\/tr><\/thead><tbody><tr><td><strong>Or\u00e7amento de Fomento<\/strong><\/td><td>R$ 4,5 milh\u00f5es<\/td><td><strong>R$ 6,1 milh\u00f5es<\/strong><\/td><\/tr><tr><td><strong>Estabilidade<\/strong><\/td><td>Dependente de suplementa\u00e7\u00e3o<\/td><td>Or\u00e7amento garantido em edital<\/td><\/tr><tr><td><strong>Impacto<\/strong><\/td><td>Manuten\u00e7\u00e3o de projetos<\/td><td>Amplia\u00e7\u00e3o e moderniza\u00e7\u00e3o<\/td><\/tr><\/tbody><\/table><\/figure>\n\n\n\n<p class=\"wp-block-paragraph\">O evento foi encerrado com a assinatura simb\u00f3lica dos editais, liberando o processo para que as associa\u00e7\u00f5es iniciem o planejamento t\u00e9cnico e financeiro para as competi\u00e7\u00f5es deste ano.<\/p>\n","protected":false},"excerpt":{"rendered":"<p>Maring\u00e1, 14 de fevereiro de 2026 \u2014 Em um movimento que encerra um estagna\u00e7\u00e3o or\u00e7ament\u00e1ria de mais de uma d\u00e9cada, a Prefeitura de Maring\u00e1 e [&#8230;]<\/p>\n","protected":false},"author":1,"featured_media":3862,"comment_status":"open","ping_status":"open","sticky":false,"template":"","format":"standard","meta":{"_crdt_document":"","_jetpack_memberships_contains_paid_content":false,"footnotes":"","jetpack_publicize_message":"","jetpack_publicize_feature_enabled":true,"jetpack_social_post_already_shared":true,"jetpack_social_options":{"image_generator_settings":{"template":"highway","default_image_id":0,"font":"","enabled":false},"version":2}},"categories":[4],"tags":[],"class_list":["post-3861","post","type-post","status-publish","format-standard","has-post-thumbnail","hentry","category-maringa"],"jetpack_publicize_connections":[],"jetpack_featured_media_url":"https:\/\/i0.wp.com\/oexpressobr.com.br\/wp-content\/uploads\/2026\/02\/esporte-scaled.jpg?fit=2560%2C1707&ssl=1","jetpack_likes_enabled":true,"jetpack_sharing_enabled":true,"_links":{"self":[{"href":"https:\/\/oexpressobr.com.br\/index.php?rest_route=\/wp\/v2\/posts\/3861","targetHints":{"allow":["GET"]}}],"collection":[{"href":"https:\/\/oexpressobr.com.br\/index.php?rest_route=\/wp\/v2\/posts"}],"about":[{"href":"https:\/\/oexpressobr.com.br\/index.php?rest_route=\/wp\/v2\/types\/post"}],"author":[{"embeddable":true,"href":"https:\/\/oexpressobr.com.br\/index.php?rest_route=\/wp\/v2\/users\/1"}],"replies":[{"embeddable":true,"href":"https:\/\/oexpressobr.com.br\/index.php?rest_route=%2Fwp%2Fv2%2Fcomments&post=3861"}],"version-history":[{"count":1,"href":"https:\/\/oexpressobr.com.br\/index.php?rest_route=\/wp\/v2\/posts\/3861\/revisions"}],"predecessor-version":[{"id":3863,"href":"https:\/\/oexpressobr.com.br\/index.php?rest_route=\/wp\/v2\/posts\/3861\/revisions\/3863"}],"wp:featuredmedia":[{"embeddable":true,"href":"https:\/\/oexpressobr.com.br\/index.php?rest_route=\/wp\/v2\/media\/3862"}],"wp:attachment":[{"href":"https:\/\/oexpressobr.com.br\/index.php?rest_route=%2Fwp%2Fv2%2Fmedia&parent=3861"}],"wp:term":[{"taxonomy":"category","embeddable":true,"href":"https:\/\/oexpressobr.com.br\/index.php?rest_route=%2Fwp%2Fv2%2Fcategories&post=3861"},{"taxonomy":"post_tag","embeddable":true,"href":"https:\/\/oexpressobr.com.br\/index.php?rest_route=%2Fwp%2Fv2%2Ftags&post=3861"}],"curies":[{"name":"wp","href":"https:\/\/api.w.org\/{rel}","templated":true}]}}