{"id":3864,"date":"2026-02-14T11:52:30","date_gmt":"2026-02-14T14:52:30","guid":{"rendered":"https:\/\/oexpressobr.com.br\/?p=3864"},"modified":"2026-02-14T11:52:31","modified_gmt":"2026-02-14T14:52:31","slug":"melhoramento-genetico-e-exportacoes-aquecidas-no-radar-do-pecuarista-em-2026","status":"publish","type":"post","link":"https:\/\/oexpressobr.com.br\/?p=3864","title":{"rendered":"Melhoramento gen\u00e9tico e exporta\u00e7\u00f5es aquecidas no radar do pecuarista em 2026"},"content":{"rendered":"\n<p class=\"wp-block-paragraph\"><em><strong>*Por Lilian Matimoto<\/strong><\/em><\/p>\n\n\n\n<p class=\"wp-block-paragraph\">As expectativas para o mercado de gen\u00e9tica bovina s\u00e3o positivas em 2026, tanto na pecu\u00e1ria de corte quanto na de leite. Levando em conta o poder de investimento do pecuarista e o comportamento do mercado internacional, \u00e9 poss\u00edvel enxergar boas oportunidades para a cadeia da produ\u00e7\u00e3o.<\/p>\n\n\n\n<p class=\"wp-block-paragraph\">A recente valoriza\u00e7\u00e3o do bezerro \u00e9 um indicador positivo. Em um cen\u00e1rio como esse, o melhoramento gen\u00e9tico ganha ainda mais relev\u00e2ncia, j\u00e1 que o pecuarista avalia com crit\u00e9rio a qualidade gen\u00e9tica dos animais destinados \u00e0 reposi\u00e7\u00e3o.<\/p>\n\n\n\n<p class=\"wp-block-paragraph\">Na pecu\u00e1ria leiteira, os investimentos em gen\u00e9tica representam uma tend\u00eancia, tendo em vista a busca constante por maior produtividade por vaca\/ano. O produtor reconhece a rela\u00e7\u00e3o entre melhoramento gen\u00e9tico e efici\u00eancia no rebanho, fator que deve sustentar investimentos em 2026.<\/p>\n\n\n\n<p class=\"wp-block-paragraph\">Na pecu\u00e1ria de corte, o aumento dos investimentos em gen\u00e9tica tamb\u00e9m est\u00e1 conectado ao cen\u00e1rio internacional. A alta das exporta\u00e7\u00f5es de carne bovina nos \u00faltimos anos refor\u00e7a a necessidade de rebanhos mais eficientes, padronizados e produtivos, o que impacta diretamente a demanda por s\u00eamen de qualidade.<\/p>\n\n\n\n<p class=\"wp-block-paragraph\">Somente em 2025, o Brasil abriu 211 novos mercados para o agroneg\u00f3cio. A pecu\u00e1ria passou a acessar 19 novos destinos, enquanto a gen\u00e9tica bovina conquistou 15 novos mercados. Um avan\u00e7o expressivo, que refor\u00e7a as boas perspectivas para o setor em 2026.<\/p>\n\n\n\n<p class=\"wp-block-paragraph\">Entre os mercados internacionais, o Jap\u00e3o merece aten\u00e7\u00e3o especial. O pa\u00eds tradicionalmente importa carne dos Estados Unidos, pa\u00eds que est\u00e1 com o menor rebanho bovino dos \u00faltimos 75 anos. Uma grande oportunidade para o Brasil, especialmente ap\u00f3s o reconhecimento da nossa pecu\u00e1ria como livre de febre aftosa sem vacina\u00e7\u00e3o. Nesse movimento, as exporta\u00e7\u00f5es brasileiras tamb\u00e9m podem alcan\u00e7ar outros mercados asi\u00e1ticos, como o da Cor\u00e9ia do Sul.<\/p>\n\n\n\n<p class=\"wp-block-paragraph\">J\u00e1 a China, respons\u00e1vel por 48% das exporta\u00e7\u00f5es brasileiras de carne em 2025, segue como o mercado mais estrat\u00e9gico, apesar da cota de importa\u00e7\u00e3o definida pelos chineses em 1,106 milh\u00e3o de toneladas, o que pode ser um sinal de alerta. Ser\u00e1 importante acompanhar o comportamento dos embarques ao longo do ano.<\/p>\n\n\n\n<p class=\"wp-block-paragraph\">As proje\u00e7\u00f5es da Organiza\u00e7\u00e3o das Na\u00e7\u00f5es Unidas para a Alimenta\u00e7\u00e3o e a Agricultura (FAO\/ONU) apontam para o aumento da demanda global por prote\u00edna at\u00e9 2050. Isso refor\u00e7a a necessidade de planejamento na nossa pecu\u00e1ria. O investimento cont\u00ednuo em melhoramento gen\u00e9tico \u00e9 o caminho para ampliar a produ\u00e7\u00e3o, aumentar a efici\u00eancia dos rebanhos e atender \u00e0 crescente demanda global.<\/p>\n\n\n\n<p class=\"wp-block-paragraph\"><em><strong>* Lilian Matimoto, Executiva da Associa\u00e7\u00e3o Brasileira de Insemina\u00e7\u00e3o Artificial<\/strong><\/em><\/p>\n","protected":false},"excerpt":{"rendered":"<p>*Por Lilian Matimoto As expectativas para o mercado de gen\u00e9tica bovina s\u00e3o positivas em 2026, tanto na pecu\u00e1ria de corte quanto na de leite. Levando [&#8230;]<\/p>\n","protected":false},"author":1,"featured_media":3865,"comment_status":"open","ping_status":"open","sticky":false,"template":"","format":"standard","meta":{"_crdt_document":"","_jetpack_memberships_contains_paid_content":false,"footnotes":"","jetpack_publicize_message":"","jetpack_publicize_feature_enabled":true,"jetpack_social_post_already_shared":true,"jetpack_social_options":{"image_generator_settings":{"template":"highway","default_image_id":0,"font":"","enabled":false},"version":2}},"categories":[35],"tags":[],"class_list":["post-3864","post","type-post","status-publish","format-standard","has-post-thumbnail","hentry","category-artigo"],"jetpack_publicize_connections":[],"jetpack_featured_media_url":"https:\/\/i0.wp.com\/oexpressobr.com.br\/wp-content\/uploads\/2026\/02\/bce8a65f-cce6-43e7-802a-99d779567825.jpg?fit=1920%2C1279&ssl=1","jetpack_likes_enabled":true,"jetpack_sharing_enabled":true,"_links":{"self":[{"href":"https:\/\/oexpressobr.com.br\/index.php?rest_route=\/wp\/v2\/posts\/3864","targetHints":{"allow":["GET"]}}],"collection":[{"href":"https:\/\/oexpressobr.com.br\/index.php?rest_route=\/wp\/v2\/posts"}],"about":[{"href":"https:\/\/oexpressobr.com.br\/index.php?rest_route=\/wp\/v2\/types\/post"}],"author":[{"embeddable":true,"href":"https:\/\/oexpressobr.com.br\/index.php?rest_route=\/wp\/v2\/users\/1"}],"replies":[{"embeddable":true,"href":"https:\/\/oexpressobr.com.br\/index.php?rest_route=%2Fwp%2Fv2%2Fcomments&post=3864"}],"version-history":[{"count":1,"href":"https:\/\/oexpressobr.com.br\/index.php?rest_route=\/wp\/v2\/posts\/3864\/revisions"}],"predecessor-version":[{"id":3866,"href":"https:\/\/oexpressobr.com.br\/index.php?rest_route=\/wp\/v2\/posts\/3864\/revisions\/3866"}],"wp:featuredmedia":[{"embeddable":true,"href":"https:\/\/oexpressobr.com.br\/index.php?rest_route=\/wp\/v2\/media\/3865"}],"wp:attachment":[{"href":"https:\/\/oexpressobr.com.br\/index.php?rest_route=%2Fwp%2Fv2%2Fmedia&parent=3864"}],"wp:term":[{"taxonomy":"category","embeddable":true,"href":"https:\/\/oexpressobr.com.br\/index.php?rest_route=%2Fwp%2Fv2%2Fcategories&post=3864"},{"taxonomy":"post_tag","embeddable":true,"href":"https:\/\/oexpressobr.com.br\/index.php?rest_route=%2Fwp%2Fv2%2Ftags&post=3864"}],"curies":[{"name":"wp","href":"https:\/\/api.w.org\/{rel}","templated":true}]}}