{"id":3867,"date":"2026-02-14T11:59:05","date_gmt":"2026-02-14T14:59:05","guid":{"rendered":"https:\/\/oexpressobr.com.br\/?p=3867"},"modified":"2026-02-14T11:59:07","modified_gmt":"2026-02-14T14:59:07","slug":"camara-de-maringa-aprova-utilidade-publica-para-amjudo-em-projeto-do-vereador-pastor-sandro-martins","status":"publish","type":"post","link":"https:\/\/oexpressobr.com.br\/?p=3867","title":{"rendered":"C\u00e2mara de Maring\u00e1 aprova utilidade p\u00fablica para AMJUD\u00d4 em projeto do vereador Pastor Sandro Martins"},"content":{"rendered":"\n<p class=\"wp-block-paragraph\">O tatame maringaense ganhou um refor\u00e7o institucional de peso nesta semana. A <strong>C\u00e2mara Municipal de Maring\u00e1<\/strong> aprovou, em primeira discuss\u00e3o, o Projeto de Lei n\u00ba 18.001\/2026, que concede o t\u00edtulo de <strong>Utilidade P\u00fablica<\/strong> \u00e0 <strong>Associa\u00e7\u00e3o Maringaense de Jud\u00f4 (AMJUD\u00d4)<\/strong>. A proposta, de autoria do vereador <strong>Pastor Sandro Martins<\/strong>, recebeu vota\u00e7\u00e3o un\u00e2nime com 20 votos favor\u00e1veis, sinalizando o reconhecimento do impacto social da entidade na regi\u00e3o.<\/p>\n\n\n\n<h3 class=\"wp-block-heading\">O Reconhecimento e seus Benef\u00edcios<\/h3>\n\n\n\n<p class=\"wp-block-paragraph\">A declara\u00e7\u00e3o de Utilidade P\u00fablica \u00e9 um marco regulat\u00f3rio essencial para organiza\u00e7\u00f5es do terceiro setor. Com esse status, a AMJUD\u00d4 passa a estar apta a:<\/p>\n\n\n\n<ul class=\"wp-block-list\">\n<li><strong>Firmar conv\u00eanios<\/strong> diretos com o Poder P\u00fablico para repasse de verbas.<\/li>\n\n\n\n<li><strong>Isen\u00e7\u00e3o de contribui\u00e7\u00f5es<\/strong> espec\u00edficas e facilita\u00e7\u00e3o em processos de imunidade tribut\u00e1ria.<\/li>\n\n\n\n<li><strong>Amplia\u00e7\u00e3o de projetos sociais<\/strong>, permitindo que mais crian\u00e7as e adolescentes da rede p\u00fablica tenham acesso gratuito \u00e0 pr\u00e1tica do jud\u00f4.<\/li>\n<\/ul>\n\n\n\n<h3 class=\"wp-block-heading\">Impacto Social e Esportivo<\/h3>\n\n\n\n<p class=\"wp-block-paragraph\">Fundada com o objetivo de unir a t\u00e9cnica do esporte \u00e0 forma\u00e7\u00e3o de car\u00e1ter, a AMJUD\u00d4 tem se destacado no cen\u00e1rio paranaense n\u00e3o apenas por medalhas, mas por retirar jovens de situa\u00e7\u00f5es de vulnerabilidade. Durante a sess\u00e3o, o vereador Pastor Sandro Martins enfatizou que o jud\u00f4 \u00e9 uma ferramenta de &#8220;disciplina e cidadania&#8221;, destacando que a associa\u00e7\u00e3o funciona como uma extens\u00e3o da escola e da fam\u00edlia.<\/p>\n\n\n\n<blockquote class=\"wp-block-quote is-layout-flow wp-block-quote-is-layout-flow\">\n<p class=\"wp-block-paragraph\">&#8220;A AMJUD\u00d4 n\u00e3o forma apenas atletas de alto rendimento; ela forma cidad\u00e3os preparados para os desafios da vida fora do tatame&#8221;, afirmou o parlamentar durante a defesa do projeto.<\/p>\n<\/blockquote>\n\n\n\n<h3 class=\"wp-block-heading\">Pr\u00f3ximos Passos<\/h3>\n\n\n\n<p class=\"wp-block-paragraph\">Ap\u00f3s a aprova\u00e7\u00e3o inicial nesta quinta-feira (12), o projeto deve passar por uma segunda discuss\u00e3o e vota\u00e7\u00e3o nominal antes de seguir para a san\u00e7\u00e3o do Prefeito de Maring\u00e1. Com a tend\u00eancia de aprova\u00e7\u00e3o definitiva, a associa\u00e7\u00e3o planeja para 2026 a expans\u00e3o de seus n\u00facleos de treinamento em bairros perif\u00e9ricos da cidade.<\/p>\n","protected":false},"excerpt":{"rendered":"<p>O tatame maringaense ganhou um refor\u00e7o institucional de peso nesta semana. A C\u00e2mara Municipal de Maring\u00e1 aprovou, em primeira discuss\u00e3o, o Projeto de Lei n\u00ba [&#8230;]<\/p>\n","protected":false},"author":1,"featured_media":3868,"comment_status":"open","ping_status":"open","sticky":false,"template":"","format":"standard","meta":{"_crdt_document":"","_jetpack_memberships_contains_paid_content":false,"footnotes":"","jetpack_publicize_message":"","jetpack_publicize_feature_enabled":true,"jetpack_social_post_already_shared":true,"jetpack_social_options":{"image_generator_settings":{"template":"highway","default_image_id":0,"font":"","enabled":false},"version":2}},"categories":[4],"tags":[],"class_list":["post-3867","post","type-post","status-publish","format-standard","has-post-thumbnail","hentry","category-maringa"],"jetpack_publicize_connections":[],"jetpack_featured_media_url":"https:\/\/i0.wp.com\/oexpressobr.com.br\/wp-content\/uploads\/2026\/02\/c8c9365e-15b9-4693-a757-d77ea3ac75fd.jpg?fit=1920%2C1280&ssl=1","jetpack_likes_enabled":true,"jetpack_sharing_enabled":true,"_links":{"self":[{"href":"https:\/\/oexpressobr.com.br\/index.php?rest_route=\/wp\/v2\/posts\/3867","targetHints":{"allow":["GET"]}}],"collection":[{"href":"https:\/\/oexpressobr.com.br\/index.php?rest_route=\/wp\/v2\/posts"}],"about":[{"href":"https:\/\/oexpressobr.com.br\/index.php?rest_route=\/wp\/v2\/types\/post"}],"author":[{"embeddable":true,"href":"https:\/\/oexpressobr.com.br\/index.php?rest_route=\/wp\/v2\/users\/1"}],"replies":[{"embeddable":true,"href":"https:\/\/oexpressobr.com.br\/index.php?rest_route=%2Fwp%2Fv2%2Fcomments&post=3867"}],"version-history":[{"count":1,"href":"https:\/\/oexpressobr.com.br\/index.php?rest_route=\/wp\/v2\/posts\/3867\/revisions"}],"predecessor-version":[{"id":3869,"href":"https:\/\/oexpressobr.com.br\/index.php?rest_route=\/wp\/v2\/posts\/3867\/revisions\/3869"}],"wp:featuredmedia":[{"embeddable":true,"href":"https:\/\/oexpressobr.com.br\/index.php?rest_route=\/wp\/v2\/media\/3868"}],"wp:attachment":[{"href":"https:\/\/oexpressobr.com.br\/index.php?rest_route=%2Fwp%2Fv2%2Fmedia&parent=3867"}],"wp:term":[{"taxonomy":"category","embeddable":true,"href":"https:\/\/oexpressobr.com.br\/index.php?rest_route=%2Fwp%2Fv2%2Fcategories&post=3867"},{"taxonomy":"post_tag","embeddable":true,"href":"https:\/\/oexpressobr.com.br\/index.php?rest_route=%2Fwp%2Fv2%2Ftags&post=3867"}],"curies":[{"name":"wp","href":"https:\/\/api.w.org\/{rel}","templated":true}]}}