{"id":3876,"date":"2026-02-15T06:48:35","date_gmt":"2026-02-15T09:48:35","guid":{"rendered":"https:\/\/oexpressobr.com.br\/?p=3876"},"modified":"2026-02-15T06:48:37","modified_gmt":"2026-02-15T09:48:37","slug":"crise-climatica-atinge-as-periferias-desigualdade-termica-separa-bairros-em-ate-15c-e-pressiona-o-orcamento-dos-mais-pobres","status":"publish","type":"post","link":"https:\/\/oexpressobr.com.br\/?p=3876","title":{"rendered":"Crise clim\u00e1tica atinge as periferias: desigualdade t\u00e9rmica separa bairros em at\u00e9 15\u00b0C e pressiona o or\u00e7amento dos mais pobres"},"content":{"rendered":"\n<p class=\"wp-block-paragraph\">As ondas de calor que assolam o Brasil em 2025 e 2026 t\u00eam revelado que o &#8220;clima extremo&#8221; n\u00e3o \u00e9 uma experi\u00eancia democr\u00e1tica. Enquanto moradores de bairros nobres desfrutam de ruas arborizadas e climatiza\u00e7\u00e3o, popula\u00e7\u00f5es de territ\u00f3rios vulner\u00e1veis enfrentam o que especialistas chamam de &#8220;segrega\u00e7\u00e3o t\u00e9rmica&#8221;. Em S\u00e3o Paulo, um estudo recente utilizando imagens de sat\u00e9lite exp\u00f4s um abismo de temperatura: enquanto o Morumbi registrava confort\u00e1veis 30\u00b0C, a vizinha Parais\u00f3polis atingia picos de 45\u00b0C nas mesmas condi\u00e7\u00f5es meteorol\u00f3gicas.<\/p>\n\n\n\n<p class=\"wp-block-paragraph\">\u200bA diferen\u00e7a de at\u00e9 15\u00b0C entre \u00e1reas ricas e perif\u00e9ricas n\u00e3o \u00e9 obra do acaso, mas resultado de d\u00e9cadas de planejamento urbano desigual. O fen\u00f4meno das <strong>ilhas de calor<\/strong> \u00e9 potencializado pela alta densidade de constru\u00e7\u00f5es, escassez de \u00e1reas verdes e o uso de materiais que ret\u00eam calor, como o asfalto e o concreto sem ventila\u00e7\u00e3o adequada.<\/p>\n\n\n\n<h3 class=\"wp-block-heading\">\u200bO impacto no bolso e na sa\u00fade<\/h3>\n\n\n\n<p class=\"wp-block-paragraph\">\u200bPara al\u00e9m do desconforto, o calor extremo aprofunda a desigualdade econ\u00f4mica. Nas favelas e periferias, o aumento da temperatura for\u00e7a o uso cont\u00ednuo de ventiladores e sobrecarrega geladeiras, fazendo disparar a conta de luz de fam\u00edlias que j\u00e1 vivem com restri\u00e7\u00f5es financeiras.<\/p>\n\n\n\n<p class=\"wp-block-paragraph\">\u200bDados do Minist\u00e9rio da Ci\u00eancia, Tecnologia e Inova\u00e7\u00e3o indicam que metade das cidades brasileiras est\u00e1 hoje em estado de alta vulnerabilidade clim\u00e1tica. No Rio de Janeiro, a sensa\u00e7\u00e3o t\u00e9rmica j\u00e1 ultrapassou a marca hist\u00f3rica de 62\u00b0C em 2025, afetando principalmente trabalhadores informais e residentes de comunidades onde o &#8220;ar-condicionado natural&#8221; da vegeta\u00e7\u00e3o foi substitu\u00eddo por telhados de zinco e ruelas estreitas.<\/p>\n\n\n\n<h3 class=\"wp-block-heading\">\u200bO &#8220;CEP&#8221; da vulnerabilidade<\/h3>\n\n\n\n<p class=\"wp-block-paragraph\">\u200bEstat\u00edsticas refor\u00e7am que a crise clim\u00e1tica tem cor e classe social. Pesquisas apontam que mulheres, idosos e pessoas pretas e pardas s\u00e3o os grupos mais impactados por interna\u00e7\u00f5es decorrentes de insola\u00e7\u00e3o e desidrata\u00e7\u00e3o. O acesso ao conforto t\u00e9rmico tornou-se um privil\u00e9gio, enquanto a exposi\u00e7\u00e3o ao calor severo \u00e9 a nova face da exclus\u00e3o urbana.<\/p>\n\n\n\n<p class=\"wp-block-paragraph\">\u200bEspecialistas e \u00f3rg\u00e3os como a ONU-Habitat defendem que a adapta\u00e7\u00e3o das cidades precisa de solu\u00e7\u00f5es urgentes, como:<\/p>\n\n\n\n<ul class=\"wp-block-list\">\n<li>\u200b<strong>Solu\u00e7\u00f5es baseadas na natureza:<\/strong> Cria\u00e7\u00e3o de corredores verdes e jardins de chuva em \u00e1reas perif\u00e9ricas.<\/li>\n\n\n\n<li>\u200b<strong>Efici\u00eancia energ\u00e9tica social:<\/strong> Subs\u00eddios para melhoria habitacional e instala\u00e7\u00e3o de telhados brancos ou verdes.<\/li>\n\n\n\n<li>\u200b<strong>Urbanismo bioclim\u00e1tico:<\/strong> Planejamento que considere a circula\u00e7\u00e3o de ventos e a prote\u00e7\u00e3o solar em moradias populares.<\/li>\n<\/ul>\n\n\n\n<p class=\"wp-block-paragraph\">\u200bA desigualdade t\u00e9rmica evidencia que o combate \u00e0s mudan\u00e7as clim\u00e1ticas nas metr\u00f3poles brasileiras exige, antes de tudo, justi\u00e7a social. Como o pr\u00f3prio ver\u00e3o de 2026 tem demonstrado, o term\u00f4metro sobe para todos, mas o corpo que padece e o bolso que paga s\u00e3o, invariavelmente, os de quem vive \u00e0 margem do planejamento urbano.<\/p>\n","protected":false},"excerpt":{"rendered":"<p>As ondas de calor que assolam o Brasil em 2025 e 2026 t\u00eam revelado que o &#8220;clima extremo&#8221; n\u00e3o \u00e9 uma experi\u00eancia democr\u00e1tica. Enquanto moradores [&#8230;]<\/p>\n","protected":false},"author":1,"featured_media":3877,"comment_status":"open","ping_status":"open","sticky":false,"template":"","format":"standard","meta":{"_crdt_document":"","_jetpack_memberships_contains_paid_content":false,"footnotes":"","jetpack_publicize_message":"","jetpack_publicize_feature_enabled":true,"jetpack_social_post_already_shared":true,"jetpack_social_options":{"image_generator_settings":{"template":"highway","default_image_id":0,"font":"","enabled":false},"version":2}},"categories":[3],"tags":[],"class_list":["post-3876","post","type-post","status-publish","format-standard","has-post-thumbnail","hentry","category-brasil"],"jetpack_publicize_connections":[],"jetpack_featured_media_url":"https:\/\/i0.wp.com\/oexpressobr.com.br\/wp-content\/uploads\/2026\/02\/IMG-20260215-WA0038.jpg?fit=750%2C502&ssl=1","jetpack_likes_enabled":true,"jetpack_sharing_enabled":true,"_links":{"self":[{"href":"https:\/\/oexpressobr.com.br\/index.php?rest_route=\/wp\/v2\/posts\/3876","targetHints":{"allow":["GET"]}}],"collection":[{"href":"https:\/\/oexpressobr.com.br\/index.php?rest_route=\/wp\/v2\/posts"}],"about":[{"href":"https:\/\/oexpressobr.com.br\/index.php?rest_route=\/wp\/v2\/types\/post"}],"author":[{"embeddable":true,"href":"https:\/\/oexpressobr.com.br\/index.php?rest_route=\/wp\/v2\/users\/1"}],"replies":[{"embeddable":true,"href":"https:\/\/oexpressobr.com.br\/index.php?rest_route=%2Fwp%2Fv2%2Fcomments&post=3876"}],"version-history":[{"count":1,"href":"https:\/\/oexpressobr.com.br\/index.php?rest_route=\/wp\/v2\/posts\/3876\/revisions"}],"predecessor-version":[{"id":3878,"href":"https:\/\/oexpressobr.com.br\/index.php?rest_route=\/wp\/v2\/posts\/3876\/revisions\/3878"}],"wp:featuredmedia":[{"embeddable":true,"href":"https:\/\/oexpressobr.com.br\/index.php?rest_route=\/wp\/v2\/media\/3877"}],"wp:attachment":[{"href":"https:\/\/oexpressobr.com.br\/index.php?rest_route=%2Fwp%2Fv2%2Fmedia&parent=3876"}],"wp:term":[{"taxonomy":"category","embeddable":true,"href":"https:\/\/oexpressobr.com.br\/index.php?rest_route=%2Fwp%2Fv2%2Fcategories&post=3876"},{"taxonomy":"post_tag","embeddable":true,"href":"https:\/\/oexpressobr.com.br\/index.php?rest_route=%2Fwp%2Fv2%2Ftags&post=3876"}],"curies":[{"name":"wp","href":"https:\/\/api.w.org\/{rel}","templated":true}]}}