{"id":3891,"date":"2026-02-15T07:14:54","date_gmt":"2026-02-15T10:14:54","guid":{"rendered":"https:\/\/oexpressobr.com.br\/?p=3891"},"modified":"2026-02-15T07:14:55","modified_gmt":"2026-02-15T10:14:55","slug":"policial-de-florianopolis-afasta-cao-com-chute-e-efetua-disparo-durante-abordagem-a-suspeitos","status":"publish","type":"post","link":"https:\/\/oexpressobr.com.br\/?p=3891","title":{"rendered":"POLICIAL de Florian\u00f3polis afasta c\u00e3o com chute e efetua disparo durante abordagem a suspeitos"},"content":{"rendered":"\n<p class=\"wp-block-paragraph\">Um v\u00eddeo que circula intensamente nas redes sociais nesta semana registrou o momento em que um policial militar rodovi\u00e1rio chuta e atira na dire\u00e7\u00e3o de um cachorro durante uma abordagem policial em Florian\u00f3polis, Santa Catarina. As imagens, gravadas por uma testemunha que estava em um ve\u00edculo pr\u00f3ximo, mostram o agente rendendo dois homens ao lado de um carro quando o animal se aproxima.<\/p>\n\n\n\n<p class=\"wp-block-paragraph\">\u200bNas imagens, \u00e9 poss\u00edvel observar o policial com a arma em punho apontada para os suspeitos. Quando o cachorro surge e se aproxima de sua perna, o militar reage com um chute para afastar o animal e, logo em seguida, efetua um disparo de arma de fogo em dire\u00e7\u00e3o ao ch\u00e3o.<\/p>\n\n\n\n<p class=\"wp-block-paragraph\">\u200b<strong>O que diz a Pol\u00edcia Militar<\/strong><\/p>\n\n\n\n<p class=\"wp-block-paragraph\">De acordo com a Pol\u00edcia Militar Rodovi\u00e1ria (PMRv) de Santa Catarina, a guarni\u00e7\u00e3o realizava a abordagem no bairro Saco Grande, no Norte da Ilha, ap\u00f3s identificar um ve\u00edculo suspeito de envolvimento em furtos de fios na regi\u00e3o. A corpora\u00e7\u00e3o esclareceu, em nota oficial, que o disparo foi efetuado contra o solo com o objetivo exclusivo de afastar o animal, que teria tentado morder o agente durante o procedimento cr\u00edtico de revista.<\/p>\n\n\n\n<p class=\"wp-block-paragraph\">\u200bA PM informou ainda que o cachorro n\u00e3o foi atingido e n\u00e3o sofreu ferimentos. Ap\u00f3s o susto, o animal se afastou do local e os procedimentos de abordagem foram conclu\u00eddos.<\/p>\n\n\n\n<p class=\"wp-block-paragraph\">\u200b<strong>Desdobramentos da ocorr\u00eancia<\/strong><\/p>\n\n\n\n<p class=\"wp-block-paragraph\">Os homens abordados foram identificados e revistados. Segundo as autoridades, o motorista utilizava tornozeleira eletr\u00f4nica. No entanto, como nenhum objeto furtado foi encontrado com os ocupantes no momento e a v\u00edtima dos furtos relatados n\u00e3o reconheceu os suspeitos, o grupo foi liberado. O ve\u00edculo acabou multado por apresentar pneus em condi\u00e7\u00f5es irregulares.<\/p>\n\n\n\n<p class=\"wp-block-paragraph\">\u200b<strong>Contexto e repercuss\u00e3o<\/strong><\/p>\n\n\n\n<p class=\"wp-block-paragraph\">O caso gerou debates sobre o uso progressivo da for\u00e7a e o manejo de animais em situa\u00e7\u00f5es de risco policial. Embora a corpora\u00e7\u00e3o reitere que a a\u00e7\u00e3o visava a seguran\u00e7a da equipe, entidades de prote\u00e7\u00e3o animal e internautas questionaram a necessidade do disparo, especialmente pela proximidade de \u00e1reas residenciais e dos pr\u00f3prios abordados.<\/p>\n\n\n\n<p class=\"wp-block-paragraph\">\u200bAt\u00e9 o momento, n\u00e3o h\u00e1 informa\u00e7\u00f5es confirmadas se o c\u00e3o possui um tutor ou se \u00e9 um animal comunit\u00e1rio da regi\u00e3o do Saco Grande. O comando da PMRv ressaltou que a conduta dos agentes em situa\u00e7\u00f5es de estresse \u00e9 monitorada e que o foco da opera\u00e7\u00e3o era o combate \u00e0 criminalidade na SC-401.<\/p>\n","protected":false},"excerpt":{"rendered":"<p>Um v\u00eddeo que circula intensamente nas redes sociais nesta semana registrou o momento em que um policial militar rodovi\u00e1rio chuta e atira na dire\u00e7\u00e3o de [&#8230;]<\/p>\n","protected":false},"author":1,"featured_media":3892,"comment_status":"open","ping_status":"open","sticky":false,"template":"","format":"standard","meta":{"_crdt_document":"","_jetpack_memberships_contains_paid_content":false,"footnotes":"","jetpack_publicize_message":"","jetpack_publicize_feature_enabled":true,"jetpack_social_post_already_shared":true,"jetpack_social_options":{"image_generator_settings":{"template":"highway","default_image_id":0,"font":"","enabled":false},"version":2}},"categories":[9],"tags":[],"class_list":["post-3891","post","type-post","status-publish","format-standard","has-post-thumbnail","hentry","category-policia"],"jetpack_publicize_connections":[],"jetpack_featured_media_url":"https:\/\/i0.wp.com\/oexpressobr.com.br\/wp-content\/uploads\/2026\/02\/video-flagrou-a-acao-do-policial-em-florianopolis-em-santa-catarina-1771036185052_v2_900x506.png.webp?fit=900%2C506&ssl=1","jetpack_likes_enabled":true,"jetpack_sharing_enabled":true,"_links":{"self":[{"href":"https:\/\/oexpressobr.com.br\/index.php?rest_route=\/wp\/v2\/posts\/3891","targetHints":{"allow":["GET"]}}],"collection":[{"href":"https:\/\/oexpressobr.com.br\/index.php?rest_route=\/wp\/v2\/posts"}],"about":[{"href":"https:\/\/oexpressobr.com.br\/index.php?rest_route=\/wp\/v2\/types\/post"}],"author":[{"embeddable":true,"href":"https:\/\/oexpressobr.com.br\/index.php?rest_route=\/wp\/v2\/users\/1"}],"replies":[{"embeddable":true,"href":"https:\/\/oexpressobr.com.br\/index.php?rest_route=%2Fwp%2Fv2%2Fcomments&post=3891"}],"version-history":[{"count":1,"href":"https:\/\/oexpressobr.com.br\/index.php?rest_route=\/wp\/v2\/posts\/3891\/revisions"}],"predecessor-version":[{"id":3893,"href":"https:\/\/oexpressobr.com.br\/index.php?rest_route=\/wp\/v2\/posts\/3891\/revisions\/3893"}],"wp:featuredmedia":[{"embeddable":true,"href":"https:\/\/oexpressobr.com.br\/index.php?rest_route=\/wp\/v2\/media\/3892"}],"wp:attachment":[{"href":"https:\/\/oexpressobr.com.br\/index.php?rest_route=%2Fwp%2Fv2%2Fmedia&parent=3891"}],"wp:term":[{"taxonomy":"category","embeddable":true,"href":"https:\/\/oexpressobr.com.br\/index.php?rest_route=%2Fwp%2Fv2%2Fcategories&post=3891"},{"taxonomy":"post_tag","embeddable":true,"href":"https:\/\/oexpressobr.com.br\/index.php?rest_route=%2Fwp%2Fv2%2Ftags&post=3891"}],"curies":[{"name":"wp","href":"https:\/\/api.w.org\/{rel}","templated":true}]}}