{"id":3894,"date":"2026-02-15T07:21:27","date_gmt":"2026-02-15T10:21:27","guid":{"rendered":"https:\/\/oexpressobr.com.br\/?p=3894"},"modified":"2026-02-15T07:21:28","modified_gmt":"2026-02-15T10:21:28","slug":"nikolas-ferreira-critica-padres-militantes-e-afirma-que-catolicos-estao-despertando-contra-a-ideologia-no-altar","status":"publish","type":"post","link":"https:\/\/oexpressobr.com.br\/?p=3894","title":{"rendered":"Nikolas Ferreira critica &#8220;padres militantes&#8221; e afirma que cat\u00f3licos est\u00e3o despertando contra a ideologia no altar"},"content":{"rendered":"\n<p class=\"wp-block-paragraph\">\u200bO deputado federal <strong>Nikolas Ferreira (PL-MG)<\/strong> utilizou suas redes sociais e canais de comunica\u00e7\u00e3o para desferir duras cr\u00edticas a membros do clero que, segundo ele, utilizam o espa\u00e7o da Igreja para promover agendas pol\u00edtico-ideol\u00f3gicas. O parlamentar argumenta que h\u00e1 um movimento de &#8220;despertar&#8221; entre os fi\u00e9is cat\u00f3licos, que estariam passando a questionar e a &#8220;incomodar&#8221; l\u00edderes religiosos alinhados a pautas de esquerda.<\/p>\n\n\n\n<p class=\"wp-block-paragraph\">\u200bA manifesta\u00e7\u00e3o ocorre ap\u00f3s epis\u00f3dios recentes em que sacerdotes utilizaram o momento da homilia ou espa\u00e7os paroquiais para criticar diretamente a atua\u00e7\u00e3o de Nikolas e de outros expoentes do conservadorismo brasileiro.<\/p>\n\n\n\n<h3 class=\"wp-block-heading\">\u200bO cerne do conflito: F\u00e9 vs. Ideologia<\/h3>\n\n\n\n<p class=\"wp-block-paragraph\">\u200bPara Nikolas Ferreira, a fun\u00e7\u00e3o do sacerdote deve ser estritamente espiritual, focada na liturgia e na transmiss\u00e3o dos dogmas crist\u00e3os. Em seu texto, ele levanta os seguintes pontos:<\/p>\n\n\n\n<ul class=\"wp-block-list\">\n<li>\u200b<strong>A expectativa do fiel:<\/strong> O deputado defende que o cat\u00f3lico busca na Missa o consolo espiritual e a Eucaristia, e n\u00e3o um palanque pol\u00edtico.<\/li>\n\n\n\n<li>\u200b<strong>Ataques pessoais:<\/strong> Nikolas alega que as cr\u00edticas recebidas por parte de alguns padres n\u00e3o possuem fundamento teol\u00f3gico, sendo baseadas em &#8220;posicionamentos ideol\u00f3gicos particulares&#8221;.<\/li>\n\n\n\n<li>\u200b<strong>Questionamento da autoridade:<\/strong> O parlamentar chega a questionar a legitimidade desses religiosos, sugerindo que suas condutas &#8220;v\u00e3o de encontro ao pr\u00f3prio Cristianismo&#8221;.<\/li>\n<\/ul>\n\n\n\n<h3 class=\"wp-block-heading\">\u200bRepercuss\u00e3o e contexto atual<\/h3>\n\n\n\n<p class=\"wp-block-paragraph\">\u200bO embate entre Nikolas Ferreira e setores da Igreja vinculados \u00e0 <strong>Teologia da Liberta\u00e7\u00e3o<\/strong> ou a movimentos sociais n\u00e3o \u00e9 novo, mas tem ganhado tra\u00e7\u00e3o com o aumento da polariza\u00e7\u00e3o pol\u00edtica dentro das institui\u00e7\u00f5es religiosas.<\/p>\n\n\n\n<p class=\"wp-block-paragraph\">\u200bEnquanto grupos progressistas da Igreja defendem que a f\u00e9 deve estar engajada em causas sociais e pol\u00edticas, o grupo liderado por Nikolas defende um retorno \u00e0 tradi\u00e7\u00e3o e o combate ao que chamam de &#8220;doutrina\u00e7\u00e3o&#8221; dentro das par\u00f3quias.<\/p>\n\n\n\n<blockquote class=\"wp-block-quote is-layout-flow wp-block-quote-is-layout-flow\">\n<p class=\"wp-block-paragraph\">\u200b&#8221;Os cat\u00f3licos est\u00e3o acordando e incomodando &#8216;padres&#8217; militantes&#8221;, afirmou o deputado, sinalizando que a press\u00e3o dos fi\u00e9is conservadores sobre a hierarquia da Igreja deve aumentar nos pr\u00f3ximos meses.<\/p>\n<\/blockquote>\n\n\n\n<h3 class=\"wp-block-heading\">\u200bO que dizem os especialistas<\/h3>\n\n\n\n<p class=\"wp-block-paragraph\">\u200bAnalistas pol\u00edticos apontam que essa estrat\u00e9gia de Nikolas visa consolidar sua base eleitoral entre os cat\u00f3licos praticantes, um segmento que, embora historicamente diverso, tem demonstrado uma guinada \u00e0 direita em temas de costumes e moralidade.<\/p>\n","protected":false},"excerpt":{"rendered":"<p>\u200bO deputado federal Nikolas Ferreira (PL-MG) utilizou suas redes sociais e canais de comunica\u00e7\u00e3o para desferir duras cr\u00edticas a membros do clero que, segundo ele, [&#8230;]<\/p>\n","protected":false},"author":1,"featured_media":3895,"comment_status":"open","ping_status":"open","sticky":false,"template":"","format":"standard","meta":{"_crdt_document":"","_jetpack_memberships_contains_paid_content":false,"footnotes":"","jetpack_publicize_message":"","jetpack_publicize_feature_enabled":true,"jetpack_social_post_already_shared":true,"jetpack_social_options":{"image_generator_settings":{"template":"highway","default_image_id":0,"font":"","enabled":false},"version":2}},"categories":[7],"tags":[],"class_list":["post-3894","post","type-post","status-publish","format-standard","has-post-thumbnail","hentry","category-politica"],"jetpack_publicize_connections":[],"jetpack_featured_media_url":"https:\/\/i0.wp.com\/oexpressobr.com.br\/wp-content\/uploads\/2026\/02\/IMG-20260215-WA0082.jpg?fit=1080%2C1080&ssl=1","jetpack_likes_enabled":true,"jetpack_sharing_enabled":true,"_links":{"self":[{"href":"https:\/\/oexpressobr.com.br\/index.php?rest_route=\/wp\/v2\/posts\/3894","targetHints":{"allow":["GET"]}}],"collection":[{"href":"https:\/\/oexpressobr.com.br\/index.php?rest_route=\/wp\/v2\/posts"}],"about":[{"href":"https:\/\/oexpressobr.com.br\/index.php?rest_route=\/wp\/v2\/types\/post"}],"author":[{"embeddable":true,"href":"https:\/\/oexpressobr.com.br\/index.php?rest_route=\/wp\/v2\/users\/1"}],"replies":[{"embeddable":true,"href":"https:\/\/oexpressobr.com.br\/index.php?rest_route=%2Fwp%2Fv2%2Fcomments&post=3894"}],"version-history":[{"count":1,"href":"https:\/\/oexpressobr.com.br\/index.php?rest_route=\/wp\/v2\/posts\/3894\/revisions"}],"predecessor-version":[{"id":3896,"href":"https:\/\/oexpressobr.com.br\/index.php?rest_route=\/wp\/v2\/posts\/3894\/revisions\/3896"}],"wp:featuredmedia":[{"embeddable":true,"href":"https:\/\/oexpressobr.com.br\/index.php?rest_route=\/wp\/v2\/media\/3895"}],"wp:attachment":[{"href":"https:\/\/oexpressobr.com.br\/index.php?rest_route=%2Fwp%2Fv2%2Fmedia&parent=3894"}],"wp:term":[{"taxonomy":"category","embeddable":true,"href":"https:\/\/oexpressobr.com.br\/index.php?rest_route=%2Fwp%2Fv2%2Fcategories&post=3894"},{"taxonomy":"post_tag","embeddable":true,"href":"https:\/\/oexpressobr.com.br\/index.php?rest_route=%2Fwp%2Fv2%2Ftags&post=3894"}],"curies":[{"name":"wp","href":"https:\/\/api.w.org\/{rel}","templated":true}]}}