{"id":3897,"date":"2026-02-15T07:26:50","date_gmt":"2026-02-15T10:26:50","guid":{"rendered":"https:\/\/oexpressobr.com.br\/?p=3897"},"modified":"2026-02-15T07:26:52","modified_gmt":"2026-02-15T10:26:52","slug":"marcinha-a-rainha-das-rainhas-celebra-decadas-de-legado-e-inspira-renovacao-no-carnaval-de-curitiba","status":"publish","type":"post","link":"https:\/\/oexpressobr.com.br\/?p=3897","title":{"rendered":"Marcinha, a &#8220;Rainha das Rainhas&#8221;, celebra d\u00e9cadas de legado e inspira renova\u00e7\u00e3o no Carnaval de Curitiba"},"content":{"rendered":"\n<p class=\"wp-block-paragraph\">\u200bO Carnaval de Curitiba pode n\u00e3o ter os holofotes da Sapuca\u00ed, mas carrega uma resist\u00eancia cultural que ganha rosto e nome na Marechal Deodoro: <strong>Maria Aparecida de Souza<\/strong>, a Marcinha. Aos 61 anos, a veterana \u2014 carinhosamente apelidada de &#8220;Rainha das Rainhas&#8221; \u2014 reafirma sua soberania na avenida, transformando sua trajet\u00f3ria em um s\u00edmbolo de longevidade e paix\u00e3o pelo samba paranaense.<\/p>\n\n\n\n<h3 class=\"wp-block-heading\">\u200bUma vida dedicada ao pavilh\u00e3o<\/h3>\n\n\n\n<p class=\"wp-block-paragraph\">\u200bMarcinha n\u00e3o \u00e9 apenas uma integrante de escola de samba; ela \u00e9 uma institui\u00e7\u00e3o do Carnaval local. Com d\u00e9cadas de desfiles no curr\u00edculo, ela atravessou diferentes eras da folia curitibana, mantendo o samba no p\u00e9 e o carisma que a tornaram refer\u00eancia para as novas gera\u00e7\u00f5es.<\/p>\n\n\n\n<p class=\"wp-block-paragraph\">\u200bPara os entusiastas da <strong>Mocidade Azul<\/strong>, sua escola de cora\u00e7\u00e3o, Marcinha representa a ponte entre o passado glorioso e o futuro da festa. Sua presen\u00e7a na avenida vai al\u00e9m da est\u00e9tica; trata-se de um ato de ocupa\u00e7\u00e3o cultural em uma cidade muitas vezes rotulada como &#8220;fria&#8221; para o Carnaval.<\/p>\n\n\n\n<h3 class=\"wp-block-heading\">\u200bO impacto na nova gera\u00e7\u00e3o<\/h3>\n\n\n\n<p class=\"wp-block-paragraph\">\u200bO legado de Marcinha tem servido de combust\u00edvel para jovens passistas e rainhas que buscam nela a t\u00e9cnica e, principalmente, a resili\u00eancia. Em um cen\u00e1rio onde o Carnaval de Curitiba luta anualmente por incentivos e visibilidade, a veterana ensina que a folia \u00e9, acima de tudo, uma quest\u00e3o de identidade.<\/p>\n\n\n\n<blockquote class=\"wp-block-quote is-layout-flow wp-block-quote-is-layout-flow\">\n<p class=\"wp-block-paragraph\">\u200b&#8221;A Marcinha \u00e9 a prova de que o samba n\u00e3o tem idade e que a nossa tradi\u00e7\u00e3o em Curitiba \u00e9 viva e pulsante. Ela abre caminhos para que as meninas que est\u00e3o come\u00e7ando hoje entendam a responsabilidade de carregar um pavilh\u00e3o&#8221;, afirma um dos diretores da liga local.<\/p>\n<\/blockquote>\n\n\n\n<h3 class=\"wp-block-heading\">\u200bO Carnaval de Curitiba em 2026<\/h3>\n\n\n\n<p class=\"wp-block-paragraph\">\u200bNeste ano, o desfile na Rua Marechal Deodoro consolidou a tend\u00eancia de crescimento do p\u00fablico, atraindo milhares de foli\u00f5es. As atualiza\u00e7\u00f5es mais recentes do setor destacam:<\/p>\n\n\n\n<ul class=\"wp-block-list\">\n<li>\u200b<strong>Investimento em Infraestrutura:<\/strong> Melhorias na ilumina\u00e7\u00e3o e sonoriza\u00e7\u00e3o da avenida principal.<\/li>\n\n\n\n<li>\u200b<strong>Profissionaliza\u00e7\u00e3o:<\/strong> Workshops de percuss\u00e3o e dan\u00e7a que ocorrem ao longo de todo o ano nas comunidades.<\/li>\n\n\n\n<li>\u200b<strong>Inclus\u00e3o:<\/strong> O aumento da participa\u00e7\u00e3o de blocos de rua que agora integram o cronograma oficial junto \u00e0s escolas tradicionais.<\/li>\n<\/ul>\n\n\n\n<p class=\"wp-block-paragraph\">\u200bMarcinha continua a ser a estrela guia dessa evolu\u00e7\u00e3o, provando que, enquanto houver paix\u00e3o, o asfalto curitibano sempre ter\u00e1 espa\u00e7o para o brilho da realeza do samba.<\/p>\n","protected":false},"excerpt":{"rendered":"<p>\u200bO Carnaval de Curitiba pode n\u00e3o ter os holofotes da Sapuca\u00ed, mas carrega uma resist\u00eancia cultural que ganha rosto e nome na Marechal Deodoro: Maria [&#8230;]<\/p>\n","protected":false},"author":1,"featured_media":3898,"comment_status":"open","ping_status":"open","sticky":false,"template":"","format":"standard","meta":{"_crdt_document":"","_jetpack_memberships_contains_paid_content":false,"footnotes":"","jetpack_publicize_message":"","jetpack_publicize_feature_enabled":true,"jetpack_social_post_already_shared":true,"jetpack_social_options":{"image_generator_settings":{"template":"highway","default_image_id":0,"font":"","enabled":false},"version":2}},"categories":[5],"tags":[],"class_list":["post-3897","post","type-post","status-publish","format-standard","has-post-thumbnail","hentry","category-parana"],"jetpack_publicize_connections":[],"jetpack_featured_media_url":"https:\/\/i0.wp.com\/oexpressobr.com.br\/wp-content\/uploads\/2026\/02\/fhbhbfdbvif.jpeg?fit=984%2C554&ssl=1","jetpack_likes_enabled":true,"jetpack_sharing_enabled":true,"_links":{"self":[{"href":"https:\/\/oexpressobr.com.br\/index.php?rest_route=\/wp\/v2\/posts\/3897","targetHints":{"allow":["GET"]}}],"collection":[{"href":"https:\/\/oexpressobr.com.br\/index.php?rest_route=\/wp\/v2\/posts"}],"about":[{"href":"https:\/\/oexpressobr.com.br\/index.php?rest_route=\/wp\/v2\/types\/post"}],"author":[{"embeddable":true,"href":"https:\/\/oexpressobr.com.br\/index.php?rest_route=\/wp\/v2\/users\/1"}],"replies":[{"embeddable":true,"href":"https:\/\/oexpressobr.com.br\/index.php?rest_route=%2Fwp%2Fv2%2Fcomments&post=3897"}],"version-history":[{"count":1,"href":"https:\/\/oexpressobr.com.br\/index.php?rest_route=\/wp\/v2\/posts\/3897\/revisions"}],"predecessor-version":[{"id":3899,"href":"https:\/\/oexpressobr.com.br\/index.php?rest_route=\/wp\/v2\/posts\/3897\/revisions\/3899"}],"wp:featuredmedia":[{"embeddable":true,"href":"https:\/\/oexpressobr.com.br\/index.php?rest_route=\/wp\/v2\/media\/3898"}],"wp:attachment":[{"href":"https:\/\/oexpressobr.com.br\/index.php?rest_route=%2Fwp%2Fv2%2Fmedia&parent=3897"}],"wp:term":[{"taxonomy":"category","embeddable":true,"href":"https:\/\/oexpressobr.com.br\/index.php?rest_route=%2Fwp%2Fv2%2Fcategories&post=3897"},{"taxonomy":"post_tag","embeddable":true,"href":"https:\/\/oexpressobr.com.br\/index.php?rest_route=%2Fwp%2Fv2%2Ftags&post=3897"}],"curies":[{"name":"wp","href":"https:\/\/api.w.org\/{rel}","templated":true}]}}