{"id":390,"date":"2025-12-08T06:33:28","date_gmt":"2025-12-08T09:33:28","guid":{"rendered":"https:\/\/oexpressobr.com.br\/?p=390"},"modified":"2025-12-08T06:33:29","modified_gmt":"2025-12-08T09:33:29","slug":"indicacao-de-jorge-messias-ao-stf-embate-evangelico-sobre-aborto-e-a-heranca-da-adpf-das-favelas","status":"publish","type":"post","link":"https:\/\/oexpressobr.com.br\/?p=390","title":{"rendered":"Indica\u00e7\u00e3o de Jorge Messias ao STF: embate evang\u00e9lico sobre aborto e a heran\u00e7a da ADPF das Favelas"},"content":{"rendered":"\n<p class=\"wp-block-paragraph\">A escolha do presidente Luiz In\u00e1cio Lula da Silva pelo advogado-geral da Uni\u00e3o (<strong>AGU<\/strong>), <strong>Jorge Messias<\/strong>, para a vaga no <strong>Supremo Tribunal Federal (STF)<\/strong> deixada pela aposentadoria de Lu\u00eds Roberto Barroso, gerou intensa movimenta\u00e7\u00e3o pol\u00edtica, especialmente no Senado. Messias, um nome de perfil t\u00e9cnico e evang\u00e9lico, foi formalmente indicado em novembro de 2025, mas enfrenta resist\u00eancia crescente de setores conservadores, que pressionaram pelo adiamento de sua sabatina na Comiss\u00e3o de Constitui\u00e7\u00e3o e Justi\u00e7a (CCJ), prevista inicialmente para dezembro.<\/p>\n\n\n\n<h2 class=\"wp-block-heading\">\u200bO Fogo Cruzado da Pauta Conservadora<\/h2>\n\n\n\n<p class=\"wp-block-paragraph\">\u200bApesar de ser membro da Igreja Batista Crist\u00e3 e ter sido visto como uma tentativa de <strong>Lula<\/strong> de se reaproximar da bancada evang\u00e9lica, o nome de Messias se tornou alvo de um intenso &#8220;fogo cruzado&#8221; ideol\u00f3gico. O principal ponto de atrito \u00e9 sua posi\u00e7\u00e3o passada como AGU sobre a sa\u00fade p\u00fablica.<\/p>\n\n\n\n<p class=\"wp-block-paragraph\">\u200bNo cerne da pol\u00eamica est\u00e1 um parecer emitido pela Advocacia-Geral da Uni\u00e3o, sob o comando de Messias, que defendia a legalidade da <strong>assistolia fetal<\/strong> \u2014 um procedimento m\u00e9dico para interrup\u00e7\u00e3o de gesta\u00e7\u00f5es acima de 20 semanas em casos previstos em lei, como o estupro. Parlamentares conservadores, incluindo o deputado S\u00f3stenes Cavalcante (PL-RJ), exploraram o tema, classificando a manifesta\u00e7\u00e3o como um endosso a &#8220;pr\u00e1ticas abortistas&#8221; e pressionando pela rejei\u00e7\u00e3o do nome.<\/p>\n\n\n\n<p class=\"wp-block-paragraph\">\u200bEm seu p\u00e9riplo no Senado, onde precisa de, no m\u00ednimo, <strong>41 votos<\/strong> para ser confirmado, Messias buscou equilibrar a balan\u00e7a. Ele se declarou pessoalmente <strong>contr\u00e1rio ao aborto<\/strong>, mas sustentou a defesa da lei atual, que permite o procedimento em situa\u00e7\u00f5es espec\u00edficas (anencefalia, risco \u00e0 vida da m\u00e3e e gravidez resultante de estupro). A tens\u00e3o \u00e9 um reflexo direto da polariza\u00e7\u00e3o pol\u00edtica e ideol\u00f3gica que cerca as indica\u00e7\u00f5es \u00e0 Suprema Corte.<\/p>\n\n\n\n<h2 class=\"wp-block-heading\">\u200bO Peso da ADPF das Favelas<\/h2>\n\n\n\n<p class=\"wp-block-paragraph\">\u200bCaso consiga a aprova\u00e7\u00e3o dos senadores, Jorge Messias herdar\u00e1 a relatoria de uma das pautas sociais e de seguran\u00e7a p\u00fablica mais complexas do Judici\u00e1rio: a <strong>Argui\u00e7\u00e3o de Descumprimento de Preceito Fundamental (ADPF) 635<\/strong>, conhecida como <strong>ADPF das Favelas<\/strong>.<\/p>\n\n\n\n<p class=\"wp-block-paragraph\">\u200bO caso, que trata da letalidade policial e estabelece um conjunto de regras para opera\u00e7\u00f5es das for\u00e7as de seguran\u00e7a em comunidades carentes do Rio de Janeiro, estava temporariamente sob a responsabilidade do ministro <strong>Alexandre de Moraes<\/strong> (o relator-tamp\u00e3o) ap\u00f3s ter passado por Edson Fachin e Lu\u00eds Roberto Barroso. A <strong>ADPF das Favelas<\/strong> \u00e9 uma a\u00e7\u00e3o de litig\u00e2ncia estrutural que exige mudan\u00e7as profundas na pol\u00edtica de seguran\u00e7a, fiscaliza\u00e7\u00e3o do uso de c\u00e2meras em uniformes e viaturas, e investiga\u00e7\u00f5es independentes em caso de mortes.<\/p>\n\n\n\n<p class=\"wp-block-paragraph\">\u200bAssumir a relatoria da ADPF 635 colocaria o novo ministro diretamente no centro do debate sobre <strong>seguran\u00e7a p\u00fablica<\/strong>, um tema de alta preocupa\u00e7\u00e3o nacional. A heran\u00e7a da pauta, que envolve o monitoramento de um &#8220;estado de coisas inconstitucional&#8221; na seguran\u00e7a p\u00fablica fluminense, exigir\u00e1 de Messias grande habilidade para lidar com a press\u00e3o dos movimentos sociais e, ao mesmo tempo, as demandas das for\u00e7as policiais e do governo.<\/p>\n\n\n\n<p class=\"wp-block-paragraph\">\u200bCom a sabatina adiada, a expectativa \u00e9 que a vota\u00e7\u00e3o do nome de Messias, e consequentemente a defini\u00e7\u00e3o da nova relatoria da ADPF, seja resolvida apenas no in\u00edcio de 2026, mantendo o processo no limbo e a press\u00e3o sobre o indicado em alta.<\/p>\n","protected":false},"excerpt":{"rendered":"<p>A escolha do presidente Luiz In\u00e1cio Lula da Silva pelo advogado-geral da Uni\u00e3o (AGU), Jorge Messias, para a vaga no Supremo Tribunal Federal (STF) deixada [&#8230;]<\/p>\n","protected":false},"author":1,"featured_media":391,"comment_status":"open","ping_status":"open","sticky":false,"template":"","format":"standard","meta":{"_crdt_document":"","_jetpack_memberships_contains_paid_content":false,"footnotes":"","jetpack_publicize_message":"","jetpack_publicize_feature_enabled":true,"jetpack_social_post_already_shared":false,"jetpack_social_options":{"image_generator_settings":{"template":"highway","default_image_id":0,"font":"","enabled":false},"version":2}},"categories":[3],"tags":[],"class_list":["post-390","post","type-post","status-publish","format-standard","has-post-thumbnail","hentry","category-brasil"],"jetpack_publicize_connections":[],"jetpack_featured_media_url":"https:\/\/i0.wp.com\/oexpressobr.com.br\/wp-content\/uploads\/2025\/12\/30091023-high.jpg.jpg?fit=414%2C280&ssl=1","jetpack_likes_enabled":true,"jetpack_sharing_enabled":true,"_links":{"self":[{"href":"https:\/\/oexpressobr.com.br\/index.php?rest_route=\/wp\/v2\/posts\/390","targetHints":{"allow":["GET"]}}],"collection":[{"href":"https:\/\/oexpressobr.com.br\/index.php?rest_route=\/wp\/v2\/posts"}],"about":[{"href":"https:\/\/oexpressobr.com.br\/index.php?rest_route=\/wp\/v2\/types\/post"}],"author":[{"embeddable":true,"href":"https:\/\/oexpressobr.com.br\/index.php?rest_route=\/wp\/v2\/users\/1"}],"replies":[{"embeddable":true,"href":"https:\/\/oexpressobr.com.br\/index.php?rest_route=%2Fwp%2Fv2%2Fcomments&post=390"}],"version-history":[{"count":0,"href":"https:\/\/oexpressobr.com.br\/index.php?rest_route=\/wp\/v2\/posts\/390\/revisions"}],"wp:featuredmedia":[{"embeddable":true,"href":"https:\/\/oexpressobr.com.br\/index.php?rest_route=\/wp\/v2\/media\/391"}],"wp:attachment":[{"href":"https:\/\/oexpressobr.com.br\/index.php?rest_route=%2Fwp%2Fv2%2Fmedia&parent=390"}],"wp:term":[{"taxonomy":"category","embeddable":true,"href":"https:\/\/oexpressobr.com.br\/index.php?rest_route=%2Fwp%2Fv2%2Fcategories&post=390"},{"taxonomy":"post_tag","embeddable":true,"href":"https:\/\/oexpressobr.com.br\/index.php?rest_route=%2Fwp%2Fv2%2Ftags&post=390"}],"curies":[{"name":"wp","href":"https:\/\/api.w.org\/{rel}","templated":true}]}}