{"id":3900,"date":"2026-02-15T07:34:42","date_gmt":"2026-02-15T10:34:42","guid":{"rendered":"https:\/\/oexpressobr.com.br\/?p=3900"},"modified":"2026-02-15T07:34:45","modified_gmt":"2026-02-15T10:34:45","slug":"vorcaro-desembolsa-r-35-milhoes-em-resort-ligado-a-toffoli-apos-cobranca-de-aportes","status":"publish","type":"post","link":"https:\/\/oexpressobr.com.br\/?p=3900","title":{"rendered":"Vorcaro desembolsa R$ 35 milh\u00f5es em resort ligado a Toffoli ap\u00f3s cobran\u00e7a de aportes"},"content":{"rendered":"\n<p class=\"wp-block-paragraph\">Uma transa\u00e7\u00e3o milion\u00e1ria envolvendo o mercado hoteleiro e figuras do alto escal\u00e3o do judici\u00e1rio e do setor financeiro entrou no radar das discuss\u00f5es p\u00fablicas. De acordo com informa\u00e7\u00f5es recentes, o banqueiro <strong>Vitor Vorcaro<\/strong> teria realizado repasses que somam <strong>R$ 35 milh\u00f5es<\/strong> para a aquisi\u00e7\u00e3o de um resort que possui liga\u00e7\u00f5es hist\u00f3ricas com o ministro do Supremo Tribunal Federal (STF), <strong>Dias Toffoli<\/strong>.<\/p>\n\n\n\n<h3 class=\"wp-block-heading\">\u200bOs Detalhes da Transa\u00e7\u00e3o<\/h3>\n\n\n\n<p class=\"wp-block-paragraph\">\u200bO fluxo de capital teria ocorrido em duas etapas principais, conforme apurado por ve\u00edculos de imprensa nacionais:<\/p>\n\n\n\n<ul class=\"wp-block-list\">\n<li>\u200b<strong>Primeiro aporte:<\/strong> Uma parcela de <strong>R$ 20 milh\u00f5es<\/strong> liberada por Vorcaro para viabilizar o neg\u00f3cio.<\/li>\n\n\n\n<li>\u200b<strong>Segundo aporte:<\/strong> Uma transfer\u00eancia subsequente de <strong>R$ 15 milh\u00f5es<\/strong>, totalizando o valor que agora gera questionamentos sobre a natureza da parceria.<\/li>\n<\/ul>\n\n\n\n<p class=\"wp-block-paragraph\">\u200bO empreendimento em quest\u00e3o \u00e9 um resort de luxo que, segundo as investiga\u00e7\u00f5es jornal\u00edsticas, estaria no centro de uma complexa rede de participa\u00e7\u00f5es societ\u00e1rias.<\/p>\n\n\n\n<h3 class=\"wp-block-heading\">\u200bO Outro Lado<\/h3>\n\n\n\n<p class=\"wp-block-paragraph\">\u200bAs partes envolvidas apresentaram posicionamentos distintos sobre a cronologia e a \u00e9tica dos fatos:<\/p>\n\n\n\n<ol class=\"wp-block-list\">\n<li>\u200b<strong>Ministro Dias Toffoli:<\/strong> Em nota, o ministro sustenta que a venda de sua participa\u00e7\u00e3o no empreendimento ocorreu <strong>antes<\/strong> de ele assumir a relatoria de processos de interesse do grupo econ\u00f4mico de Vorcaro. Toffoli refor\u00e7a a legalidade da transa\u00e7\u00e3o e a inexist\u00eancia de conflito de interesses.<\/li>\n\n\n\n<li>\u200b<strong>Vitor Vorcaro:<\/strong> A defesa do banqueiro optou por n\u00e3o comentar os detalhes espec\u00edficos dos aportes ou a motiva\u00e7\u00e3o da cobran\u00e7a mencionada pela reportagem original.<\/li>\n<\/ol>\n\n\n\n<h3 class=\"wp-block-heading\">\u200bContexto e Relev\u00e2ncia<\/h3>\n\n\n\n<p class=\"wp-block-paragraph\">\u200bA not\u00edcia ganha tra\u00e7\u00e3o em um momento de intensa vigil\u00e2ncia sobre as rela\u00e7\u00f5es entre magistrados e o setor privado. O ponto central da controv\u00e9rsia n\u00e3o \u00e9 a transa\u00e7\u00e3o comercial em si, mas a <strong>coincid\u00eancia temporal<\/strong> entre os investimentos realizados pelo banqueiro e a tramita\u00e7\u00e3o de a\u00e7\u00f5es de grande relev\u00e2ncia financeira sob a tutela do magistrado.<\/p>\n\n\n\n<p class=\"wp-block-paragraph\">\u200bAtualmente, \u00f3rg\u00e3os de controle e a opini\u00e3o p\u00fablica acompanham o desdobramento para verificar se os prazos de sa\u00edda de Toffoli da sociedade de fato anulam qualquer suspei\u00e7\u00e3o sobre suas decis\u00f5es posteriores.<\/p>\n","protected":false},"excerpt":{"rendered":"<p>Uma transa\u00e7\u00e3o milion\u00e1ria envolvendo o mercado hoteleiro e figuras do alto escal\u00e3o do judici\u00e1rio e do setor financeiro entrou no radar das discuss\u00f5es p\u00fablicas. De [&#8230;]<\/p>\n","protected":false},"author":1,"featured_media":3901,"comment_status":"open","ping_status":"open","sticky":false,"template":"","format":"standard","meta":{"_crdt_document":"","_jetpack_memberships_contains_paid_content":false,"footnotes":"","jetpack_publicize_message":"","jetpack_publicize_feature_enabled":true,"jetpack_social_post_already_shared":true,"jetpack_social_options":{"image_generator_settings":{"template":"highway","default_image_id":0,"font":"","enabled":false},"version":2}},"categories":[8],"tags":[],"class_list":["post-3900","post","type-post","status-publish","format-standard","has-post-thumbnail","hentry","category-judiciario"],"jetpack_publicize_connections":[],"jetpack_featured_media_url":"https:\/\/i0.wp.com\/oexpressobr.com.br\/wp-content\/uploads\/2026\/02\/1769014865697106515fe9d_1769014865_3x2_xl.jpg?fit=1200%2C800&ssl=1","jetpack_likes_enabled":true,"jetpack_sharing_enabled":true,"_links":{"self":[{"href":"https:\/\/oexpressobr.com.br\/index.php?rest_route=\/wp\/v2\/posts\/3900","targetHints":{"allow":["GET"]}}],"collection":[{"href":"https:\/\/oexpressobr.com.br\/index.php?rest_route=\/wp\/v2\/posts"}],"about":[{"href":"https:\/\/oexpressobr.com.br\/index.php?rest_route=\/wp\/v2\/types\/post"}],"author":[{"embeddable":true,"href":"https:\/\/oexpressobr.com.br\/index.php?rest_route=\/wp\/v2\/users\/1"}],"replies":[{"embeddable":true,"href":"https:\/\/oexpressobr.com.br\/index.php?rest_route=%2Fwp%2Fv2%2Fcomments&post=3900"}],"version-history":[{"count":1,"href":"https:\/\/oexpressobr.com.br\/index.php?rest_route=\/wp\/v2\/posts\/3900\/revisions"}],"predecessor-version":[{"id":3902,"href":"https:\/\/oexpressobr.com.br\/index.php?rest_route=\/wp\/v2\/posts\/3900\/revisions\/3902"}],"wp:featuredmedia":[{"embeddable":true,"href":"https:\/\/oexpressobr.com.br\/index.php?rest_route=\/wp\/v2\/media\/3901"}],"wp:attachment":[{"href":"https:\/\/oexpressobr.com.br\/index.php?rest_route=%2Fwp%2Fv2%2Fmedia&parent=3900"}],"wp:term":[{"taxonomy":"category","embeddable":true,"href":"https:\/\/oexpressobr.com.br\/index.php?rest_route=%2Fwp%2Fv2%2Fcategories&post=3900"},{"taxonomy":"post_tag","embeddable":true,"href":"https:\/\/oexpressobr.com.br\/index.php?rest_route=%2Fwp%2Fv2%2Ftags&post=3900"}],"curies":[{"name":"wp","href":"https:\/\/api.w.org\/{rel}","templated":true}]}}