{"id":3903,"date":"2026-02-15T07:39:49","date_gmt":"2026-02-15T10:39:49","guid":{"rendered":"https:\/\/oexpressobr.com.br\/?p=3903"},"modified":"2026-02-15T07:39:50","modified_gmt":"2026-02-15T10:39:50","slug":"justica-nega-pedido-de-daniela-mercury-e-mantem-ordem-dos-desfiles-no-carnaval-de-salvador","status":"publish","type":"post","link":"https:\/\/oexpressobr.com.br\/?p=3903","title":{"rendered":"Justi\u00e7a nega pedido de Daniela Mercury e mant\u00e9m ordem dos desfiles no Carnaval de Salvador"},"content":{"rendered":"\n<p class=\"wp-block-paragraph\">\u200bA disputa pelo protagonismo no Circuito Dod\u00f4 (Barra-Ondina) ganhou um novo cap\u00edtulo jur\u00eddico nesta temporada. A Justi\u00e7a da Bahia indeferiu o pedido da cantora <strong>Daniela Mercury<\/strong>, que buscava alterar a ordem de sa\u00edda dos trios el\u00e9tricos para o seu <strong>Bloco Crocodilo<\/strong>. Com a decis\u00e3o, a programa\u00e7\u00e3o oficial da Saltur (Empresa Salvador Turismo) permanece inalterada, frustrando os planos da &#8220;Rainha do Ax\u00e9&#8221; de retomar o hor\u00e1rio nobre da abertura.<\/p>\n\n\n\n<h3 class=\"wp-block-heading\">\u200bO cerne da disputa: Tradi\u00e7\u00e3o vs. Log\u00edstica<\/h3>\n\n\n\n<p class=\"wp-block-paragraph\">\u200bA a\u00e7\u00e3o movida pela equipe de Daniela Mercury baseava-se no argumento do <strong>pioneirismo<\/strong>. O Crocodilo foi um dos primeiros grandes blocos a desfilar no circuito Barra-Ondina, em 1996, e a defesa da cantora alegava que essa preced\u00eancia hist\u00f3rica deveria garantir o direito de abrir os desfiles em hor\u00e1rios mais favor\u00e1veis.<\/p>\n\n\n\n<p class=\"wp-block-paragraph\">\u200bNo entanto, a investida jur\u00eddica encontrou forte resist\u00eancia de outros gigantes do Carnaval baiano. Os blocos <strong>Olodum, Camale\u00e3o (Bell Marques) e Coruja (Ivete Sangalo)<\/strong> uniram-se para recorrer da inten\u00e7\u00e3o de Daniela. Os argumentos apresentados pelos grupos focaram em dois pilares:<\/p>\n\n\n\n<ul class=\"wp-block-list\">\n<li>\u200b<strong>Impacto Log\u00edstico:<\/strong> A altera\u00e7\u00e3o de \u00faltima hora desestruturaria todo o cronograma de montagem, passagens de som e deslocamento de milhares de foli\u00f5es.<\/li>\n\n\n\n<li>\u200b<strong>Preju\u00edzos Comerciais:<\/strong> Contratos de patroc\u00ednio e cotas de transmiss\u00e3o televisiva s\u00e3o fechados com base nos hor\u00e1rios pr\u00e9-estabelecidos, e qualquer mudan\u00e7a afetaria diretamente a entrega desses compromissos.<\/li>\n<\/ul>\n\n\n\n<h3 class=\"wp-block-heading\">\u200bA decis\u00e3o judicial<\/h3>\n\n\n\n<p class=\"wp-block-paragraph\">\u200bO magistrado respons\u00e1vel pelo caso entendeu que, embora a hist\u00f3ria de Daniela Mercury e do Crocodilo seja fundamental para a identidade da festa, o <strong>interesse coletivo e a organiza\u00e7\u00e3o administrativa<\/strong> da Prefeitura de Salvador devem prevalecer sobre crit\u00e9rios hist\u00f3ricos individuais. A decis\u00e3o ressalta que a altera\u00e7\u00e3o for\u00e7ada da grade poderia gerar um &#8220;efeito domin\u00f3&#8221; de inseguran\u00e7a jur\u00eddica e operacional no maior evento de rua do planeta.<\/p>\n\n\n\n<blockquote class=\"wp-block-quote is-layout-flow wp-block-quote-is-layout-flow\">\n<p class=\"wp-block-paragraph\">\u200b&#8221;A manuten\u00e7\u00e3o da grade \u00e9 uma medida de cautela para garantir a seguran\u00e7a e a previsibilidade que o Carnaval de Salvador exige&#8221;, aponta trecho dos bastidores jur\u00eddicos.<\/p>\n<\/blockquote>\n\n\n\n<h3 class=\"wp-block-heading\">\u200bO clima nos bastidores<\/h3>\n\n\n\n<p class=\"wp-block-paragraph\">\u200bApesar da derrota nos tribunais, a assessoria da cantora refor\u00e7a que o foco agora \u00e9 a entrega de um espet\u00e1culo memor\u00e1vel para os foli\u00f5es. Por outro lado, o clima entre os grandes blocos permanece tenso, evidenciando uma &#8220;guerra de espa\u00e7os&#8221; que reflete a satura\u00e7\u00e3o e a alta valoriza\u00e7\u00e3o comercial do circuito Barra-Ondina nos \u00faltimos anos.<\/p>\n\n\n\n<p class=\"wp-block-paragraph\">\u200b<strong>\u00daltimas atualiza\u00e7\u00f5es:<\/strong><\/p>\n\n\n\n<ul class=\"wp-block-list\">\n<li>\u200bA Saltur confirmou que n\u00e3o haver\u00e1 novas altera\u00e7\u00f5es na grade at\u00e9 o in\u00edcio oficial da folia.<\/li>\n\n\n\n<li>\u200bOs blocos envolvidos j\u00e1 iniciaram a entrega de abad\u00e1s seguindo os hor\u00e1rios originais.<\/li>\n<\/ul>\n","protected":false},"excerpt":{"rendered":"<p>\u200bA disputa pelo protagonismo no Circuito Dod\u00f4 (Barra-Ondina) ganhou um novo cap\u00edtulo jur\u00eddico nesta temporada. A Justi\u00e7a da Bahia indeferiu o pedido da cantora Daniela [&#8230;]<\/p>\n","protected":false},"author":1,"featured_media":3904,"comment_status":"open","ping_status":"open","sticky":false,"template":"","format":"standard","meta":{"_crdt_document":"","_jetpack_memberships_contains_paid_content":false,"footnotes":"","jetpack_publicize_message":"","jetpack_publicize_feature_enabled":true,"jetpack_social_post_already_shared":true,"jetpack_social_options":{"image_generator_settings":{"template":"highway","default_image_id":0,"font":"","enabled":false},"version":2}},"categories":[14],"tags":[],"class_list":["post-3903","post","type-post","status-publish","format-standard","has-post-thumbnail","hentry","category-famosos"],"jetpack_publicize_connections":[],"jetpack_featured_media_url":"https:\/\/i0.wp.com\/oexpressobr.com.br\/wp-content\/uploads\/2026\/02\/174112566967c77825ad2db_1741125669_4x3_xl.jpg?fit=1200%2C899&ssl=1","jetpack_likes_enabled":true,"jetpack_sharing_enabled":true,"_links":{"self":[{"href":"https:\/\/oexpressobr.com.br\/index.php?rest_route=\/wp\/v2\/posts\/3903","targetHints":{"allow":["GET"]}}],"collection":[{"href":"https:\/\/oexpressobr.com.br\/index.php?rest_route=\/wp\/v2\/posts"}],"about":[{"href":"https:\/\/oexpressobr.com.br\/index.php?rest_route=\/wp\/v2\/types\/post"}],"author":[{"embeddable":true,"href":"https:\/\/oexpressobr.com.br\/index.php?rest_route=\/wp\/v2\/users\/1"}],"replies":[{"embeddable":true,"href":"https:\/\/oexpressobr.com.br\/index.php?rest_route=%2Fwp%2Fv2%2Fcomments&post=3903"}],"version-history":[{"count":1,"href":"https:\/\/oexpressobr.com.br\/index.php?rest_route=\/wp\/v2\/posts\/3903\/revisions"}],"predecessor-version":[{"id":3905,"href":"https:\/\/oexpressobr.com.br\/index.php?rest_route=\/wp\/v2\/posts\/3903\/revisions\/3905"}],"wp:featuredmedia":[{"embeddable":true,"href":"https:\/\/oexpressobr.com.br\/index.php?rest_route=\/wp\/v2\/media\/3904"}],"wp:attachment":[{"href":"https:\/\/oexpressobr.com.br\/index.php?rest_route=%2Fwp%2Fv2%2Fmedia&parent=3903"}],"wp:term":[{"taxonomy":"category","embeddable":true,"href":"https:\/\/oexpressobr.com.br\/index.php?rest_route=%2Fwp%2Fv2%2Fcategories&post=3903"},{"taxonomy":"post_tag","embeddable":true,"href":"https:\/\/oexpressobr.com.br\/index.php?rest_route=%2Fwp%2Fv2%2Ftags&post=3903"}],"curies":[{"name":"wp","href":"https:\/\/api.w.org\/{rel}","templated":true}]}}