{"id":3906,"date":"2026-02-15T07:45:33","date_gmt":"2026-02-15T10:45:33","guid":{"rendered":"https:\/\/oexpressobr.com.br\/?p=3906"},"modified":"2026-02-15T07:45:34","modified_gmt":"2026-02-15T10:45:34","slug":"lula-vai-ao-rio-para-desfile-em-sua-homenagem-com-aliados-divididos-e-sob-alerta-do-tse","status":"publish","type":"post","link":"https:\/\/oexpressobr.com.br\/?p=3906","title":{"rendered":"Lula vai ao Rio para desfile em sua homenagem com aliados divididos e sob alerta do TSE"},"content":{"rendered":"\n<p class=\"wp-block-paragraph\">\u200bO presidente Luiz In\u00e1cio Lula da Silva desembarca no Rio de Janeiro neste domingo (15) para acompanhar de perto o desfile da <strong>Acad\u00eamicos de Niter\u00f3i<\/strong>, escola de samba que levar\u00e1 para a Marqu\u00eas de Sapuca\u00ed um enredo dedicado \u00e0 sua trajet\u00f3ria pol\u00edtica e pessoal. A visita ocorre em um clima de forte tens\u00e3o pol\u00edtica, com o governo tentando equilibrar a celebra\u00e7\u00e3o popular e os riscos jur\u00eddicos em pleno ano eleitoral.<\/p>\n\n\n\n<p class=\"wp-block-paragraph\">\u200bLula assistir\u00e1 \u00e0 apresenta\u00e7\u00e3o no <strong>camarote da Prefeitura do Rio<\/strong>, acompanhado de uma comitiva reduzida. A decis\u00e3o de restringir o n\u00famero de acompanhantes veio ap\u00f3s orienta\u00e7\u00f5es diretas da Casa Civil e da Secretaria de Comunica\u00e7\u00e3o (Secom), que buscam mitigar as acusa\u00e7\u00f5es de propaganda eleitoral antecipada feitas pela oposi\u00e7\u00e3o.<\/p>\n\n\n\n<h3 class=\"wp-block-heading\">\u200bAlerta do TSE e &#8220;areia movedi\u00e7a&#8221;<\/h3>\n\n\n\n<p class=\"wp-block-paragraph\">\u200bNa \u00faltima quinta-feira (12), o <strong>Tribunal Superior Eleitoral (TSE)<\/strong> rejeitou, por unanimidade, pedidos de partidos como o Novo para barrar o desfile. No entanto, a decis\u00e3o n\u00e3o foi um &#8220;cheque em branco&#8221;. A presidente da Corte, ministra <strong>C\u00e1rmen L\u00facia<\/strong>, descreveu o cen\u00e1rio como uma &#8220;areia movedi\u00e7a&#8221;, alertando que, embora a censura pr\u00e9via seja proibida, o tribunal monitorar\u00e1 qualquer excesso que configure abuso de poder pol\u00edtico ou econ\u00f4mico.<\/p>\n\n\n\n<ul class=\"wp-block-list\">\n<li>\u200b<strong>Ponto de aten\u00e7\u00e3o:<\/strong> O samba-enredo inclui o refr\u00e3o &#8220;Ol\u00ea, ol\u00ea, ol\u00ea, ol\u00e1, Lula! Lula!&#8221;, jingle cl\u00e1ssico de suas campanhas, o que acendeu o sinal amarelo entre os ministros do TSE.<\/li>\n\n\n\n<li>\u200b<strong>Janja na Avenida:<\/strong> A primeira-dama, Janja da Silva, que participou ativamente dos ensaios, tem presen\u00e7a prevista em um dos carros aleg\u00f3ricos, o que \u00e9 visto por aliados como um gesto de proximidade com as bases, mas por cr\u00edticos como uma exposi\u00e7\u00e3o desnecess\u00e1ria.<\/li>\n<\/ul>\n\n\n\n<h3 class=\"wp-block-heading\">\u200bDivis\u00e3o interna no governo<\/h3>\n\n\n\n<p class=\"wp-block-paragraph\">\u200bA homenagem dividiu o primeiro escal\u00e3o do governo. De um lado, ministros e aliados pr\u00f3ximos acreditam que a presen\u00e7a de Lula na Sapuca\u00ed refor\u00e7a sua conex\u00e3o com a cultura popular e humaniza sua figura em um momento estrat\u00e9gico.<\/p>\n\n\n\n<p class=\"wp-block-paragraph\">\u200bDo outro, um grupo mais cauteloso teme dois cen\u00e1rios negativos:<\/p>\n\n\n\n<ol class=\"wp-block-list\">\n<li>\u200b<strong>Explora\u00e7\u00e3o jur\u00eddica:<\/strong> Que qualquer gesto ou imagem do desfile seja usado pela oposi\u00e7\u00e3o para alimentar processos de cassa\u00e7\u00e3o ou multas pesadas por propaganda irregular.<\/li>\n\n\n\n<li>\u200b<strong>O risco do &#8220;p\u00e9 frio&#8221;:<\/strong> Como a Acad\u00eamicos de Niter\u00f3i \u00e9 a primeira escola a desfilar e luta contra o rebaixamento, assessores temem que uma nota baixa ou uma falha t\u00e9cnica na avenida respingue na imagem do presidente.<\/li>\n<\/ol>\n\n\n\n<p class=\"wp-block-paragraph\">\u200bPara evitar maiores pol\u00eamicas, o Pal\u00e1cio do Planalto orientou que a maioria dos ministros evite a avenida, mantendo o evento com um car\u00e1ter mais &#8220;pessoal&#8221; do que institucional.<\/p>\n\n\n\n<blockquote class=\"wp-block-quote is-layout-flow wp-block-quote-is-layout-flow\">\n<p class=\"wp-block-paragraph\">\u200b<strong>Bastidores:<\/strong> O enredo da escola, intitulado &#8220;Eu vi brilhar a estrela de um pa\u00eds&#8221;, foca na inf\u00e2ncia de Lula em Garanhuns e na influ\u00eancia de sua m\u00e3e, Dona Lindu, al\u00e9m de passagens pela luta sindical e refer\u00eancias a figuras como Rubens Paiva e Zuzu Angel.<\/p>\n<\/blockquote>\n","protected":false},"excerpt":{"rendered":"<p>\u200bO presidente Luiz In\u00e1cio Lula da Silva desembarca no Rio de Janeiro neste domingo (15) para acompanhar de perto o desfile da Acad\u00eamicos de Niter\u00f3i, [&#8230;]<\/p>\n","protected":false},"author":1,"featured_media":3907,"comment_status":"open","ping_status":"open","sticky":false,"template":"","format":"standard","meta":{"_crdt_document":"","_jetpack_memberships_contains_paid_content":false,"footnotes":"","jetpack_publicize_message":"","jetpack_publicize_feature_enabled":true,"jetpack_social_post_already_shared":true,"jetpack_social_options":{"image_generator_settings":{"template":"highway","default_image_id":0,"font":"","enabled":false},"version":2}},"categories":[7],"tags":[],"class_list":["post-3906","post","type-post","status-publish","format-standard","has-post-thumbnail","hentry","category-politica"],"jetpack_publicize_connections":[],"jetpack_featured_media_url":"https:\/\/i0.wp.com\/oexpressobr.com.br\/wp-content\/uploads\/2026\/02\/17658243466940575a236ca_1765824346_3x2_xl.jpg?fit=1200%2C800&ssl=1","jetpack_likes_enabled":true,"jetpack_sharing_enabled":true,"_links":{"self":[{"href":"https:\/\/oexpressobr.com.br\/index.php?rest_route=\/wp\/v2\/posts\/3906","targetHints":{"allow":["GET"]}}],"collection":[{"href":"https:\/\/oexpressobr.com.br\/index.php?rest_route=\/wp\/v2\/posts"}],"about":[{"href":"https:\/\/oexpressobr.com.br\/index.php?rest_route=\/wp\/v2\/types\/post"}],"author":[{"embeddable":true,"href":"https:\/\/oexpressobr.com.br\/index.php?rest_route=\/wp\/v2\/users\/1"}],"replies":[{"embeddable":true,"href":"https:\/\/oexpressobr.com.br\/index.php?rest_route=%2Fwp%2Fv2%2Fcomments&post=3906"}],"version-history":[{"count":1,"href":"https:\/\/oexpressobr.com.br\/index.php?rest_route=\/wp\/v2\/posts\/3906\/revisions"}],"predecessor-version":[{"id":3908,"href":"https:\/\/oexpressobr.com.br\/index.php?rest_route=\/wp\/v2\/posts\/3906\/revisions\/3908"}],"wp:featuredmedia":[{"embeddable":true,"href":"https:\/\/oexpressobr.com.br\/index.php?rest_route=\/wp\/v2\/media\/3907"}],"wp:attachment":[{"href":"https:\/\/oexpressobr.com.br\/index.php?rest_route=%2Fwp%2Fv2%2Fmedia&parent=3906"}],"wp:term":[{"taxonomy":"category","embeddable":true,"href":"https:\/\/oexpressobr.com.br\/index.php?rest_route=%2Fwp%2Fv2%2Fcategories&post=3906"},{"taxonomy":"post_tag","embeddable":true,"href":"https:\/\/oexpressobr.com.br\/index.php?rest_route=%2Fwp%2Fv2%2Ftags&post=3906"}],"curies":[{"name":"wp","href":"https:\/\/api.w.org\/{rel}","templated":true}]}}