{"id":3915,"date":"2026-02-15T08:01:10","date_gmt":"2026-02-15T11:01:10","guid":{"rendered":"https:\/\/oexpressobr.com.br\/?p=3915"},"modified":"2026-02-15T08:01:11","modified_gmt":"2026-02-15T11:01:11","slug":"cuba-a-beira-do-colapso-falta-de-combustivel-e-apagoes-de-20-horas-levam-populacao-ao-limite-em-2026","status":"publish","type":"post","link":"https:\/\/oexpressobr.com.br\/?p=3915","title":{"rendered":"CUBA \u00e0 beira do colapso: falta de combust\u00edvel e apag\u00f5es de 20 horas levam popula\u00e7\u00e3o ao limite em 2026"},"content":{"rendered":"\n<p class=\"wp-block-paragraph\"><strong>HAVANA<\/strong> \u2013 O que era uma crise severa em 2024 transformou-se, em fevereiro de 2026, em um cen\u00e1rio de paralisia quase total na ilha de Cuba. Com o estoque de petr\u00f3leo estimado para apenas mais duas semanas e a rede el\u00e9trica em frangalhos, o governo de Miguel D\u00edaz-Canel decretou medidas de emerg\u00eancia que alteram drasticamente a rotina do pa\u00eds, enquanto a popula\u00e7\u00e3o recorre a m\u00e9todos de sobreviv\u00eancia do s\u00e9culo passado.<\/p>\n\n\n\n<h3 class=\"wp-block-heading\">\u200bO abismo energ\u00e9tico: &#8220;Cozinhamos para a vizinhan\u00e7a&#8221;<\/h3>\n\n\n\n<p class=\"wp-block-paragraph\">\u200bA frase que ecoa nos bairros de Havana e das prov\u00edncias do interior \u2014 <em>&#8220;Cozinhamos com carv\u00e3o e lenha para tr\u00eas fam\u00edlias&#8221;<\/em> \u2014 n\u00e3o \u00e9 apenas for\u00e7a de express\u00e3o, mas a realidade de uma rede el\u00e9trica que colapsa sistematicamente. Em muitas regi\u00f5es, os apag\u00f5es agora superam as 15 a 20 horas di\u00e1rias.<\/p>\n\n\n\n<p class=\"wp-block-paragraph\">\u200bA escassez de querosene e g\u00e1s liquefeito for\u00e7ou o surgimento de um mercado informal de carv\u00e3o vegetal e fogareiros artesanais \u00e0 beira das estradas. Fam\u00edlias se unem para otimizar o pouco calor dispon\u00edvel, cozinhando em grandes caldeir\u00f5es para alimentar vizinhos e parentes, revivendo o esp\u00edrito de subsist\u00eancia do &#8220;Per\u00edodo Especial&#8221; dos anos 90, mas sob condi\u00e7\u00f5es tecnol\u00f3gicas ainda mais prec\u00e1rias.<\/p>\n\n\n\n<h3 class=\"wp-block-heading\">\u200bAs causas: Press\u00e3o externa e colapso de aliados<\/h3>\n\n\n\n<p class=\"wp-block-paragraph\">\u200bA gravidade do momento atual (fevereiro de 2026) \u00e9 alimentada por uma &#8220;tempestade perfeita&#8221; de fatores geopol\u00edticos:<\/p>\n\n\n\n<ul class=\"wp-block-list\">\n<li>\u200b<strong>Fim do petr\u00f3leo venezuelano:<\/strong> Ap\u00f3s mudan\u00e7as pol\u00edticas dr\u00e1sticas na Venezuela e a pris\u00e3o de figuras do alto escal\u00e3o em Caracas, o fornecimento de petr\u00f3leo subsidiado, que era o pulm\u00e3o de Cuba, foi interrompido.<\/li>\n\n\n\n<li>\u200b<strong>A &#8220;Asfixia&#8221; de Washington:<\/strong> O governo de Donald Trump intensificou o bloqueio, emitindo ordens executivas que amea\u00e7am com tarifas pesadas qualquer pa\u00eds (como M\u00e9xico ou R\u00fassia) que forne\u00e7a petr\u00f3leo \u00e0 ilha.<\/li>\n\n\n\n<li>\u200b<strong>Infraestrutura obsoleta:<\/strong> Menos de 5% da matriz energ\u00e9tica cubana vem de fontes renov\u00e1veis. As usinas termoel\u00e9tricas, dependentes de combust\u00edveis f\u00f3sseis, operam muito al\u00e9m de sua vida \u00fatil e sem pe\u00e7as de reposi\u00e7\u00e3o.<\/li>\n<\/ul>\n\n\n\n<h3 class=\"wp-block-heading\">\u200bImpacto nos c\u00e9us e no turismo<\/h3>\n\n\n\n<p class=\"wp-block-paragraph\">\u200bA crise atingiu um novo patamar na \u00faltima semana, quando as autoridades cubanas emitiram um aviso internacional (NOTAM) informando que o pa\u00eds n\u00e3o possui mais combust\u00edvel para abastecer aeronaves comerciais (Jet A-1).<\/p>\n\n\n\n<ul class=\"wp-block-list\">\n<li>\u200b<strong>Voos cancelados:<\/strong> Companhias a\u00e9reas internacionais agora s\u00e3o obrigadas a realizar escalas t\u00e9cnicas em outros pa\u00edses do Caribe apenas para reabastecer e conseguir retornar aos seus destinos.<\/li>\n\n\n\n<li>\u200b<strong>Hot\u00e9is no escuro:<\/strong> O turismo, principal fonte de divisas, est\u00e1 em xeque. Hot\u00e9is de luxo em Varadero e Havana est\u00e3o operando com geradores limitados, e governos como o do Canad\u00e1 j\u00e1 emitiram alertas para que seus cidad\u00e3os evitem viagens n\u00e3o essenciais \u00e0 ilha.<\/li>\n<\/ul>\n\n\n\n<h3 class=\"wp-block-heading\">\u200bMedidas de emerg\u00eancia e o futuro incerto<\/h3>\n\n\n\n<p class=\"wp-block-paragraph\">\u200bO governo cubano anunciou a suspens\u00e3o de servi\u00e7os n\u00e3o essenciais e a implementa\u00e7\u00e3o da semana de trabalho de quatro dias para reduzir o consumo de energia. O combust\u00edvel restante est\u00e1 sendo priorizado estritamente para hospitais, servi\u00e7os de \u00e1gua e defesa.<\/p>\n\n\n\n<p class=\"wp-block-paragraph\">\u200bEnquanto o M\u00e9xico envia ajuda humanit\u00e1ria em forma de alimentos e produtos de higiene para tentar aliviar o descontentamento social, a ONU alerta para um &#8220;colapso humanit\u00e1rio iminente&#8221;. Sem uma solu\u00e7\u00e3o diplom\u00e1tica ou uma nova fonte de energia a curto prazo, 2026 desenha-se como o ano em que Cuba enfrenta seu desafio mais existencial desde a revolu\u00e7\u00e3o de 1959.<\/p>\n","protected":false},"excerpt":{"rendered":"<p>HAVANA \u2013 O que era uma crise severa em 2024 transformou-se, em fevereiro de 2026, em um cen\u00e1rio de paralisia quase total na ilha de [&#8230;]<\/p>\n","protected":false},"author":1,"featured_media":3916,"comment_status":"open","ping_status":"open","sticky":false,"template":"","format":"standard","meta":{"_crdt_document":"","_jetpack_memberships_contains_paid_content":false,"footnotes":"","jetpack_publicize_message":"","jetpack_publicize_feature_enabled":true,"jetpack_social_post_already_shared":true,"jetpack_social_options":{"image_generator_settings":{"template":"highway","default_image_id":0,"font":"","enabled":false},"version":2}},"categories":[15],"tags":[],"class_list":["post-3915","post","type-post","status-publish","format-standard","has-post-thumbnail","hentry","category-internacional"],"jetpack_publicize_connections":[],"jetpack_featured_media_url":"https:\/\/i0.wp.com\/oexpressobr.com.br\/wp-content\/uploads\/2026\/02\/884e1eb0-05d5-11f1-a351-bb43301b14c5.jpg.webp?fit=800%2C450&ssl=1","jetpack_likes_enabled":true,"jetpack_sharing_enabled":true,"_links":{"self":[{"href":"https:\/\/oexpressobr.com.br\/index.php?rest_route=\/wp\/v2\/posts\/3915","targetHints":{"allow":["GET"]}}],"collection":[{"href":"https:\/\/oexpressobr.com.br\/index.php?rest_route=\/wp\/v2\/posts"}],"about":[{"href":"https:\/\/oexpressobr.com.br\/index.php?rest_route=\/wp\/v2\/types\/post"}],"author":[{"embeddable":true,"href":"https:\/\/oexpressobr.com.br\/index.php?rest_route=\/wp\/v2\/users\/1"}],"replies":[{"embeddable":true,"href":"https:\/\/oexpressobr.com.br\/index.php?rest_route=%2Fwp%2Fv2%2Fcomments&post=3915"}],"version-history":[{"count":1,"href":"https:\/\/oexpressobr.com.br\/index.php?rest_route=\/wp\/v2\/posts\/3915\/revisions"}],"predecessor-version":[{"id":3917,"href":"https:\/\/oexpressobr.com.br\/index.php?rest_route=\/wp\/v2\/posts\/3915\/revisions\/3917"}],"wp:featuredmedia":[{"embeddable":true,"href":"https:\/\/oexpressobr.com.br\/index.php?rest_route=\/wp\/v2\/media\/3916"}],"wp:attachment":[{"href":"https:\/\/oexpressobr.com.br\/index.php?rest_route=%2Fwp%2Fv2%2Fmedia&parent=3915"}],"wp:term":[{"taxonomy":"category","embeddable":true,"href":"https:\/\/oexpressobr.com.br\/index.php?rest_route=%2Fwp%2Fv2%2Fcategories&post=3915"},{"taxonomy":"post_tag","embeddable":true,"href":"https:\/\/oexpressobr.com.br\/index.php?rest_route=%2Fwp%2Fv2%2Ftags&post=3915"}],"curies":[{"name":"wp","href":"https:\/\/api.w.org\/{rel}","templated":true}]}}