{"id":3921,"date":"2026-02-15T08:10:02","date_gmt":"2026-02-15T11:10:02","guid":{"rendered":"https:\/\/oexpressobr.com.br\/?p=3921"},"modified":"2026-02-15T08:10:04","modified_gmt":"2026-02-15T11:10:04","slug":"carro-alegorico-da-uniao-de-marica-atropela-quatro-pessoas-na-sapucai-e-funcionario-sofre-fratura-grave","status":"publish","type":"post","link":"https:\/\/oexpressobr.com.br\/?p=3921","title":{"rendered":"Carro aleg\u00f3rico da Uni\u00e3o de Maric\u00e1 atropela quatro pessoas na Sapuca\u00ed e funcion\u00e1rio sofre fratura grave"},"content":{"rendered":"\n<p class=\"wp-block-paragraph\">\u200bA segunda noite de desfiles da <strong>S\u00e9rie Ouro<\/strong> no Rio de Janeiro foi marcada por um grave acidente na madrugada deste domingo, 15 de fevereiro de 2026. O \u00faltimo carro aleg\u00f3rico da <strong>Uni\u00e3o de Maric\u00e1<\/strong> perdeu o controle durante a manobra de dispers\u00e3o, na altura da Apoteose, e prensou quatro pessoas contra a grade de prote\u00e7\u00e3o lateral.<\/p>\n\n\n\n<h3 class=\"wp-block-heading\">\u200bDetalhes do Acidente e V\u00edtimas<\/h3>\n\n\n\n<p class=\"wp-block-paragraph\">\u200bO incidente ocorreu quando a escola acelerava o passo para evitar estourar o tempo regulamentar. Segundo relatos e informa\u00e7\u00f5es da <strong>Secretaria Municipal de Sa\u00fade (SMS)<\/strong>, o ve\u00edculo teve dificuldades t\u00e9cnicas e, ao tentar realizar a curva para sair da avenida, atingiu os pedestres que estavam na lateral direita.<\/p>\n\n\n\n<ul class=\"wp-block-list\">\n<li>\u200b<strong>Itamar de Oliveira:<\/strong> Funcion\u00e1rio da equipe de apoio da agremia\u00e7\u00e3o, foi o ferido mais grave. Ele sofreu uma <strong>fratura exposta na perna direita<\/strong>. Ap\u00f3s ser estabilizado no posto m\u00e9dico do Samb\u00f3dromo, foi transferido para o <strong>Hospital Municipal Souza Aguiar<\/strong>, onde passar\u00e1 por cirurgia.<\/li>\n\n\n\n<li>\u200b<strong>Outras v\u00edtimas:<\/strong> Tr\u00eas homens sofreram ferimentos leves. Dois deles foram atendidos e liberados ainda no local, enquanto o terceiro foi encaminhado ao <strong>Hospital Municipal Miguel Couto<\/strong> para exames complementares.<\/li>\n<\/ul>\n\n\n\n<h3 class=\"wp-block-heading\">\u200bCrise na Avenida<\/h3>\n\n\n\n<p class=\"wp-block-paragraph\">\u200bO desfile da Uni\u00e3o de Maric\u00e1 j\u00e1 enfrentava momentos de tens\u00e3o antes do atropelamento. A segunda alegoria da escola registrou um <strong>princ\u00edpio de inc\u00eandio<\/strong> tamb\u00e9m na \u00e1rea de dispers\u00e3o, o que gerou correria. Al\u00e9m disso, o carro envolvido no acidente atravessou a Sapuca\u00ed com as luzes apagadas devido a uma falha el\u00e9trica, o que deve gerar puni\u00e7\u00f5es severas na apura\u00e7\u00e3o dos jurados.<\/p>\n\n\n\n<blockquote class=\"wp-block-quote is-layout-flow wp-block-quote-is-layout-flow\">\n<p class=\"wp-block-paragraph\">\u200b&#8221;A Uni\u00e3o de Maric\u00e1 manifesta sua solidariedade ao Sr. Itamar de Oliveira e seus familiares. Neste momento, nada \u00e9 mais importante do que a sa\u00fade e o pleno restabelecimento do envolvido&#8221;, afirmou a escola em nota oficial.<\/p>\n<\/blockquote>\n\n\n\n<h3 class=\"wp-block-heading\">\u200bHist\u00f3rico e Seguran\u00e7a<\/h3>\n\n\n\n<p class=\"wp-block-paragraph\">\u200bEste \u00e9 o terceiro acidente grave envolvendo carros aleg\u00f3ricos na \u00faltima d\u00e9cada na Sapuca\u00ed, somando-se aos epis\u00f3dios de 2017 (Para\u00edso do Tuiuti) e 2022 (Em Cima da Hora). Apesar da gravidade, os desfiles n\u00e3o foram interrompidos e as demais agremia\u00e7\u00f5es seguiram com suas apresenta\u00e7\u00f5es.<\/p>\n","protected":false},"excerpt":{"rendered":"<p>\u200bA segunda noite de desfiles da S\u00e9rie Ouro no Rio de Janeiro foi marcada por um grave acidente na madrugada deste domingo, 15 de fevereiro [&#8230;]<\/p>\n","protected":false},"author":1,"featured_media":3922,"comment_status":"open","ping_status":"open","sticky":false,"template":"","format":"standard","meta":{"_crdt_document":"","_jetpack_memberships_contains_paid_content":false,"footnotes":"","jetpack_publicize_message":"","jetpack_publicize_feature_enabled":true,"jetpack_social_post_already_shared":true,"jetpack_social_options":{"image_generator_settings":{"template":"highway","default_image_id":0,"font":"","enabled":false},"version":2}},"categories":[3],"tags":[],"class_list":["post-3921","post","type-post","status-publish","format-standard","has-post-thumbnail","hentry","category-brasil"],"jetpack_publicize_connections":[],"jetpack_featured_media_url":"https:\/\/i0.wp.com\/oexpressobr.com.br\/wp-content\/uploads\/2026\/02\/IMG-20260215-WA0108.jpg?fit=984%2C436&ssl=1","jetpack_likes_enabled":true,"jetpack_sharing_enabled":true,"_links":{"self":[{"href":"https:\/\/oexpressobr.com.br\/index.php?rest_route=\/wp\/v2\/posts\/3921","targetHints":{"allow":["GET"]}}],"collection":[{"href":"https:\/\/oexpressobr.com.br\/index.php?rest_route=\/wp\/v2\/posts"}],"about":[{"href":"https:\/\/oexpressobr.com.br\/index.php?rest_route=\/wp\/v2\/types\/post"}],"author":[{"embeddable":true,"href":"https:\/\/oexpressobr.com.br\/index.php?rest_route=\/wp\/v2\/users\/1"}],"replies":[{"embeddable":true,"href":"https:\/\/oexpressobr.com.br\/index.php?rest_route=%2Fwp%2Fv2%2Fcomments&post=3921"}],"version-history":[{"count":1,"href":"https:\/\/oexpressobr.com.br\/index.php?rest_route=\/wp\/v2\/posts\/3921\/revisions"}],"predecessor-version":[{"id":3923,"href":"https:\/\/oexpressobr.com.br\/index.php?rest_route=\/wp\/v2\/posts\/3921\/revisions\/3923"}],"wp:featuredmedia":[{"embeddable":true,"href":"https:\/\/oexpressobr.com.br\/index.php?rest_route=\/wp\/v2\/media\/3922"}],"wp:attachment":[{"href":"https:\/\/oexpressobr.com.br\/index.php?rest_route=%2Fwp%2Fv2%2Fmedia&parent=3921"}],"wp:term":[{"taxonomy":"category","embeddable":true,"href":"https:\/\/oexpressobr.com.br\/index.php?rest_route=%2Fwp%2Fv2%2Fcategories&post=3921"},{"taxonomy":"post_tag","embeddable":true,"href":"https:\/\/oexpressobr.com.br\/index.php?rest_route=%2Fwp%2Fv2%2Ftags&post=3921"}],"curies":[{"name":"wp","href":"https:\/\/api.w.org\/{rel}","templated":true}]}}