{"id":3946,"date":"2026-02-16T05:48:50","date_gmt":"2026-02-16T08:48:50","guid":{"rendered":"https:\/\/oexpressobr.com.br\/?p=3946"},"modified":"2026-02-16T05:48:51","modified_gmt":"2026-02-16T08:48:51","slug":"receita-federal-rastreia-acessos-a-dados-de-ministros-do-stf-e-100-familiares-por-ordem-de-moraes","status":"publish","type":"post","link":"https:\/\/oexpressobr.com.br\/?p=3946","title":{"rendered":"Receita Federal rastreia acessos a dados de ministros do STF e 100 familiares por ordem de Moraes"},"content":{"rendered":"\n<p class=\"wp-block-paragraph\">A <strong>Receita Federal<\/strong> deu in\u00edcio a um amplo rastreamento interno para identificar poss\u00edveis acessos indevidos e quebras de sigilo fiscal envolvendo os 11 ministros do <strong>Supremo Tribunal Federal (STF)<\/strong> e cerca de 100 de seus familiares. A determina\u00e7\u00e3o partiu do ministro <strong>Alexandre de Moraes<\/strong>, no \u00e2mbito do Inqu\u00e9rito das Fake News, ap\u00f3s a divulga\u00e7\u00e3o de reportagens que ligariam parentes de magistrados a investiga\u00e7\u00f5es sobre o <strong>Banco Master<\/strong>.<\/p>\n\n\n\n<h3 class=\"wp-block-heading\">\u200bDetalhes da investiga\u00e7\u00e3o<\/h3>\n\n\n\n<p class=\"wp-block-paragraph\">\u200bO procedimento \u00e9 considerado complexo e de larga escala. De acordo com informa\u00e7\u00f5es obtidas junto ao \u00f3rg\u00e3o e ao tribunal:<\/p>\n\n\n\n<ul class=\"wp-block-list\">\n<li>\u200b<strong>Abrang\u00eancia:<\/strong> A lista de monitoramento inclui pais, filhos, irm\u00e3os e c\u00f4njuges dos ministros.<\/li>\n\n\n\n<li>\u200b<strong>Volume de dados:<\/strong> Auditores fiscais estimam a necessidade de realizar aproximadamente <strong>8 mil procedimentos de checagem<\/strong>.<\/li>\n\n\n\n<li>\u200b<strong>Sistemas:<\/strong> O rastreamento percorre cerca de <strong>80 sistemas diferentes<\/strong> da Receita Federal e do Coaf (Conselho de Controle de Atividades Financeiras) para verificar quem acessou os dados, em que data e sob qual justificativa.<\/li>\n<\/ul>\n\n\n\n<h3 class=\"wp-block-heading\">\u200bO Outro Lado: Sigilo e Justificativa<\/h3>\n\n\n\n<p class=\"wp-block-paragraph\">\u200bEm nota, a Receita Federal afirmou que n\u00e3o pode detalhar o andamento dos trabalhos, pois o processo corre sob <strong>sigilo de Justi\u00e7a<\/strong>. O \u00f3rg\u00e3o reiterou que &#8220;apenas o STF pode autorizar a divulga\u00e7\u00e3o de informa\u00e7\u00f5es&#8221; sobre o caso.<\/p>\n\n\n\n<p class=\"wp-block-paragraph\">\u200bO gabinete do ministro Alexandre de Moraes n\u00e3o se manifestou oficialmente. Nos bastidores, a medida \u00e9 vista como uma rea\u00e7\u00e3o a supostos vazamentos seletivos que teriam o objetivo de emparedar integrantes da Corte. Recentemente, o Banco Master foi alvo de opera\u00e7\u00f5es da Pol\u00edcia Federal por suspeitas de fraude, e a cita\u00e7\u00e3o de nomes de familiares de ministros em contratos com a institui\u00e7\u00e3o financeira elevou a tens\u00e3o na Pra\u00e7a dos Tr\u00eas Poderes.<\/p>\n\n\n\n<h3 class=\"wp-block-heading\">\u200bContexto: O Inqu\u00e9rito das Fake News<\/h3>\n\n\n\n<p class=\"wp-block-paragraph\">\u200bA utiliza\u00e7\u00e3o do Inqu\u00e9rito 4.781 (Fake News) para este fim levanta discuss\u00f5es jur\u00eddicas, uma vez que o procedimento foi aberto de of\u00edcio em 2019 e tem servido de &#8220;guarda-chuva&#8221; para diversas frentes de investiga\u00e7\u00e3o que envolvem a seguran\u00e7a e a honorabilidade dos ministros do Supremo.<\/p>\n\n\n\n<p class=\"wp-block-paragraph\">A Pol\u00edcia Federal, embora atue em frentes paralelas sobre o sistema financeiro, n\u00e3o participa diretamente desta verifica\u00e7\u00e3o interna conduzida pelos auditores do Fisco.<\/p>\n","protected":false},"excerpt":{"rendered":"<p>A Receita Federal deu in\u00edcio a um amplo rastreamento interno para identificar poss\u00edveis acessos indevidos e quebras de sigilo fiscal envolvendo os 11 ministros do [&#8230;]<\/p>\n","protected":false},"author":1,"featured_media":3947,"comment_status":"open","ping_status":"open","sticky":false,"template":"","format":"standard","meta":{"_crdt_document":"","_jetpack_memberships_contains_paid_content":false,"footnotes":"","jetpack_publicize_message":"","jetpack_publicize_feature_enabled":true,"jetpack_social_post_already_shared":true,"jetpack_social_options":{"image_generator_settings":{"template":"highway","default_image_id":0,"font":"","enabled":false},"version":2}},"categories":[9],"tags":[],"class_list":["post-3946","post","type-post","status-publish","format-standard","has-post-thumbnail","hentry","category-policia"],"jetpack_publicize_connections":[],"jetpack_featured_media_url":"https:\/\/i0.wp.com\/oexpressobr.com.br\/wp-content\/uploads\/2026\/02\/177118366869921e3433c09_1771183668_3x2_xl.jpg?fit=1200%2C800&ssl=1","jetpack_likes_enabled":true,"jetpack_sharing_enabled":true,"_links":{"self":[{"href":"https:\/\/oexpressobr.com.br\/index.php?rest_route=\/wp\/v2\/posts\/3946","targetHints":{"allow":["GET"]}}],"collection":[{"href":"https:\/\/oexpressobr.com.br\/index.php?rest_route=\/wp\/v2\/posts"}],"about":[{"href":"https:\/\/oexpressobr.com.br\/index.php?rest_route=\/wp\/v2\/types\/post"}],"author":[{"embeddable":true,"href":"https:\/\/oexpressobr.com.br\/index.php?rest_route=\/wp\/v2\/users\/1"}],"replies":[{"embeddable":true,"href":"https:\/\/oexpressobr.com.br\/index.php?rest_route=%2Fwp%2Fv2%2Fcomments&post=3946"}],"version-history":[{"count":1,"href":"https:\/\/oexpressobr.com.br\/index.php?rest_route=\/wp\/v2\/posts\/3946\/revisions"}],"predecessor-version":[{"id":3948,"href":"https:\/\/oexpressobr.com.br\/index.php?rest_route=\/wp\/v2\/posts\/3946\/revisions\/3948"}],"wp:featuredmedia":[{"embeddable":true,"href":"https:\/\/oexpressobr.com.br\/index.php?rest_route=\/wp\/v2\/media\/3947"}],"wp:attachment":[{"href":"https:\/\/oexpressobr.com.br\/index.php?rest_route=%2Fwp%2Fv2%2Fmedia&parent=3946"}],"wp:term":[{"taxonomy":"category","embeddable":true,"href":"https:\/\/oexpressobr.com.br\/index.php?rest_route=%2Fwp%2Fv2%2Fcategories&post=3946"},{"taxonomy":"post_tag","embeddable":true,"href":"https:\/\/oexpressobr.com.br\/index.php?rest_route=%2Fwp%2Fv2%2Ftags&post=3946"}],"curies":[{"name":"wp","href":"https:\/\/api.w.org\/{rel}","templated":true}]}}