{"id":3949,"date":"2026-02-16T05:54:35","date_gmt":"2026-02-16T08:54:35","guid":{"rendered":"https:\/\/oexpressobr.com.br\/?p=3949"},"modified":"2026-02-16T05:54:37","modified_gmt":"2026-02-16T08:54:37","slug":"steve-bannon-e-jeffrey-epstein-articularam-ofensiva-para-derrubar-papa-francisco-revelam-novos-documentos","status":"publish","type":"post","link":"https:\/\/oexpressobr.com.br\/?p=3949","title":{"rendered":"Steve Bannon e Jeffrey Epstein articularam ofensiva para &#8220;derrubar&#8221; papa Francisco, revelam novos documentos"},"content":{"rendered":"\n<p class=\"wp-block-paragraph\"><strong>Vaticano era visto como alvo geoestrat\u00e9gico por ex-conselheiro de Trump e pelo financista; mensagens detalham plano de filme para expor a Igreja.<\/strong><\/p>\n\n\n\n<p class=\"wp-block-paragraph\">\u200b<strong>CIDADE DO VATICANO<\/strong> \u2013 Novos documentos divulgados pelo Departamento de Justi\u00e7a dos Estados Unidos revelam uma alian\u00e7a surpreendente e sombria entre o ex-estrategista da Casa Branca, <strong>Steve Bannon<\/strong>, e o falecido criminoso sexual <strong>Jeffrey Epstein<\/strong>. As mensagens, datadas de 2019 e publicadas neste m\u00eas de fevereiro de 2026, mostram que a dupla planejava uma ofensiva direta contra o <strong>papa Francisco<\/strong>, a quem Bannon via como um obst\u00e1culo pol\u00edtico \u00e0 sua agenda nacionalista-populista.<\/p>\n\n\n\n<h3 class=\"wp-block-heading\">\u200bO plano do &#8220;document\u00e1rio de ataque&#8221;<\/h3>\n\n\n\n<p class=\"wp-block-paragraph\">\u200bDe acordo com os registros, Bannon prop\u00f4s a Epstein que ele fosse o produtor executivo de uma adapta\u00e7\u00e3o cinematogr\u00e1fica do livro <em>&#8220;No Arm\u00e1rio do Vaticano&#8221;<\/em>, do jornalista franc\u00eas Fr\u00e9d\u00e9ric Martel. A obra aborda a cultura de segredo e a homossexualidade na Santa S\u00e9.<\/p>\n\n\n\n<ul class=\"wp-block-list\">\n<li>\u200b<strong>A frase de impacto:<\/strong> Em uma mensagem de junho de 2019, Bannon foi direto ao ponto: <strong>\u201cVai derrubar Francisco\u201d<\/strong>, escreveu ele, colocando o pont\u00edfice no mesmo patamar de rivais geopol\u00edticos como os Clinton, Xi Jinping e a Uni\u00e3o Europeia.<\/li>\n\n\n\n<li>\u200b<strong>A resposta de Epstein:<\/strong> Embora os documentos mostrem que Epstein compartilhava artigos cr\u00edticos ao papa e mantinha interesse no projeto, o filme nunca saiu do papel. Epstein morreu na pris\u00e3o em agosto de 2019.<\/li>\n<\/ul>\n\n\n\n<h3 class=\"wp-block-heading\">\u200bPor que o papa Francisco?<\/h3>\n\n\n\n<p class=\"wp-block-paragraph\">\u200bPara Bannon, o pont\u00edfice \u2014 que faleceu em 2025 \u2014 representava o contraponto perfeito ao &#8220;Trumpismo&#8221;. A defesa enf\u00e1tica de Francisco aos migrantes, suas cr\u00edticas ao nacionalismo exacerbado e sua abertura a quest\u00f5es ambientais e sociais eram vistas por Bannon como uma amea\u00e7a \u00e0 coaliz\u00e3o conservadora global que ele tentava construir.<\/p>\n\n\n\n<blockquote class=\"wp-block-quote is-layout-flow wp-block-quote-is-layout-flow\">\n<p class=\"wp-block-paragraph\">\u200b&#8221;A escolha \u00e9 f\u00e1cil&#8221;, respondeu Bannon a um artigo enviado por Epstein que perguntava se os cat\u00f3licos deveriam escolher entre o papa ou o estrategista pol\u00edtico.<\/p>\n<\/blockquote>\n\n\n\n<h3 class=\"wp-block-heading\">\u200bDesdobramentos recentes<\/h3>\n\n\n\n<p class=\"wp-block-paragraph\">\u200bO impacto dessas revela\u00e7\u00f5es em 2026 tem sido profundo. O autor do livro, Fr\u00e9d\u00e9ric Martel, confirmou recentemente a ve\u00edculos internacionais que se reuniu com Bannon em Paris, mas negou qualquer envolvimento financeiro ou contratual com ele ou Epstein, afirmando que Bannon queria apenas &#8220;instrumentalizar&#8221; seu trabalho para fins pol\u00edticos.<\/p>\n\n\n\n<p class=\"wp-block-paragraph\">\u200bDentro do Vaticano, o Monsenhor Antonio Spadaro comentou que as mensagens revelam uma tentativa de <strong>&#8220;transformar a f\u00e9 em arma&#8221;<\/strong>, fundindo autoridade espiritual com poder pol\u00edtico estrat\u00e9gico.<\/p>\n\n\n\n<p class=\"wp-block-paragraph\">At\u00e9 o momento, Steve Bannon, que enfrenta seus pr\u00f3prios desafios legais nos EUA, n\u00e3o comentou oficialmente o teor das novas mensagens.<\/p>\n","protected":false},"excerpt":{"rendered":"<p>Vaticano era visto como alvo geoestrat\u00e9gico por ex-conselheiro de Trump e pelo financista; mensagens detalham plano de filme para expor a Igreja. \u200bCIDADE DO VATICANO [&#8230;]<\/p>\n","protected":false},"author":1,"featured_media":3950,"comment_status":"open","ping_status":"open","sticky":false,"template":"","format":"standard","meta":{"_crdt_document":"","_jetpack_memberships_contains_paid_content":false,"footnotes":"","jetpack_publicize_message":"","jetpack_publicize_feature_enabled":true,"jetpack_social_post_already_shared":true,"jetpack_social_options":{"image_generator_settings":{"template":"highway","default_image_id":0,"font":"","enabled":false},"version":2}},"categories":[15],"tags":[],"class_list":["post-3949","post","type-post","status-publish","format-standard","has-post-thumbnail","hentry","category-internacional"],"jetpack_publicize_connections":[],"jetpack_featured_media_url":"https:\/\/i0.wp.com\/oexpressobr.com.br\/wp-content\/uploads\/2026\/02\/17711811556992146321f9b_1771181155_3x2_xl.jpg?fit=1200%2C800&ssl=1","jetpack_likes_enabled":true,"jetpack_sharing_enabled":true,"_links":{"self":[{"href":"https:\/\/oexpressobr.com.br\/index.php?rest_route=\/wp\/v2\/posts\/3949","targetHints":{"allow":["GET"]}}],"collection":[{"href":"https:\/\/oexpressobr.com.br\/index.php?rest_route=\/wp\/v2\/posts"}],"about":[{"href":"https:\/\/oexpressobr.com.br\/index.php?rest_route=\/wp\/v2\/types\/post"}],"author":[{"embeddable":true,"href":"https:\/\/oexpressobr.com.br\/index.php?rest_route=\/wp\/v2\/users\/1"}],"replies":[{"embeddable":true,"href":"https:\/\/oexpressobr.com.br\/index.php?rest_route=%2Fwp%2Fv2%2Fcomments&post=3949"}],"version-history":[{"count":1,"href":"https:\/\/oexpressobr.com.br\/index.php?rest_route=\/wp\/v2\/posts\/3949\/revisions"}],"predecessor-version":[{"id":3951,"href":"https:\/\/oexpressobr.com.br\/index.php?rest_route=\/wp\/v2\/posts\/3949\/revisions\/3951"}],"wp:featuredmedia":[{"embeddable":true,"href":"https:\/\/oexpressobr.com.br\/index.php?rest_route=\/wp\/v2\/media\/3950"}],"wp:attachment":[{"href":"https:\/\/oexpressobr.com.br\/index.php?rest_route=%2Fwp%2Fv2%2Fmedia&parent=3949"}],"wp:term":[{"taxonomy":"category","embeddable":true,"href":"https:\/\/oexpressobr.com.br\/index.php?rest_route=%2Fwp%2Fv2%2Fcategories&post=3949"},{"taxonomy":"post_tag","embeddable":true,"href":"https:\/\/oexpressobr.com.br\/index.php?rest_route=%2Fwp%2Fv2%2Ftags&post=3949"}],"curies":[{"name":"wp","href":"https:\/\/api.w.org\/{rel}","templated":true}]}}