{"id":3952,"date":"2026-02-16T05:59:06","date_gmt":"2026-02-16T08:59:06","guid":{"rendered":"https:\/\/oexpressobr.com.br\/?p=3952"},"modified":"2026-02-16T05:59:08","modified_gmt":"2026-02-16T08:59:08","slug":"homem-e-preso-por-importunacao-sexual-contra-atendentes-de-tenda-de-apoio-no-carnaval-de-sp","status":"publish","type":"post","link":"https:\/\/oexpressobr.com.br\/?p=3952","title":{"rendered":"Homem \u00e9 preso por importuna\u00e7\u00e3o sexual contra atendentes de tenda de apoio no Carnaval de SP"},"content":{"rendered":"\n<p class=\"wp-block-paragraph\">\u200bO Carnaval de S\u00e3o Paulo, marcado pela festa e pelo refor\u00e7o na seguran\u00e7a feminina, registrou um epis\u00f3dio de viol\u00eancia justamente em um dos pontos de acolhimento. Um homem, cuja identidade foi preservada pelas autoridades, foi detido em flagrante ap\u00f3s assediar funcion\u00e1rias que trabalhavam em uma tenda de apoio a mulheres.<\/p>\n\n\n\n<h3 class=\"wp-block-heading\">\u200bO ocorrido<\/h3>\n\n\n\n<p class=\"wp-block-paragraph\">\u200bAs v\u00edtimas realizavam a distribui\u00e7\u00e3o de adesivos informativos e prestavam orienta\u00e7\u00f5es de seguran\u00e7a quando foram abordadas pelo suspeito. Segundo relatos iniciais, o homem apresentava sinais vis\u00edveis de embriaguez e teria proferido falas ofensivas e realizado gestos de cunho sexual contra as trabalhadoras.<\/p>\n\n\n\n<p class=\"wp-block-paragraph\">\u200bA equipe de seguran\u00e7a privada do evento e a Pol\u00edcia Militar agiram rapidamente, efetuando a pris\u00e3o do indiv\u00edduo no local. O caso foi encaminhado \u00e0 <strong>Pol\u00edcia Civil<\/strong>, que conduz a investiga\u00e7\u00e3o sob a tipifica\u00e7\u00e3o de importuna\u00e7\u00e3o sexual.<\/p>\n\n\n\n<h3 class=\"wp-block-heading\">\u200bContexto e seguran\u00e7a na folia<\/h3>\n\n\n\n<p class=\"wp-block-paragraph\">\u200bA prefeitura de S\u00e3o Paulo e o Governo do Estado ampliaram, em 2026, a rede de prote\u00e7\u00e3o durante os blocos de rua. As tendas de apoio, como a onde ocorreu o crime, servem como &#8220;portos seguros&#8221; para den\u00fancias e acolhimento psicol\u00f3gico.<\/p>\n\n\n\n<ul class=\"wp-block-list\">\n<li>\u200b<strong>Protocolo N\u00e3o se Cale:<\/strong> A legisla\u00e7\u00e3o paulista obriga estabelecimentos e eventos a auxiliarem mulheres em situa\u00e7\u00e3o de risco.<\/li>\n\n\n\n<li>\u200b<strong>Pena:<\/strong> O crime de importuna\u00e7\u00e3o sexual (Lei 13.718\/18) prev\u00ea reclus\u00e3o de 1 a 5 anos.<\/li>\n\n\n\n<li>\u200b<strong>190:<\/strong> Pol\u00edcia Militar (Emerg\u00eancias).<\/li>\n\n\n\n<li>\u200b<strong>180:<\/strong> Central de Atendimento \u00e0 Mulher.<\/li>\n\n\n\n<li>\u200b<strong>Delegacias da Mulher (DDM):<\/strong> Atendimento especializado 24 horas.<\/li>\n<\/ul>\n","protected":false},"excerpt":{"rendered":"<p>\u200bO Carnaval de S\u00e3o Paulo, marcado pela festa e pelo refor\u00e7o na seguran\u00e7a feminina, registrou um epis\u00f3dio de viol\u00eancia justamente em um dos pontos de [&#8230;]<\/p>\n","protected":false},"author":1,"featured_media":3953,"comment_status":"open","ping_status":"open","sticky":false,"template":"","format":"standard","meta":{"_crdt_document":"","_jetpack_memberships_contains_paid_content":false,"footnotes":"","jetpack_publicize_message":"","jetpack_publicize_feature_enabled":true,"jetpack_social_post_already_shared":true,"jetpack_social_options":{"image_generator_settings":{"template":"highway","default_image_id":0,"font":"","enabled":false},"version":2}},"categories":[9],"tags":[],"class_list":["post-3952","post","type-post","status-publish","format-standard","has-post-thumbnail","hentry","category-policia"],"jetpack_publicize_connections":[],"jetpack_featured_media_url":"https:\/\/i0.wp.com\/oexpressobr.com.br\/wp-content\/uploads\/2026\/02\/171089081965fa1f43a5922_1710890819_3x2_xl.jpg?fit=1200%2C800&ssl=1","jetpack_likes_enabled":true,"jetpack_sharing_enabled":true,"_links":{"self":[{"href":"https:\/\/oexpressobr.com.br\/index.php?rest_route=\/wp\/v2\/posts\/3952","targetHints":{"allow":["GET"]}}],"collection":[{"href":"https:\/\/oexpressobr.com.br\/index.php?rest_route=\/wp\/v2\/posts"}],"about":[{"href":"https:\/\/oexpressobr.com.br\/index.php?rest_route=\/wp\/v2\/types\/post"}],"author":[{"embeddable":true,"href":"https:\/\/oexpressobr.com.br\/index.php?rest_route=\/wp\/v2\/users\/1"}],"replies":[{"embeddable":true,"href":"https:\/\/oexpressobr.com.br\/index.php?rest_route=%2Fwp%2Fv2%2Fcomments&post=3952"}],"version-history":[{"count":1,"href":"https:\/\/oexpressobr.com.br\/index.php?rest_route=\/wp\/v2\/posts\/3952\/revisions"}],"predecessor-version":[{"id":3954,"href":"https:\/\/oexpressobr.com.br\/index.php?rest_route=\/wp\/v2\/posts\/3952\/revisions\/3954"}],"wp:featuredmedia":[{"embeddable":true,"href":"https:\/\/oexpressobr.com.br\/index.php?rest_route=\/wp\/v2\/media\/3953"}],"wp:attachment":[{"href":"https:\/\/oexpressobr.com.br\/index.php?rest_route=%2Fwp%2Fv2%2Fmedia&parent=3952"}],"wp:term":[{"taxonomy":"category","embeddable":true,"href":"https:\/\/oexpressobr.com.br\/index.php?rest_route=%2Fwp%2Fv2%2Fcategories&post=3952"},{"taxonomy":"post_tag","embeddable":true,"href":"https:\/\/oexpressobr.com.br\/index.php?rest_route=%2Fwp%2Fv2%2Ftags&post=3952"}],"curies":[{"name":"wp","href":"https:\/\/api.w.org\/{rel}","templated":true}]}}