{"id":3958,"date":"2026-02-16T06:09:46","date_gmt":"2026-02-16T09:09:46","guid":{"rendered":"https:\/\/oexpressobr.com.br\/?p=3958"},"modified":"2026-02-16T06:09:50","modified_gmt":"2026-02-16T09:09:50","slug":"primeira-dama-de-sp-indica-demissoes-e-gera-desconforto-entre-aliados-de-tarcisio-de-freitas","status":"publish","type":"post","link":"https:\/\/oexpressobr.com.br\/?p=3958","title":{"rendered":"PRIMEIRA-DAMA DE SP indica demiss\u00f5es e gera desconforto entre aliados de Tarc\u00edsio de Freitas"},"content":{"rendered":"\n<p class=\"wp-block-paragraph\"><strong>S\u00c3O PAULO<\/strong> \u2013 A influ\u00eancia pol\u00edtica da primeira-dama do estado de S\u00e3o Paulo, <strong>Cristiane Freitas<\/strong>, tornou-se o novo ponto de tens\u00e3o nos bastidores do Pal\u00e1cio dos Bandeirantes. Relatos recentes de auxiliares e parlamentares da base governista indicam que a esposa do governador <strong>Tarc\u00edsio de Freitas (Republicanos)<\/strong> tem extrapolado as fun\u00e7\u00f5es cerimoniais e sociais, atuando diretamente em nomea\u00e7\u00f5es, vetos e, principalmente, na indica\u00e7\u00e3o de demiss\u00f5es em setores estrat\u00e9gicos, como a <strong>Casa Civil<\/strong>.<\/p>\n\n\n\n<p class=\"wp-block-paragraph\">\u200bA movimenta\u00e7\u00e3o gerou ru\u00eddos entre aliados pol\u00edticos que veem na postura de Cristiane uma interfer\u00eancia indevida na gest\u00e3o t\u00e9cnica e pol\u00edtica do estado. Segundo fontes pr\u00f3ximas ao governo, as recentes mudan\u00e7as na estrutura da Casa Civil \u2014 pasta respons\u00e1vel pela articula\u00e7\u00e3o pol\u00edtica e administrativa \u2014 teriam sido motivadas por pedidos diretos da primeira-dama.<\/p>\n\n\n\n<h3 class=\"wp-block-heading\">\u200bOs pontos de tens\u00e3o no Pal\u00e1cio dos Bandeirantes<\/h3>\n\n\n\n<p class=\"wp-block-paragraph\">\u200bA crise silenciosa ganhou corpo ap\u00f3s a divulga\u00e7\u00e3o de que Cristiane Freitas estaria participando ativamente de discuss\u00f5es que v\u00e3o al\u00e9m do <strong>Fundo Social de S\u00e3o Paulo (FUSSP)<\/strong>, \u00f3rg\u00e3o que ela preside oficialmente.<\/p>\n\n\n\n<ul class=\"wp-block-list\">\n<li>\u200b<strong>Influ\u00eancia na Casa Civil:<\/strong> Mudan\u00e7as em cargos de confian\u00e7a teriam sido atribu\u00eddas \u00e0 sua insatisfa\u00e7\u00e3o com determinados perfis t\u00e9cnicos.<\/li>\n\n\n\n<li>\u200b<strong>Articula\u00e7\u00e3o para 2026:<\/strong> Internamente, a primeira-dama \u00e9 vista como uma das maiores entusiastas de uma eventual candidatura de Tarc\u00edsio \u00e0 <strong>Presid\u00eancia da Rep\u00fablica<\/strong> em 2026, chegando a cham\u00e1-lo publicamente de &#8220;novo CEO&#8221; para o Brasil em redes sociais.<\/li>\n\n\n\n<li>\u200b<strong>Vetos e Nomea\u00e7\u00f5es:<\/strong> Aliados de partidos da base, como o PL e o pr\u00f3prio Republicanos, queixam-se de que indica\u00e7\u00f5es pol\u00edticas estariam sendo barradas por crit\u00e9rios pessoais da primeira-dama.<\/li>\n<\/ul>\n\n\n\n<h3 class=\"wp-block-heading\">\u200bO outro lado: Governo nega interfer\u00eancia<\/h3>\n\n\n\n<p class=\"wp-block-paragraph\">\u200bEm nota oficial e declara\u00e7\u00f5es de secret\u00e1rios, o <strong>Governo do Estado de S\u00e3o Paulo<\/strong> refutou veementemente as informa\u00e7\u00f5es. De acordo com o Pal\u00e1cio, Cristiane Freitas limita sua atua\u00e7\u00e3o \u00e0s fun\u00e7\u00f5es institucionais no Fundo Social e ao apoio em agendas sociais.<\/p>\n\n\n\n<blockquote class=\"wp-block-quote is-layout-flow wp-block-quote-is-layout-flow\">\n<p class=\"wp-block-paragraph\">\u200b&#8221;As decis\u00f5es administrativas e pol\u00edticas do Governo de S\u00e3o Paulo s\u00e3o tomadas exclusivamente pelo governador e seu secretariado, com base em crit\u00e9rios t\u00e9cnicos e de governan\u00e7a. Relatos sobre interfer\u00eancia da primeira-dama em temas que extrapolam suas fun\u00e7\u00f5es s\u00e3o especulativos e n\u00e3o condizem com a realidade&#8221;, afirma o comunicado da gest\u00e3o Tarc\u00edsio.<\/p>\n<\/blockquote>\n\n\n\n<h3 class=\"wp-block-heading\">\u200bPerfil e atua\u00e7\u00e3o p\u00fablica<\/h3>\n\n\n\n<p class=\"wp-block-paragraph\">\u200bFormada em gest\u00e3o p\u00fablica, Cristiane Freitas tem buscado imprimir uma marca de efici\u00eancia no Fundo Social, focando em qualifica\u00e7\u00e3o profissional e combate \u00e0 pobreza. Recentemente, recebeu o t\u00edtulo de <strong>Cidad\u00e3 Paulistana<\/strong> pela C\u00e2mara Municipal, em reconhecimento ao trabalho social. No entanto, \u00e9 sua onipresen\u00e7a nas agendas oficiais e sua voz ativa na &#8220;cozinha&#8221; do poder que agora pautam o debate pol\u00edtico paulista.<\/p>\n\n\n\n<p class=\"wp-block-paragraph\">\u200bA situa\u00e7\u00e3o coloca Tarc\u00edsio em uma posi\u00e7\u00e3o delicada: equilibrar a confian\u00e7a absoluta que deposita na esposa com a necessidade de manter a harmonia com os caciques pol\u00edticos que sustentam seu governo na Assembleia Legislativa de S\u00e3o Paulo (Alesp).<\/p>\n","protected":false},"excerpt":{"rendered":"<p>S\u00c3O PAULO \u2013 A influ\u00eancia pol\u00edtica da primeira-dama do estado de S\u00e3o Paulo, Cristiane Freitas, tornou-se o novo ponto de tens\u00e3o nos bastidores do Pal\u00e1cio [&#8230;]<\/p>\n","protected":false},"author":1,"featured_media":3959,"comment_status":"open","ping_status":"open","sticky":false,"template":"","format":"standard","meta":{"_crdt_document":"","_jetpack_memberships_contains_paid_content":false,"footnotes":"","jetpack_publicize_message":"","jetpack_publicize_feature_enabled":true,"jetpack_social_post_already_shared":true,"jetpack_social_options":{"image_generator_settings":{"template":"highway","default_image_id":0,"font":"","enabled":false},"version":2}},"categories":[3],"tags":[],"class_list":["post-3958","post","type-post","status-publish","format-standard","has-post-thumbnail","hentry","category-brasil"],"jetpack_publicize_connections":[],"jetpack_featured_media_url":"https:\/\/i0.wp.com\/oexpressobr.com.br\/wp-content\/uploads\/2026\/02\/1770942169698e6ed9c77f7_1770942169_3x2_xl.jpg?fit=1200%2C800&ssl=1","jetpack_likes_enabled":true,"jetpack_sharing_enabled":true,"_links":{"self":[{"href":"https:\/\/oexpressobr.com.br\/index.php?rest_route=\/wp\/v2\/posts\/3958","targetHints":{"allow":["GET"]}}],"collection":[{"href":"https:\/\/oexpressobr.com.br\/index.php?rest_route=\/wp\/v2\/posts"}],"about":[{"href":"https:\/\/oexpressobr.com.br\/index.php?rest_route=\/wp\/v2\/types\/post"}],"author":[{"embeddable":true,"href":"https:\/\/oexpressobr.com.br\/index.php?rest_route=\/wp\/v2\/users\/1"}],"replies":[{"embeddable":true,"href":"https:\/\/oexpressobr.com.br\/index.php?rest_route=%2Fwp%2Fv2%2Fcomments&post=3958"}],"version-history":[{"count":1,"href":"https:\/\/oexpressobr.com.br\/index.php?rest_route=\/wp\/v2\/posts\/3958\/revisions"}],"predecessor-version":[{"id":3960,"href":"https:\/\/oexpressobr.com.br\/index.php?rest_route=\/wp\/v2\/posts\/3958\/revisions\/3960"}],"wp:featuredmedia":[{"embeddable":true,"href":"https:\/\/oexpressobr.com.br\/index.php?rest_route=\/wp\/v2\/media\/3959"}],"wp:attachment":[{"href":"https:\/\/oexpressobr.com.br\/index.php?rest_route=%2Fwp%2Fv2%2Fmedia&parent=3958"}],"wp:term":[{"taxonomy":"category","embeddable":true,"href":"https:\/\/oexpressobr.com.br\/index.php?rest_route=%2Fwp%2Fv2%2Fcategories&post=3958"},{"taxonomy":"post_tag","embeddable":true,"href":"https:\/\/oexpressobr.com.br\/index.php?rest_route=%2Fwp%2Fv2%2Ftags&post=3958"}],"curies":[{"name":"wp","href":"https:\/\/api.w.org\/{rel}","templated":true}]}}