{"id":396,"date":"2025-12-08T06:46:58","date_gmt":"2025-12-08T09:46:58","guid":{"rendered":"https:\/\/oexpressobr.com.br\/?p=396"},"modified":"2025-12-08T06:46:59","modified_gmt":"2025-12-08T09:46:59","slug":"romeu-zema-e-eleitor-mineiro-o-desejo-por-mudanca-apos-dois-mandatos-mas-com-ressalvas","status":"publish","type":"post","link":"https:\/\/oexpressobr.com.br\/?p=396","title":{"rendered":"Romeu Zema e eleitor mineiro: o desejo por mudan\u00e7a ap\u00f3s dois mandatos, mas com ressalvas"},"content":{"rendered":"\n<p class=\"wp-block-paragraph\">O cen\u00e1rio pol\u00edtico de <strong>Minas Gerais<\/strong> para as <strong>elei\u00e7\u00f5es de 2026<\/strong> come\u00e7a a ser desenhado, e as <strong>pesquisas qualitativas<\/strong> apontam um sentimento ambivalente no eleitorado. Ap\u00f3s dois mandatos consecutivos do governador <strong>Romeu Zema<\/strong> (Novo), o desejo por <strong>&#8220;mudan\u00e7a&#8221;<\/strong> se manifesta, mas \u00e9 acompanhado de ressalvas e da busca por um perfil de candidato que consiga dialogar com diferentes realidades do estado, especialmente o <strong>interior<\/strong>.<\/p>\n\n\n\n<h2 class=\"wp-block-heading\">\u200bO Equil\u00edbrio da Aprova\u00e7\u00e3o e a Busca por Novos Nomes<\/h2>\n\n\n\n<p class=\"wp-block-paragraph\">\u200bApesar de ter sido reeleito em primeiro turno em 2022, a gest\u00e3o de Zema, que se encerra em 2026, apresenta um <strong>saldo positivo na aprova\u00e7\u00e3o<\/strong> (chegando a 63,6% em um levantamento de outubro de 2025, de acordo com o Paran\u00e1 Pesquisas), mas com uma parcela significativa que a avalia como apenas &#8220;regular&#8221;. Essa ambival\u00eancia abre espa\u00e7o para a discuss\u00e3o sobre a sucess\u00e3o e o futuro do seu grupo pol\u00edtico.<\/p>\n\n\n\n<p class=\"wp-block-paragraph\">\u200bAnalistas de campanhas mineiras destacam que Zema foi bem-sucedido ao se comunicar com o <strong>interior<\/strong> do estado, que representa cerca de <strong>70% do eleitorado<\/strong>. No entanto, a pr\u00f3xima disputa pode ter um fator de surpresa com um candidato que consiga manter uma narrativa diferenciada e que se comunique efetivamente com essa base.<\/p>\n\n\n\n<p class=\"wp-block-paragraph\">\u200bNo quesito <strong>espont\u00e2neo<\/strong> (sem apresenta\u00e7\u00e3o de nomes), a corrida ao governo apresenta-se bastante <strong>pulverizada<\/strong>, com mais de 70% dos entrevistados ainda sem um nome claro, segundo o Real Time Big Data. Contudo, os nomes mais citados \u2013 Zema (5%), Nikolas Ferreira (2%), Cleitinho (2%) e Kalil (1%) \u2013 demonstram que a polariza\u00e7\u00e3o e a direita seguem com forte apelo.<\/p>\n\n\n\n<h2 class=\"wp-block-heading\">\u200bO Fator Zema e o Xadrez de 2026<\/h2>\n\n\n\n<p class=\"wp-block-paragraph\">\u200bCom a impossibilidade de concorrer a um terceiro mandato consecutivo como governador, Romeu Zema \u00e9 cotado para disputas maiores. O governador tem sido alvo de especula\u00e7\u00f5es para uma <strong>candidatura \u00e0 Presid\u00eancia da Rep\u00fablica<\/strong> ou para uma vaga no <strong>Senado Federal<\/strong>.<\/p>\n\n\n\n<ul class=\"wp-block-list\">\n<li>\u200b<strong>Presid\u00eancia:<\/strong> Zema tem sido apontado em cen\u00e1rios de pesquisa nacional, e havia informa\u00e7\u00f5es em meados de 2025 sobre um poss\u00edvel lan\u00e7amento de sua pr\u00e9-candidatura em agosto, buscando ocupar um espa\u00e7o na <strong>terceira via<\/strong> fora da polariza\u00e7\u00e3o Lula-Bolsonaro.<\/li>\n\n\n\n<li>\u200b<strong>Senado:<\/strong> O governador tamb\u00e9m aparece com alta pontua\u00e7\u00e3o em cen\u00e1rios para o Senado por Minas Gerais, chegando a liderar algumas pesquisas (20% em um cen\u00e1rio de outubro de 2025, segundo o Real Time Big Data).<\/li>\n<\/ul>\n\n\n\n<p class=\"wp-block-paragraph\">\u200bAinda em 2025, o vice-governador <strong>Mateus Sim\u00f5es<\/strong> deixou o Novo e se filiou ao <strong>PSD<\/strong> \u2013 uma alian\u00e7a que Zema descreveu como um <strong>&#8220;casamento&#8221;<\/strong> que &#8220;tem tudo para dar certo&#8221;.&nbsp; Esse movimento fortalece o grupo governista e sinaliza Sim\u00f5es como um poss\u00edvel herdeiro e sucessor na disputa pelo Pal\u00e1cio Tiradentes, dependendo da capacidade de <strong>transfer\u00eancia de prest\u00edgio<\/strong> do atual governador.<\/p>\n\n\n\n<h2 class=\"wp-block-heading\">\u200bOutros Nomes em Destaque e a Rejei\u00e7\u00e3o<\/h2>\n\n\n\n<p class=\"wp-block-paragraph\">\u200bA direita mineira se movimenta intensamente. O deputado federal <strong>Nikolas Ferreira<\/strong> (PL), que aparece bem nas men\u00e7\u00f5es espont\u00e2neas, est\u00e1 em um movimento de aproxima\u00e7\u00e3o com o vice-governador, indicando uma costura pol\u00edtica para as elei\u00e7\u00f5es estaduais.<\/p>\n\n\n\n<p class=\"wp-block-paragraph\">\u200bNo campo de oposi\u00e7\u00e3o, destacam-se:<\/p>\n\n\n\n<ul class=\"wp-block-list\">\n<li>\u200b<strong>Alexandre Kalil (ex-prefeito de Belo Horizonte):<\/strong> O pol\u00edtico tem um <strong>teto de vota\u00e7\u00e3o<\/strong> consider\u00e1vel (33%), mas carrega tamb\u00e9m um alto \u00edndice de <strong>rejei\u00e7\u00e3o<\/strong> (28%), o que pode ser um obst\u00e1culo em uma disputa acirrada.<\/li>\n\n\n\n<li>\u200b<strong>Senador Cleitinho (Republicanos):<\/strong> Liderou um cen\u00e1rio de inten\u00e7\u00e3o de voto no final de 2025 com 5,1%, segundo o Paran\u00e1 Pesquisas, logo \u00e0 frente de Zema, indicando que a direita n\u00e3o-alinhada ao governador tamb\u00e9m tem for\u00e7a.<\/li>\n\n\n\n<li>\u200b<strong>Senador Rodrigo Pacheco (PSD):<\/strong> Sua perman\u00eancia e futuro dentro do PSD tornam o cen\u00e1rio ainda mais incerto, especialmente ap\u00f3s a filia\u00e7\u00e3o de Mateus Sim\u00f5es, havendo especula\u00e7\u00f5es sobre os pr\u00f3ximos passos tanto de Pacheco quanto do Ministro Alexandre Silveira no partido.<\/li>\n<\/ul>\n\n\n\n<p class=\"wp-block-paragraph\">\u200bA elei\u00e7\u00e3o de 2026 em Minas Gerais se configura, portanto, como uma disputa de <strong>alto risco e imprevisibilidade<\/strong>. O eleitor, embora demonstre um desejo por renova\u00e7\u00e3o ap\u00f3s oito anos, est\u00e1 avaliando cuidadosamente a capacidade dos novos nomes de se comunicarem com a diversidade do estado, enquanto observa as articula\u00e7\u00f5es pol\u00edticas de Zema e de seu grupo para manter a hegemonia no Pal\u00e1cio Tiradentes.<\/p>\n","protected":false},"excerpt":{"rendered":"<p>O cen\u00e1rio pol\u00edtico de Minas Gerais para as elei\u00e7\u00f5es de 2026 come\u00e7a a ser desenhado, e as pesquisas qualitativas apontam um sentimento ambivalente no eleitorado. [&#8230;]<\/p>\n","protected":false},"author":1,"featured_media":397,"comment_status":"open","ping_status":"open","sticky":false,"template":"","format":"standard","meta":{"_crdt_document":"","_jetpack_memberships_contains_paid_content":false,"footnotes":"","jetpack_publicize_message":"","jetpack_publicize_feature_enabled":true,"jetpack_social_post_already_shared":false,"jetpack_social_options":{"image_generator_settings":{"template":"highway","default_image_id":0,"font":"","enabled":false},"version":2}},"categories":[7],"tags":[],"class_list":["post-396","post","type-post","status-publish","format-standard","has-post-thumbnail","hentry","category-politica"],"jetpack_publicize_connections":[],"jetpack_featured_media_url":"https:\/\/i0.wp.com\/oexpressobr.com.br\/wp-content\/uploads\/2025\/12\/1-ROMEU-ZEMA-2024-12-a.jpg.jpg?fit=414%2C280&ssl=1","jetpack_likes_enabled":true,"jetpack_sharing_enabled":true,"_links":{"self":[{"href":"https:\/\/oexpressobr.com.br\/index.php?rest_route=\/wp\/v2\/posts\/396","targetHints":{"allow":["GET"]}}],"collection":[{"href":"https:\/\/oexpressobr.com.br\/index.php?rest_route=\/wp\/v2\/posts"}],"about":[{"href":"https:\/\/oexpressobr.com.br\/index.php?rest_route=\/wp\/v2\/types\/post"}],"author":[{"embeddable":true,"href":"https:\/\/oexpressobr.com.br\/index.php?rest_route=\/wp\/v2\/users\/1"}],"replies":[{"embeddable":true,"href":"https:\/\/oexpressobr.com.br\/index.php?rest_route=%2Fwp%2Fv2%2Fcomments&post=396"}],"version-history":[{"count":0,"href":"https:\/\/oexpressobr.com.br\/index.php?rest_route=\/wp\/v2\/posts\/396\/revisions"}],"wp:featuredmedia":[{"embeddable":true,"href":"https:\/\/oexpressobr.com.br\/index.php?rest_route=\/wp\/v2\/media\/397"}],"wp:attachment":[{"href":"https:\/\/oexpressobr.com.br\/index.php?rest_route=%2Fwp%2Fv2%2Fmedia&parent=396"}],"wp:term":[{"taxonomy":"category","embeddable":true,"href":"https:\/\/oexpressobr.com.br\/index.php?rest_route=%2Fwp%2Fv2%2Fcategories&post=396"},{"taxonomy":"post_tag","embeddable":true,"href":"https:\/\/oexpressobr.com.br\/index.php?rest_route=%2Fwp%2Fv2%2Ftags&post=396"}],"curies":[{"name":"wp","href":"https:\/\/api.w.org\/{rel}","templated":true}]}}