{"id":3961,"date":"2026-02-16T06:15:11","date_gmt":"2026-02-16T09:15:11","guid":{"rendered":"https:\/\/oexpressobr.com.br\/?p=3961"},"modified":"2026-02-16T06:15:12","modified_gmt":"2026-02-16T09:15:12","slug":"obama-critica-falta-de-decoro-de-trump-e-compara-repressao-no-minnesota-a-ditaduras","status":"publish","type":"post","link":"https:\/\/oexpressobr.com.br\/?p=3961","title":{"rendered":"OBAMA critica falta de decoro de Trump e compara repress\u00e3o no Minnesota a ditaduras"},"content":{"rendered":"\n<p class=\"wp-block-paragraph\"><strong>WASHINGTON<\/strong> \u2013 Em uma rara e contundente manifesta\u00e7\u00e3o p\u00fablica, o ex-presidente <strong>Barack Obama<\/strong> quebrou o sil\u00eancio neste s\u00e1bado (14 de fevereiro de 2026) sobre as recentes pol\u00eamicas envolvendo o atual presidente <strong>Donald Trump<\/strong>. Durante entrevista ao podcast de Brian Tyler Cohen, Obama lamentou a &#8220;perda de vergonha&#8221; na pol\u00edtica norte-americana e condenou duramente as t\u00e1ticas de imigra\u00e7\u00e3o aplicadas pelo governo federal no estado do Minnesota.<\/p>\n\n\n\n<h3 class=\"wp-block-heading\">\u200bO V\u00eddeo da disc\u00f3rdia: racismo e &#8220;espet\u00e1culo circense&#8221;<\/h3>\n\n\n\n<p class=\"wp-block-paragraph\">\u200bA declara\u00e7\u00e3o de Obama ocorre dez dias ap\u00f3s Trump compartilhar em sua rede social, <em>Truth Social<\/em>, um v\u00eddeo de cerca de um minuto com teorias conspirat\u00f3rias sobre as elei\u00e7\u00f5es de 2020. No trecho final da grava\u00e7\u00e3o, uma montagem exibia <strong>Barack e Michelle Obama<\/strong> com os rostos sobrepostos a corpos de macacos em uma selva.<\/p>\n\n\n\n<p class=\"wp-block-paragraph\">\u200bEmbora a Casa Branca tenha inicialmente minimizado o epis\u00f3dio como &#8220;indigna\u00e7\u00e3o falsa&#8221; e, posteriormente, removido o conte\u00fado atribuindo-o a um erro de assessoria, Obama n\u00e3o poupou cr\u00edticas ao tom do debate atual:<\/p>\n\n\n\n<blockquote class=\"wp-block-quote is-layout-flow wp-block-quote-is-layout-flow\">\n<p class=\"wp-block-paragraph\">\u200b&#8221;Existe esse tipo de espet\u00e1culo circense acontecendo nas redes sociais e na televis\u00e3o. O que \u00e9 real \u00e9 que n\u00e3o parece haver mais nenhuma vergonha entre pessoas que antes sentiam que era necess\u00e1rio ter algum decoro, propriedade e respeito pelo cargo. Isso foi perdido&#8221;, afirmou o ex-presidente.<\/p>\n<\/blockquote>\n\n\n\n<p class=\"wp-block-paragraph\">\u200bTrump, por sua vez, declarou a jornalistas que n\u00e3o havia assistido ao v\u00eddeo completo antes de post\u00e1-lo e recusou-se a pedir desculpas, alegando que &#8220;algu\u00e9m da equipe deixou passar um detalhe pequeno&#8221;.<\/p>\n\n\n\n<h3 class=\"wp-block-heading\">\u200bCrise no Minnesota e compara\u00e7\u00e3o com ditaduras<\/h3>\n\n\n\n<p class=\"wp-block-paragraph\">\u200bAl\u00e9m do ataque pessoal, Obama elevou o tom contra a <strong>&#8220;Opera\u00e7\u00e3o Metro Surge&#8221;<\/strong>, uma ofensiva do ICE (servi\u00e7o de imigra\u00e7\u00e3o) que mobilizou mais de 2.000 agentes em Minneapolis e St. Paul. A opera\u00e7\u00e3o resultou em protestos violentos e na morte de dois cidad\u00e3os americanos, Renee Good e Alex Pretti, atingidos por agentes federais.<\/p>\n\n\n\n<p class=\"wp-block-paragraph\">\u200bObama descreveu as a\u00e7\u00f5es do governo como t\u00edpicas de regimes autorit\u00e1rios:<\/p>\n\n\n\n<ul class=\"wp-block-list\">\n<li>\u200b<strong>T\u00e1ticas de intimida\u00e7\u00e3o:<\/strong> O ex-presidente citou relatos de agentes que usaram crian\u00e7as de cinco anos como &#8220;iscas&#8221; para atrair pais imigrantes.<\/li>\n\n\n\n<li>\u200b<strong>Abuso de autoridade:<\/strong> Ele classificou o comportamento dos agentes federais como &#8220;perigoso e fora de controle&#8221;, comparando a repress\u00e3o direta a cidad\u00e3os e o uso de g\u00e1s lacrimog\u00eaneo contra manifestantes pac\u00edficos ao que se v\u00ea em <strong>ditaduras<\/strong>.<\/li>\n\n\n\n<li>\u200b<strong>Resposta popular:<\/strong> Obama elogiou a resist\u00eancia civil em Minneapolis, onde comunidades se organizaram para proteger vizinhos e acompanhar crian\u00e7as \u00e0s escolas.<\/li>\n<\/ul>\n\n\n\n<h3 class=\"wp-block-heading\">\u200bContexto pol\u00edtico<\/h3>\n\n\n\n<p class=\"wp-block-paragraph\">\u200bA fala de Obama chega em um momento de extrema tens\u00e3o, com o governo Trump enfrentando uma queda de popularidade nas pesquisas devido \u00e0 agressividade de suas pol\u00edticas migrat\u00f3rias. O &#8220;czar da fronteira&#8221;, Tom Homan, anunciou recentemente o encerramento da opera\u00e7\u00e3o no Minnesota ap\u00f3s a repercuss\u00e3o negativa das mortes, mas o clima de polariza\u00e7\u00e3o promete ser o eixo central das pr\u00f3ximas elei\u00e7\u00f5es de meio de mandato.<\/p>\n","protected":false},"excerpt":{"rendered":"<p>WASHINGTON \u2013 Em uma rara e contundente manifesta\u00e7\u00e3o p\u00fablica, o ex-presidente Barack Obama quebrou o sil\u00eancio neste s\u00e1bado (14 de fevereiro de 2026) sobre as [&#8230;]<\/p>\n","protected":false},"author":1,"featured_media":3962,"comment_status":"open","ping_status":"open","sticky":false,"template":"","format":"standard","meta":{"_crdt_document":"","_jetpack_memberships_contains_paid_content":false,"footnotes":"","jetpack_publicize_message":"","jetpack_publicize_feature_enabled":true,"jetpack_social_post_already_shared":true,"jetpack_social_options":{"image_generator_settings":{"template":"highway","default_image_id":0,"font":"","enabled":false},"version":2}},"categories":[15],"tags":[],"class_list":["post-3961","post","type-post","status-publish","format-standard","has-post-thumbnail","hentry","category-internacional"],"jetpack_publicize_connections":[],"jetpack_featured_media_url":"https:\/\/i0.wp.com\/oexpressobr.com.br\/wp-content\/uploads\/2026\/02\/17711576146991b86ecd49e_1771157614_3x2_xl.jpg?fit=1200%2C800&ssl=1","jetpack_likes_enabled":true,"jetpack_sharing_enabled":true,"_links":{"self":[{"href":"https:\/\/oexpressobr.com.br\/index.php?rest_route=\/wp\/v2\/posts\/3961","targetHints":{"allow":["GET"]}}],"collection":[{"href":"https:\/\/oexpressobr.com.br\/index.php?rest_route=\/wp\/v2\/posts"}],"about":[{"href":"https:\/\/oexpressobr.com.br\/index.php?rest_route=\/wp\/v2\/types\/post"}],"author":[{"embeddable":true,"href":"https:\/\/oexpressobr.com.br\/index.php?rest_route=\/wp\/v2\/users\/1"}],"replies":[{"embeddable":true,"href":"https:\/\/oexpressobr.com.br\/index.php?rest_route=%2Fwp%2Fv2%2Fcomments&post=3961"}],"version-history":[{"count":1,"href":"https:\/\/oexpressobr.com.br\/index.php?rest_route=\/wp\/v2\/posts\/3961\/revisions"}],"predecessor-version":[{"id":3963,"href":"https:\/\/oexpressobr.com.br\/index.php?rest_route=\/wp\/v2\/posts\/3961\/revisions\/3963"}],"wp:featuredmedia":[{"embeddable":true,"href":"https:\/\/oexpressobr.com.br\/index.php?rest_route=\/wp\/v2\/media\/3962"}],"wp:attachment":[{"href":"https:\/\/oexpressobr.com.br\/index.php?rest_route=%2Fwp%2Fv2%2Fmedia&parent=3961"}],"wp:term":[{"taxonomy":"category","embeddable":true,"href":"https:\/\/oexpressobr.com.br\/index.php?rest_route=%2Fwp%2Fv2%2Fcategories&post=3961"},{"taxonomy":"post_tag","embeddable":true,"href":"https:\/\/oexpressobr.com.br\/index.php?rest_route=%2Fwp%2Fv2%2Ftags&post=3961"}],"curies":[{"name":"wp","href":"https:\/\/api.w.org\/{rel}","templated":true}]}}